{"id":148711,"date":"2019-05-19T23:27:45","date_gmt":"2019-05-20T01:27:45","guid":{"rendered":"http:\/\/aconteceunovale.com.br\/portal\/?p=148711"},"modified":"2019-05-19T23:27:45","modified_gmt":"2019-05-20T01:27:45","slug":"semana-do-mei-tera-servico-gratuito-de-formalizacao","status":"publish","type":"post","link":"https:\/\/aconteceunovale.com.br\/portal\/?p=148711","title":{"rendered":"Semana do MEI ter\u00e1 servi\u00e7o gratuito de formaliza\u00e7\u00e3o"},"content":{"rendered":"<p>Empreendedores mineiros poder\u00e3o se formalizar gratuitamente no mutir\u00e3o realizado pelo Sebrae Minas, de 20 a 24 de maio, durante a Semana do Microempreendedor Individual (MEI).<br \/>\n<center><br \/>\n<!-- Erro, o An\u00fancio n\u00e3o est\u00e1 dispon\u00edvel neste momento devido \u00e0s restri\u00e7\u00f5es de agendamento\/geolocaliza\u00e7\u00e3o! --><br \/>\n<\/br><br \/>\n<\/center><br \/>\nPodem ser MEI, trabalhadores que faturam at\u00e9 R$ 81 mil por ano, n\u00e3o t\u00eam participa\u00e7\u00e3o em outra empresa como s\u00f3cio ou titular, t\u00eam at\u00e9 um empregado contratado e desempenham alguma das 490 ocupa\u00e7\u00f5es permitidas.<\/p>\n<p>Os empreendedores devem estar atentos para as novas regras exigidas para formaliza\u00e7\u00e3o. Antes de ir aos pontos de atendimento do Sebrae Minas, o interessadodever\u00e1 fazer um cadastro obrigat\u00f3rio no site<a title=\"Este link externo ir\u00e1 abrir em nova janela\" href=\"https:\/\/portal.brasilcidadao.gov.br\/servicos-cidadao\/acesso\/#\/primeiro-acesso\" target=\"_blank\">\u00a0<span style=\"color: #ff6600;\">Brasil Cidad\u00e3o<\/span><\/a>. O portal do Governo Federal, que entrou no ar em abril deste ano, gera um cadastro \u00fanico para acesso a servi\u00e7os p\u00fablicos digitais sem que o cidad\u00e3o precise se deslocar, permanecer em filas, imprimir ou autenticar documentos. \u201cPara o empreendedor, trata-se de uma nova exig\u00eancia para formaliza\u00e7\u00e3o como MEI\u201d, afirma a analista do Sebrae Minas Laurana Viana.<\/p>\n<p>Al\u00e9m disso, o empreendedor\u00a0dever\u00e1 ir, antecipadamente, \u00e0 prefeitura da sua cidade para fazer a consulta pr\u00e9via do estabelecimento. Em alguns munic\u00edpios, essa consulta pode ser feita pela internet. \u201cO documento\u00a0confirma se o endere\u00e7o ou local desejado para estabelecer o neg\u00f3cio \u00e9 permitido para a execu\u00e7\u00e3o das atividades comerciais do MEI\u201d, explica a analista do Sebrae Minas.<\/p>\n<p>Para formalizar, tamb\u00e9m \u00e9 necess\u00e1rio, a apresenta\u00e7\u00e3o dos documentos pessoais como carteira de identidade, CPF, comprovante de endere\u00e7o da empresa ou da resid\u00eancia e o n\u00famero do recibo da Declara\u00e7\u00e3o de Imposto de Renda. Caso o empreendedor n\u00e3o tenha feito este tipo de declara\u00e7\u00e3o ser\u00e1 preciso apresentar o t\u00edtulo de eleitor, no momento da formaliza\u00e7\u00e3o. \u201cCom toda a documenta\u00e7\u00e3o em m\u00e3os, o atendente do Sebrae Minas poder\u00e1 concluir o cadastro do MEI no\u00a0<span style=\"color: #ff6600;\"><a title=\"Este link externo ir\u00e1 abrir em nova janela\" href=\"http:\/\/www.portaldoempreendedor.gov.br\/temas\/ja-sou\/servicos\/declaracao-anual-mei-dasn\/o-que-e-a-dasn-simei\" target=\"_blank\"><span style=\"color: #ff6600;\">Portal do Empreendedor<\/span><\/a><\/span>\u201d, diz Laurana.<\/p>\n<p>Quem optar por ser MEI, passa a ter o Cadastro Nacional de Pessoa Jur\u00eddica (CNPJ) e acesso aos benef\u00edcios do INSS como sal\u00e1rio-maternidade, aux\u00edlio-doen\u00e7a e aposentadoria, por exemplo. Tamb\u00e9m pode contratar um funcion\u00e1rio que receba at\u00e9 um sal\u00e1rio m\u00ednimo ou o piso da categoria.<\/p>\n<p><strong>Capacita\u00e7\u00e3o<\/strong><\/p>\n<p>Al\u00e9m de ter a possibilidade de formaliza-se na hora, durante a Semana do MEI o empreendedor poder\u00e1 ainda participar das mais de 800 atividades presenciais e online gratuitas oferecidas pelo Sebrae Minas de 20 a 24 de maio.<\/p>\n<p>Na programa\u00e7\u00e3o do evento est\u00e3o\u00a0palestras, cursos, oficinas e workshops sobre finan\u00e7as, gest\u00e3o, planejamento, marketing, vendas e legisla\u00e7\u00e3o.\u00a0<strong>Confira a programa\u00e7\u00e3o completa no site\u00a0<\/strong><a href=\"http:\/\/www.sebrae.com.br\/sites\/PortalSebrae\/ufs\/mg\/sebraeaz\/semana-do-mei-mg,977461f08e039610VgnVCM1000004c00210aRCRD\" target=\"_blank\"><span style=\"color: #ff6600;\"><strong>www.sebrae.com.br\/minasgerais<\/strong><\/span><\/a><strong>.<\/strong><strong><\/strong><\/p>\n<p><strong>Semana do MEI<\/strong><\/p>\n<p>De 20 a 24 de maio \u2013 segunda a sexta<\/p>\n<p>Programa\u00e7\u00e3o online e presencial gratuita<\/p>\n<p><strong>Inscri\u00e7\u00f5es:\u00a0<\/strong><span style=\"color: #ff6600;\"><a title=\"Este link externo ir\u00e1 abrir em nova janela\" href=\"http:\/\/www.sebrae.com.br\/sites\/PortalSebrae\/ufs\/mg\/sebraeaz\/semana-do-mei-mg,977461f08e039610VgnVCM1000004c00210aRCRD\" target=\"_blank\"><span style=\"color: #ff6600;\"><strong>www.sebrae.com.br\/minasgerais<\/strong><\/span><\/a><\/span><\/p>\n<p><strong>VER PRIMEIRO<\/strong><\/p>\n<p>Receba as not\u00edcias do Aconteceu no Vale em primeira m\u00e3o. Clique em curtir no endere\u00e7o <a href=\"https:\/\/www.facebook.com\/aconteceunovale\" target=\"_blank\"><font color=\"red\">www.facebook.com\/aconteceunovale<\/font><\/a> ou no box abaixo:<\/p>\n<div class=\"fb-like\" data-href=\"https:\/\/www.facebook.com\/aconteceunovale\" data-width=\"120\" data-layout=\"standard\" data-action=\"like\" data-size=\"small\" data-show-faces=\"true\" data-share=\"true\"><\/div>\n<p><!-- Erro, o An\u00fancio n\u00e3o est\u00e1 dispon\u00edvel neste momento devido \u00e0s restri\u00e7\u00f5es de agendamento\/geolocaliza\u00e7\u00e3o! --><br \/>\n<\/br><\/p>\n","protected":false},"excerpt":{"rendered":"<p>Empreendedores mineiros poder\u00e3o se formalizar gratuitamente no mutir\u00e3o realizado pelo Sebrae Minas, de 20 a 24 de maio, durante a Semana do Microempreendedor Individual (MEI). Podem ser MEI, trabalhadores que faturam at\u00e9 R$ 81 mil por ano, n\u00e3o t\u00eam participa\u00e7\u00e3o em outra empresa como s\u00f3cio ou titular, t\u00eam at\u00e9 um empregado contratado e desempenham alguma [&hellip;]<\/p>\n","protected":false},"author":1,"featured_media":148502,"comment_status":"open","ping_status":"closed","sticky":false,"template":"","format":"standard","meta":{"amp_status":"","footnotes":""},"categories":[125,123],"tags":[201877,201869,201871,201872,201873,159927,202160,201870,202159,44759,202158,201867,201868,201874,201866,202219,201875,201876],"class_list":["post-148711","post","type-post","status-publish","format-standard","has-post-thumbnail","hentry","category-noticias","category-gerais","tag-afonso-maria-rocha","tag-atividades-semana-do-mei-em-minas-gerais","tag-como-participar-da-semana-do-mei","tag-inscrever-na-semana-do-mei","tag-inscricao-na-semana-do-mei","tag-microempreendedores-individuais","tag-programacao-da-semana-do-mei","tag-programacao-da-semana-do-mei-em-minas-gerais","tag-programacao-online-da-semana-do-mei","tag-sebrae-minas","tag-sebrae-minas-divulga-programacao-online-gratuita-da-semana-do-mei","tag-semana-do-mei","tag-semana-do-mei-em-minas-gerais","tag-semana-do-mei-sebrae-minas","tag-semana-do-mei-tera-mais-de-800-atividades-e-orientacoes-gratuitas-em-minas-gerais","tag-semana-do-mei-tera-servico-gratuito-de-formalizacao","tag-semana-dos-microempreendedores-individuais","tag-superintende-do-sebrae-minas"],"_links":{"self":[{"href":"https:\/\/aconteceunovale.com.br\/portal\/index.php?rest_route=\/wp\/v2\/posts\/148711","targetHints":{"allow":["GET"]}}],"collection":[{"href":"https:\/\/aconteceunovale.com.br\/portal\/index.php?rest_route=\/wp\/v2\/posts"}],"about":[{"href":"https:\/\/aconteceunovale.com.br\/portal\/index.php?rest_route=\/wp\/v2\/types\/post"}],"author":[{"embeddable":true,"href":"https:\/\/aconteceunovale.com.br\/portal\/index.php?rest_route=\/wp\/v2\/users\/1"}],"replies":[{"embeddable":true,"href":"https:\/\/aconteceunovale.com.br\/portal\/index.php?rest_route=%2Fwp%2Fv2%2Fcomments&post=148711"}],"version-history":[{"count":0,"href":"https:\/\/aconteceunovale.com.br\/portal\/index.php?rest_route=\/wp\/v2\/posts\/148711\/revisions"}],"wp:featuredmedia":[{"embeddable":true,"href":"https:\/\/aconteceunovale.com.br\/portal\/index.php?rest_route=\/wp\/v2\/media\/148502"}],"wp:attachment":[{"href":"https:\/\/aconteceunovale.com.br\/portal\/index.php?rest_route=%2Fwp%2Fv2%2Fmedia&parent=148711"}],"wp:term":[{"taxonomy":"category","embeddable":true,"href":"https:\/\/aconteceunovale.com.br\/portal\/index.php?rest_route=%2Fwp%2Fv2%2Fcategories&post=148711"},{"taxonomy":"post_tag","embeddable":true,"href":"https:\/\/aconteceunovale.com.br\/portal\/index.php?rest_route=%2Fwp%2Fv2%2Ftags&post=148711"}],"curies":[{"name":"wp","href":"https:\/\/api.w.org\/{rel}","templated":true}]}}