{"id":148670,"date":"2019-05-15T20:32:54","date_gmt":"2019-05-15T22:32:54","guid":{"rendered":"http:\/\/aconteceunovale.com.br\/portal\/?p=148670"},"modified":"2019-05-15T20:32:54","modified_gmt":"2019-05-15T22:32:54","slug":"acidente-com-carreta-carregada-de-sal-deixa-uma-pessoa-morta-na-br-116","status":"publish","type":"post","link":"https:\/\/aconteceunovale.com.br\/portal\/?p=148670","title":{"rendered":"Acidente com carreta carregada de sal deixa uma pessoa morta na BR-116"},"content":{"rendered":"<p>O capotamento de uma carreta com carga de sal deixou uma pessoa morta na BR-116, pr\u00f3ximo a Jampruca, na tarde de ter\u00e7a-feira (14\/05\/2019). Segundo informa\u00e7\u00f5es do Corpo de Bombeiros, o ve\u00edculo saiu da pista e capotou em uma ribanceira de aproximadamente sete metros de altura, onde parou com as rodas para cima.<br \/>\n<center><br \/>\n<!-- Erro, o An\u00fancio n\u00e3o est\u00e1 dispon\u00edvel neste momento devido \u00e0s restri\u00e7\u00f5es de agendamento\/geolocaliza\u00e7\u00e3o! --><br \/>\n<\/br><br \/>\n<\/center><br \/>\nCom o impacto do acidente, Durvalino Neto de Souza, de 41 anos, ficou gravemente ferido e veio a \u00f3bito no local. Uma equipe do Corpo de Bombeiros de Governador Valadares foi acionada e retirou a v\u00edtima das ferragens.<\/p>\n<p>A ocorr\u00eancia durou cerca de cinco horas, devido aos procedimentos de seguran\u00e7a, per\u00edcia e espera de apoio de guincho para desvirar a cabine da carreta e retirada do corpo.<\/p>\n<p>O corpo da v\u00edtima, que \u00e9 natural da cidade de Manoel Vitorino, na Bahia, foi encaminhado ao Instituto M\u00e9dico Legal (IML) de Te\u00f3filo Otoni. As causas do acidente ser\u00e3o apuradas pelas equipes das pol\u00edcias Civil e Rodovi\u00e1ria Federal.<\/p>\n<p><img decoding=\"async\" src=\"http:\/\/aconteceunovale.com.br\/portal\/wp-content\/uploads\/2019\/05\/acidente_carreta_sal_1.jpg\" alt=\"\" \/><em>Foto: Divulga\u00e7\u00e3o\/Corpo de Bombeiros<\/em><br \/>\n<\/br><\/p>\n<p><img decoding=\"async\" src=\"http:\/\/aconteceunovale.com.br\/portal\/wp-content\/uploads\/2019\/05\/acidente_carreta_sal_2.jpg\" alt=\"\" \/><em>Foto: Divulga\u00e7\u00e3o\/Corpo de Bombeiros<\/em><br \/>\n<\/br><\/p>\n<p><img decoding=\"async\" src=\"http:\/\/aconteceunovale.com.br\/portal\/wp-content\/uploads\/2019\/05\/acidente_carreta_sal_3.jpg\" alt=\"\" \/><em>Foto: Divulga\u00e7\u00e3o\/Corpo de Bombeiros<\/em><br \/>\n<\/br><\/p>\n<p><em>Leandro Silva | Aconteceu no Vale<br \/>\nPublicado em: 15\/05\/2019, \u00e0s 19h28<\/em><\/p>\n<p><strong>VER PRIMEIRO<\/strong><\/p>\n<p>Receba as not\u00edcias do Aconteceu no Vale em primeira m\u00e3o. Clique em curtir no endere\u00e7o <a href=\"https:\/\/www.facebook.com\/aconteceunovale\" target=\"_blank\"><font color=\"red\">www.facebook.com\/aconteceunovale<\/font><\/a> ou no box abaixo:<\/p>\n<div class=\"fb-like\" data-href=\"https:\/\/www.facebook.com\/aconteceunovale\" data-width=\"120\" data-layout=\"standard\" data-action=\"like\" data-size=\"small\" data-show-faces=\"true\" data-share=\"true\"><\/div>\n<p><!-- Erro, o An\u00fancio n\u00e3o est\u00e1 dispon\u00edvel neste momento devido \u00e0s restri\u00e7\u00f5es de agendamento\/geolocaliza\u00e7\u00e3o! --><br \/>\n<\/br><\/p>\n","protected":false},"excerpt":{"rendered":"<p>O capotamento de uma carreta com carga de sal deixou uma pessoa morta na BR-116, pr\u00f3ximo a Jampruca, na tarde de ter\u00e7a-feira (14\/05\/2019). Segundo informa\u00e7\u00f5es do Corpo de Bombeiros, o ve\u00edculo saiu da pista e capotou em uma ribanceira de aproximadamente sete metros de altura, onde parou com as rodas para cima. Com o impacto [&hellip;]<\/p>\n","protected":false},"author":1,"featured_media":148671,"comment_status":"open","ping_status":"closed","sticky":false,"template":"","format":"standard","meta":{"amp_status":"","footnotes":""},"categories":[121],"tags":[202136,202137,202138,202139,125940,202142,3945,182,1018,202140,236,202141],"class_list":["post-148670","post","type-post","status-publish","format-standard","has-post-thumbnail","hentry","category-leste","tag-acidente-com-carreta-carregada-de-sal-deixa-uma-pessoa-morta-na-br-116","tag-acidente-com-carreta-carregada-de-sal-deixa-uma-pessoa-morta-na-br-116-em-jampruca","tag-acidente-com-carreta-carregada-de-sal-deixa-uma-pessoa-morta-na-br-116-no-leste-de-minas","tag-acidente-com-carreta-de-sal-na-br-116","tag-acidente-com-carreta-na-br-116","tag-acidente-com-motorista-de-manoel-vitorino","tag-acidente-na-br-116","tag-br-116","tag-destaque","tag-durvalino-neto-de-souza","tag-jampruca","tag-manoel-vitorino"],"_links":{"self":[{"href":"https:\/\/aconteceunovale.com.br\/portal\/index.php?rest_route=\/wp\/v2\/posts\/148670","targetHints":{"allow":["GET"]}}],"collection":[{"href":"https:\/\/aconteceunovale.com.br\/portal\/index.php?rest_route=\/wp\/v2\/posts"}],"about":[{"href":"https:\/\/aconteceunovale.com.br\/portal\/index.php?rest_route=\/wp\/v2\/types\/post"}],"author":[{"embeddable":true,"href":"https:\/\/aconteceunovale.com.br\/portal\/index.php?rest_route=\/wp\/v2\/users\/1"}],"replies":[{"embeddable":true,"href":"https:\/\/aconteceunovale.com.br\/portal\/index.php?rest_route=%2Fwp%2Fv2%2Fcomments&post=148670"}],"version-history":[{"count":0,"href":"https:\/\/aconteceunovale.com.br\/portal\/index.php?rest_route=\/wp\/v2\/posts\/148670\/revisions"}],"wp:featuredmedia":[{"embeddable":true,"href":"https:\/\/aconteceunovale.com.br\/portal\/index.php?rest_route=\/wp\/v2\/media\/148671"}],"wp:attachment":[{"href":"https:\/\/aconteceunovale.com.br\/portal\/index.php?rest_route=%2Fwp%2Fv2%2Fmedia&parent=148670"}],"wp:term":[{"taxonomy":"category","embeddable":true,"href":"https:\/\/aconteceunovale.com.br\/portal\/index.php?rest_route=%2Fwp%2Fv2%2Fcategories&post=148670"},{"taxonomy":"post_tag","embeddable":true,"href":"https:\/\/aconteceunovale.com.br\/portal\/index.php?rest_route=%2Fwp%2Fv2%2Ftags&post=148670"}],"curies":[{"name":"wp","href":"https:\/\/api.w.org\/{rel}","templated":true}]}}