{"id":148661,"date":"2019-05-15T20:05:56","date_gmt":"2019-05-15T22:05:56","guid":{"rendered":"http:\/\/aconteceunovale.com.br\/portal\/?p=148661"},"modified":"2019-05-15T20:05:56","modified_gmt":"2019-05-15T22:05:56","slug":"adolescente-e-apreendido-com-arma-no-centro-de-governador-valadares","status":"publish","type":"post","link":"https:\/\/aconteceunovale.com.br\/portal\/?p=148661","title":{"rendered":"Adolescente \u00e9 apreendido com arma no Centro de Governador Valadares"},"content":{"rendered":"<p>Um adolescente de 16 anos foi apreendido com um rev\u00f3lver no Centro de Governador Valadares, no Vale do Rio Doce, na madrugada de quarta-feira (15\/05\/2019). Segundo informa\u00e7\u00f5es da PM, uma equipe patrulhava as imedia\u00e7\u00f5es do Shopping da cidade, momento que o passageiro de um motot\u00e1xi se mostrou bastante nervoso ao ver os policiais.<br \/>\n<center><br \/>\n<!-- Erro, o An\u00fancio n\u00e3o est\u00e1 dispon\u00edvel neste momento devido \u00e0s restri\u00e7\u00f5es de agendamento\/geolocaliza\u00e7\u00e3o! --><br \/>\n<\/br><br \/>\n<\/center><br \/>\nO adolescente foi abordado e, durante busca pessoal, foi encontrado no bolso de sua vestimenta um rev\u00f3lver calibre 32 com seis muni\u00e7\u00f5es. O menor disse que a arma era para sua prote\u00e7\u00e3o, j\u00e1 que possu\u00ed atritos com traficantes do Bairro Altin\u00f3polis.<\/p>\n<p>O jovem disse ainda que o mototaxista n\u00e3o tinha nenhum envolvimento com o il\u00edcito, sendo o trabalhador liberado pelos militares.<\/p>\n<p>O adolescente foi apreendido e encaminhado junto com a arma \u00e0 Delegacia de Pol\u00edcia Civil de Governador Valadares.<\/p>\n<p><img decoding=\"async\" src=\"http:\/\/aconteceunovale.com.br\/portal\/wp-content\/uploads\/2019\/05\/arma_gv.jpg\" alt=\"\" \/><em>Foto: Divulga\u00e7\u00e3o\/PM<\/em><br \/>\n<\/br><\/p>\n<p><em>Leandro Silva | Aconteceu no Vale<br \/>\nPublicado em: 15\/05\/2019, \u00e0s 19h05<\/em><\/p>\n<p><strong>VER PRIMEIRO<\/strong><\/p>\n<p>Receba as not\u00edcias do Aconteceu no Vale em primeira m\u00e3o. Clique em curtir no endere\u00e7o <a href=\"https:\/\/www.facebook.com\/aconteceunovale\" target=\"_blank\"><font color=\"red\">www.facebook.com\/aconteceunovale<\/font><\/a> ou no box abaixo:<\/p>\n<div class=\"fb-like\" data-href=\"https:\/\/www.facebook.com\/aconteceunovale\" data-width=\"120\" data-layout=\"standard\" data-action=\"like\" data-size=\"small\" data-show-faces=\"true\" data-share=\"true\"><\/div>\n<p><!-- Erro, o An\u00fancio n\u00e3o est\u00e1 dispon\u00edvel neste momento devido \u00e0s restri\u00e7\u00f5es de agendamento\/geolocaliza\u00e7\u00e3o! --><br \/>\n<\/br><\/p>\n","protected":false},"excerpt":{"rendered":"<p>Um adolescente de 16 anos foi apreendido com um rev\u00f3lver no Centro de Governador Valadares, no Vale do Rio Doce, na madrugada de quarta-feira (15\/05\/2019). Segundo informa\u00e7\u00f5es da PM, uma equipe patrulhava as imedia\u00e7\u00f5es do Shopping da cidade, momento que o passageiro de um motot\u00e1xi se mostrou bastante nervoso ao ver os policiais. O adolescente [&hellip;]<\/p>\n","protected":false},"author":1,"featured_media":148662,"comment_status":"open","ping_status":"closed","sticky":false,"template":"","format":"standard","meta":{"amp_status":"","footnotes":""},"categories":[121],"tags":[202125,195687,127520,247,127523],"class_list":["post-148661","post","type-post","status-publish","format-standard","has-post-thumbnail","hentry","category-leste","tag-adolescente-e-apreendido-com-arma-no-centro-de-governador-valadares","tag-apreensao-de-arma-em-governador-valadares","tag-arma-apreendida-em-governador-valadares","tag-governador-valadares","tag-preso-com-arma-em-governador-valadares"],"_links":{"self":[{"href":"https:\/\/aconteceunovale.com.br\/portal\/index.php?rest_route=\/wp\/v2\/posts\/148661","targetHints":{"allow":["GET"]}}],"collection":[{"href":"https:\/\/aconteceunovale.com.br\/portal\/index.php?rest_route=\/wp\/v2\/posts"}],"about":[{"href":"https:\/\/aconteceunovale.com.br\/portal\/index.php?rest_route=\/wp\/v2\/types\/post"}],"author":[{"embeddable":true,"href":"https:\/\/aconteceunovale.com.br\/portal\/index.php?rest_route=\/wp\/v2\/users\/1"}],"replies":[{"embeddable":true,"href":"https:\/\/aconteceunovale.com.br\/portal\/index.php?rest_route=%2Fwp%2Fv2%2Fcomments&post=148661"}],"version-history":[{"count":0,"href":"https:\/\/aconteceunovale.com.br\/portal\/index.php?rest_route=\/wp\/v2\/posts\/148661\/revisions"}],"wp:featuredmedia":[{"embeddable":true,"href":"https:\/\/aconteceunovale.com.br\/portal\/index.php?rest_route=\/wp\/v2\/media\/148662"}],"wp:attachment":[{"href":"https:\/\/aconteceunovale.com.br\/portal\/index.php?rest_route=%2Fwp%2Fv2%2Fmedia&parent=148661"}],"wp:term":[{"taxonomy":"category","embeddable":true,"href":"https:\/\/aconteceunovale.com.br\/portal\/index.php?rest_route=%2Fwp%2Fv2%2Fcategories&post=148661"},{"taxonomy":"post_tag","embeddable":true,"href":"https:\/\/aconteceunovale.com.br\/portal\/index.php?rest_route=%2Fwp%2Fv2%2Ftags&post=148661"}],"curies":[{"name":"wp","href":"https:\/\/api.w.org\/{rel}","templated":true}]}}