{"id":148270,"date":"2019-05-02T19:59:34","date_gmt":"2019-05-02T21:59:34","guid":{"rendered":"http:\/\/aconteceunovale.com.br\/portal\/?p=148270"},"modified":"2019-05-02T19:59:34","modified_gmt":"2019-05-02T21:59:34","slug":"governo-de-minas-anuncia-escala-de-pagamento-para-o-mes-de-maio","status":"publish","type":"post","link":"https:\/\/aconteceunovale.com.br\/portal\/?p=148270","title":{"rendered":"Governo de Minas anuncia escala de pagamento para o m\u00eas de maio"},"content":{"rendered":"<p>O Governo de Minas Gerais, atrav\u00e9s da Secretaria de Estado de Fazenda (SEF), divulgou nesta quinta-feira (2\/5) a escala de pagamento dos servidores do Executivo estadual para o m\u00eas de maio. A primeira parcela ser\u00e1 depositada no pr\u00f3ximo dia 13 e a segunda, dia 24. Os crit\u00e9rios adotados ser\u00e3o os mesmos dos meses anteriores.<\/p>\n<p>Dia 13 de maio:<br \/>\n&#8211; at\u00e9 R$ 3.000 para os servidores ativos, inativos e pensionistas da Sa\u00fade e Seguran\u00e7a P\u00fablica;<br \/>\n&#8211; at\u00e9 R$ 2.000 para os demais servidores (ativos, inativos e pensionistas).<\/p>\n<p>Dia 24 de maio:<br \/>\n&#8211; o restante dos sal\u00e1rios de todos os servidores (ativos, inativos e pensionistas).<\/p>\n<p><strong>VER PRIMEIRO<\/strong><\/p>\n<p>Receba as not\u00edcias do Aconteceu no Vale em primeira m\u00e3o. Clique em curtir no endere\u00e7o <a href=\"https:\/\/www.facebook.com\/aconteceunovale\" target=\"_blank\"><font color=\"red\">www.facebook.com\/aconteceunovale<\/font><\/a> ou no box abaixo:<\/p>\n<div class=\"fb-like\" data-href=\"https:\/\/www.facebook.com\/aconteceunovale\" data-width=\"120\" data-layout=\"standard\" data-action=\"like\" data-size=\"small\" data-show-faces=\"true\" data-share=\"true\"><\/div>\n<p><!-- Erro, o An\u00fancio n\u00e3o est\u00e1 dispon\u00edvel neste momento devido \u00e0s restri\u00e7\u00f5es de agendamento\/geolocaliza\u00e7\u00e3o! --><br \/>\n<\/br><\/p>\n","protected":false},"excerpt":{"rendered":"<p>O Governo de Minas Gerais, atrav\u00e9s da Secretaria de Estado de Fazenda (SEF), divulgou nesta quinta-feira (2\/5) a escala de pagamento dos servidores do Executivo estadual para o m\u00eas de maio. A primeira parcela ser\u00e1 depositada no pr\u00f3ximo dia 13 e a segunda, dia 24. Os crit\u00e9rios adotados ser\u00e3o os mesmos dos meses anteriores. Dia [&hellip;]<\/p>\n","protected":false},"author":1,"featured_media":146375,"comment_status":"open","ping_status":"closed","sticky":false,"template":"","format":"standard","meta":{"amp_status":"","footnotes":""},"categories":[123],"tags":[201492,201493,179027,179026,201494,201491,201495,51191,201496,165569,177628,201498,201497,181408],"class_list":["post-148270","post","type-post","status-publish","format-standard","has-post-thumbnail","hentry","category-gerais","tag-escala-de-pagamento-do-mes-de-maio-para-os-servidores-publicos","tag-escala-de-pagamento-do-mes-de-maio-para-os-servidores-publicos-de-minas-gerais","tag-escala-de-pagamento-governo-de-minas-gerais","tag-escala-governo-de-minas-gerais","tag-governo-de-minas-anuncia-escala-de-pagamento-para-maio","tag-governo-de-minas-anuncia-escala-de-pagamento-para-o-mes-de-maio","tag-governo-de-minas-divulga-a-escala-de-pagamento-do-mes-de-maio","tag-governo-de-minas-gerais","tag-governo-de-minas-gerais-divulga-escala-de-pagamento-de-maio-aos-servidores","tag-pagamento-13o-governo-de-minas","tag-pagamento-governo-de-minas-gerais","tag-pagamento-governo-de-minas-maio","tag-pagamento-maio-governo-de-minas","tag-pagamento-salario-governo-de-minas-gerais"],"_links":{"self":[{"href":"https:\/\/aconteceunovale.com.br\/portal\/index.php?rest_route=\/wp\/v2\/posts\/148270","targetHints":{"allow":["GET"]}}],"collection":[{"href":"https:\/\/aconteceunovale.com.br\/portal\/index.php?rest_route=\/wp\/v2\/posts"}],"about":[{"href":"https:\/\/aconteceunovale.com.br\/portal\/index.php?rest_route=\/wp\/v2\/types\/post"}],"author":[{"embeddable":true,"href":"https:\/\/aconteceunovale.com.br\/portal\/index.php?rest_route=\/wp\/v2\/users\/1"}],"replies":[{"embeddable":true,"href":"https:\/\/aconteceunovale.com.br\/portal\/index.php?rest_route=%2Fwp%2Fv2%2Fcomments&post=148270"}],"version-history":[{"count":0,"href":"https:\/\/aconteceunovale.com.br\/portal\/index.php?rest_route=\/wp\/v2\/posts\/148270\/revisions"}],"wp:featuredmedia":[{"embeddable":true,"href":"https:\/\/aconteceunovale.com.br\/portal\/index.php?rest_route=\/wp\/v2\/media\/146375"}],"wp:attachment":[{"href":"https:\/\/aconteceunovale.com.br\/portal\/index.php?rest_route=%2Fwp%2Fv2%2Fmedia&parent=148270"}],"wp:term":[{"taxonomy":"category","embeddable":true,"href":"https:\/\/aconteceunovale.com.br\/portal\/index.php?rest_route=%2Fwp%2Fv2%2Fcategories&post=148270"},{"taxonomy":"post_tag","embeddable":true,"href":"https:\/\/aconteceunovale.com.br\/portal\/index.php?rest_route=%2Fwp%2Fv2%2Ftags&post=148270"}],"curies":[{"name":"wp","href":"https:\/\/api.w.org\/{rel}","templated":true}]}}