{"id":148267,"date":"2019-05-02T19:47:24","date_gmt":"2019-05-02T21:47:24","guid":{"rendered":"http:\/\/aconteceunovale.com.br\/portal\/?p=148267"},"modified":"2019-05-02T19:47:24","modified_gmt":"2019-05-02T21:47:24","slug":"ex-prefeito-de-coracao-de-jesus-tera-que-devolver-r-35-mil-por-irregularidades-em-construcao-de-rede-de-distribuicao-de-agua-diz-tce","status":"publish","type":"post","link":"https:\/\/aconteceunovale.com.br\/portal\/?p=148267","title":{"rendered":"Ex-prefeito de Cora\u00e7\u00e3o de Jesus ter\u00e1 que devolver R$ 35 mil por irregularidades em constru\u00e7\u00e3o de rede de distribui\u00e7\u00e3o de \u00e1gua, diz TCE"},"content":{"rendered":"<p>A Primeira C\u00e2mara do TCE-MG determinou, em sess\u00e3o de ter\u00e7a-feira (30\/04\/2019), que o ex-prefeito de Cora\u00e7\u00e3o de Jesus, Ant\u00f4nio Cordeiro de Faria, e os s\u00f3cios da Construtora e Marmoraria Cora\u00e7\u00e3o de Jesus LTDA, Jovino Caldeira Neto e Uliana Almeida Prates Caldeira, fa\u00e7am o ressarcimento de R$ 35.244,86, solidariamente e devidamente atualizados, aos cofres p\u00fablicos. A decis\u00e3o ocorreu ap\u00f3s o TCE-MG determinar irregulares as contas de um conv\u00eanio entre a prefeitura e a Secretaria de Estado de Governo (Segov) para a implanta\u00e7\u00e3o de rede de distribui\u00e7\u00e3o de \u00e1gua na comunidade de Freio, na zona rural do munic\u00edpio. Ant\u00f4nio Cordeiro de Faria foi multado em R$ 5 mil.<br \/>\n<center><br \/>\n<!-- Erro, o An\u00fancio n\u00e3o est\u00e1 dispon\u00edvel neste momento devido \u00e0s restri\u00e7\u00f5es de agendamento\/geolocaliza\u00e7\u00e3o! --><br \/>\n<\/br><br \/>\n<\/center><br \/>\nO ex-prefeito e os empres\u00e1rios dever\u00e3o ressarcir os cofres estaduais em R$ 30 mil, valor do objeto do conv\u00eanio, e os cofres municipais em R$ 5.224,86, contrapartida do munic\u00edpio para a assinatura do Conv\u00eanio n\u00ba 210\/2011, entre a Segov e a Prefeitura de Cora\u00e7\u00e3o de Jesus, para a implanta\u00e7\u00e3o de 5.572 metros de rede de distribui\u00e7\u00e3o de \u00e1gua 50\/60 mm na comunidade de Freio. <\/p>\n<p>Em seu voto, o relator do Processo n\u00ba 959.091, conselheiro Jos\u00e9 Alves Viana, ressaltou as irregularidades cometidas na execu\u00e7\u00e3o do conv\u00eanio. \u201cEntendo que a responsabilidade pela aus\u00eancia de presta\u00e7\u00e3o de contas, pela inexecu\u00e7\u00e3o do objeto do conv\u00eanio e pela falta de comprova\u00e7\u00e3o da destina\u00e7\u00e3o dada aos recursos financeiros oriundos do ajuste deve ser imputada \u00e0 Ant\u00f4nio Cordeiro de Faria, prefeito de Cora\u00e7\u00e3o de Jesus \u00e0 \u00e9poca e, solidariamente, a Jovino Caldeira Neto e Uliana Almeida Prates Caldeira, s\u00f3cios remanescentes da Construtora e Marmoraria Cora\u00e7\u00e3o de Jesus Ltda\u201d.<\/p>\n<p>De acordo com o processo, al\u00e9m da n\u00e3o presta\u00e7\u00e3o das contas, o gestor municipal n\u00e3o conseguiu comprovar a execu\u00e7\u00e3o das obras, tendo feito o pagamento \u00e0 empresa sem as devidas medi\u00e7\u00f5es. <\/p>\n<p>No voto, o conselheiro Jos\u00e9 Alves Viana destacou o relat\u00f3rio t\u00e9cnico da Segov que, ap\u00f3s vistoria, n\u00e3o constatou a execu\u00e7\u00e3o das obras. \u201cEm vistoria in loco, foi constatado que a firma apenas executou a abertura das valas e adquiriu os tubos para a execu\u00e7\u00e3o dos 5.572,00 m de rede de distribui\u00e7\u00e3o de \u00e1gua DN 50\/60mm na Comunidade do Freio. De acordo com a administra\u00e7\u00e3o municipal atual, todos os servi\u00e7os j\u00e1 foram pagos pela administra\u00e7\u00e3o anterior. Os canos encontram-se empilhados no terreno de uma das casas da comunidade. A firma abandonou a obra e paralisou suas atividades, com isso, os servi\u00e7os j\u00e1 executados est\u00e3o perdidos, pois as valas j\u00e1 se encontram assoreadas. Pelo que me foi apresentado e relatado concluo que o objeto do conv\u00eanio n\u00e3o foi executado\u201d.<\/p>\n<p>O Aconteceu no Vale ainda n\u00e3o conseguiu contato com os envolvidos.<\/p>\n<p><strong>VER PRIMEIRO<\/strong><\/p>\n<p>Receba as not\u00edcias do Aconteceu no Vale em primeira m\u00e3o. Clique em curtir no endere\u00e7o <a href=\"https:\/\/www.facebook.com\/aconteceunovale\" target=\"_blank\"><font color=\"red\">www.facebook.com\/aconteceunovale<\/font><\/a> ou no box abaixo:<\/p>\n<div class=\"fb-like\" data-href=\"https:\/\/www.facebook.com\/aconteceunovale\" data-width=\"120\" data-layout=\"standard\" data-action=\"like\" data-size=\"small\" data-show-faces=\"true\" data-share=\"true\"><\/div>\n<p><!-- Erro, o An\u00fancio n\u00e3o est\u00e1 dispon\u00edvel neste momento devido \u00e0s restri\u00e7\u00f5es de agendamento\/geolocaliza\u00e7\u00e3o! --><br \/>\n<\/br><\/p>\n<p><em>(Fonte: TCE-MG)<\/em><\/p>\n","protected":false},"excerpt":{"rendered":"<p>A Primeira C\u00e2mara do TCE-MG determinou, em sess\u00e3o de ter\u00e7a-feira (30\/04\/2019), que o ex-prefeito de Cora\u00e7\u00e3o de Jesus, Ant\u00f4nio Cordeiro de Faria, e os s\u00f3cios da Construtora e Marmoraria Cora\u00e7\u00e3o de Jesus LTDA, Jovino Caldeira Neto e Uliana Almeida Prates Caldeira, fa\u00e7am o ressarcimento de R$ 35.244,86, solidariamente e devidamente atualizados, aos cofres p\u00fablicos. A [&hellip;]<\/p>\n","protected":false},"author":1,"featured_media":148268,"comment_status":"open","ping_status":"closed","sticky":false,"template":"","format":"standard","meta":{"amp_status":"","footnotes":""},"categories":[1236],"tags":[119390,201487,201488,1801,119380,201485,201489,201486,139684,19034,201490],"class_list":["post-148267","post","type-post","status-publish","format-standard","has-post-thumbnail","hentry","category-norte_de_minas","tag-antonio-cordeiro-de-faria","tag-condenacao-de-ex-prefeito-de-coracao-de-jesus","tag-construtora-e-marmoraria-coracao-de-jesus","tag-coracao-de-jesus","tag-ex-prefeito-de-coracao-de-jesus","tag-ex-prefeito-de-coracao-de-jesus-tera-que-devolver-r-35-mil-por-irregularidades-em-construcao-de-rede-de-distribuicao-de-agua","tag-jovino-caldeira-neto","tag-processo-ex-prefeito-de-coracao-de-jesus","tag-tce","tag-tcemg","tag-uliana-almeida-prates-caldeira"],"_links":{"self":[{"href":"https:\/\/aconteceunovale.com.br\/portal\/index.php?rest_route=\/wp\/v2\/posts\/148267","targetHints":{"allow":["GET"]}}],"collection":[{"href":"https:\/\/aconteceunovale.com.br\/portal\/index.php?rest_route=\/wp\/v2\/posts"}],"about":[{"href":"https:\/\/aconteceunovale.com.br\/portal\/index.php?rest_route=\/wp\/v2\/types\/post"}],"author":[{"embeddable":true,"href":"https:\/\/aconteceunovale.com.br\/portal\/index.php?rest_route=\/wp\/v2\/users\/1"}],"replies":[{"embeddable":true,"href":"https:\/\/aconteceunovale.com.br\/portal\/index.php?rest_route=%2Fwp%2Fv2%2Fcomments&post=148267"}],"version-history":[{"count":0,"href":"https:\/\/aconteceunovale.com.br\/portal\/index.php?rest_route=\/wp\/v2\/posts\/148267\/revisions"}],"wp:featuredmedia":[{"embeddable":true,"href":"https:\/\/aconteceunovale.com.br\/portal\/index.php?rest_route=\/wp\/v2\/media\/148268"}],"wp:attachment":[{"href":"https:\/\/aconteceunovale.com.br\/portal\/index.php?rest_route=%2Fwp%2Fv2%2Fmedia&parent=148267"}],"wp:term":[{"taxonomy":"category","embeddable":true,"href":"https:\/\/aconteceunovale.com.br\/portal\/index.php?rest_route=%2Fwp%2Fv2%2Fcategories&post=148267"},{"taxonomy":"post_tag","embeddable":true,"href":"https:\/\/aconteceunovale.com.br\/portal\/index.php?rest_route=%2Fwp%2Fv2%2Ftags&post=148267"}],"curies":[{"name":"wp","href":"https:\/\/api.w.org\/{rel}","templated":true}]}}