{"id":148264,"date":"2019-05-02T19:39:55","date_gmt":"2019-05-02T21:39:55","guid":{"rendered":"http:\/\/aconteceunovale.com.br\/portal\/?p=148264"},"modified":"2019-05-02T19:39:55","modified_gmt":"2019-05-02T21:39:55","slug":"tce-suspende-concorrencia-publica-de-r-79-milhoes-da-iluminacao-de-sao-francisco-no-norte-de-minas","status":"publish","type":"post","link":"https:\/\/aconteceunovale.com.br\/portal\/?p=148264","title":{"rendered":"TCE suspende concorr\u00eancia p\u00fablica de R$ 79 milh\u00f5es da ilumina\u00e7\u00e3o de S\u00e3o Francisco, no Norte de Minas"},"content":{"rendered":"<p>A Segunda C\u00e2mara do Tribunal de Contas do Estado de Minas Gerais, em sess\u00e3o realizada hoje (2\/5\/2019), confirmou a decis\u00e3o monocr\u00e1tica do conselheiro substituto Victor Meyer para suspender liminarmente a Concorr\u00eancia P\u00fablica n\u00ba 02\/2019 do munic\u00edpio de S\u00e3o Francisco (MG). A licita\u00e7\u00e3o, estimada em R$ 79 milh\u00f5es, era destinada \u201ca contratar Parceria P\u00fablica-Privada (PPP), na modalidade concess\u00e3o administrativa, para moderniza\u00e7\u00e3o, expans\u00e3o, opera\u00e7\u00e3o e manuten\u00e7\u00e3o da infraestrutura da rede de Ilumina\u00e7\u00e3o P\u00fablica\u201d da cidade situada no Norte de Minas (processo n\u00ba 1.066.586).<br \/>\n<center><br \/>\n<!-- Erro, o An\u00fancio n\u00e3o est\u00e1 dispon\u00edvel neste momento devido \u00e0s restri\u00e7\u00f5es de agendamento\/geolocaliza\u00e7\u00e3o! --><br \/>\n<\/br><br \/>\n<\/center><br \/>\nO assunto chegou ao TCE por meio de uma den\u00fancia. De acordo com o voto do relator Meyer, faltou um melhor detalhamento dos c\u00e1lculos utilizados para definir os \u00edndices de desempenho e os par\u00e2metros referentes \u00e0 presta\u00e7\u00e3o satisfat\u00f3ria do servi\u00e7o. Al\u00e9m disso, ele observou que houve um desequil\u00edbrio entre o valor da contrapresta\u00e7\u00e3o prevista no estudo da concess\u00e3o e o valor da receita originada da Contribui\u00e7\u00e3o para o Custeio do Servi\u00e7o de Ilumina\u00e7\u00e3o P\u00fablica (COSIP). Para ele, o valor da contrapresta\u00e7\u00e3o previsto no estudo da concess\u00e3o est\u00e1 superestimado em rela\u00e7\u00e3o ao valor da receita da COSIP da presta\u00e7\u00e3o de servi\u00e7os de ilumina\u00e7\u00e3o p\u00fablica da cidade. Meyer ponderou que o valor da contrapresta\u00e7\u00e3o deve ser devidamente justificado, devendo a mem\u00f3ria de c\u00e1lculo constar do edital e das planilhas que embasam o estudo econ\u00f4mico e financeiro da concess\u00e3o. A COSIP \u00e9 a contribui\u00e7\u00e3o recolhida pela distribuidora de energia e repassada \u00e0 prefeitura. Cada munic\u00edpio tem sua f\u00f3rmula de c\u00e1lculo do imposto.<\/p>\n<p>O relator tamb\u00e9m apontou que os estudos elaborados pelo munic\u00edpio para adotar o modelo de PPP foram insuficientes, n\u00e3o demonstrando se a escolha atendeu o interesse p\u00fablico.<\/p>\n<p>Os gestores devem comprovar a suspens\u00e3o ao Tribunal de Contas no prazo de cinco dias, sob pena de san\u00e7\u00e3o.<\/p>\n<p>A Prefeitura de S\u00e3o Francisco ainda n\u00e3o se manifestou sobre a decis\u00e3o do TCE.<\/p>\n<p><strong>VER PRIMEIRO<\/strong><\/p>\n<p>Receba as not\u00edcias do Aconteceu no Vale em primeira m\u00e3o. Clique em curtir no endere\u00e7o <a href=\"https:\/\/www.facebook.com\/aconteceunovale\" target=\"_blank\"><font color=\"red\">www.facebook.com\/aconteceunovale<\/font><\/a> ou no box abaixo:<\/p>\n<div class=\"fb-like\" data-href=\"https:\/\/www.facebook.com\/aconteceunovale\" data-width=\"120\" data-layout=\"standard\" data-action=\"like\" data-size=\"small\" data-show-faces=\"true\" data-share=\"true\"><\/div>\n<p><!-- Erro, o An\u00fancio n\u00e3o est\u00e1 dispon\u00edvel neste momento devido \u00e0s restri\u00e7\u00f5es de agendamento\/geolocaliza\u00e7\u00e3o! --><br \/>\n<\/br><\/p>\n<p><em>(Fonte: TCE-MG)<\/em><\/p>\n","protected":false},"excerpt":{"rendered":"<p>A Segunda C\u00e2mara do Tribunal de Contas do Estado de Minas Gerais, em sess\u00e3o realizada hoje (2\/5\/2019), confirmou a decis\u00e3o monocr\u00e1tica do conselheiro substituto Victor Meyer para suspender liminarmente a Concorr\u00eancia P\u00fablica n\u00ba 02\/2019 do munic\u00edpio de S\u00e3o Francisco (MG). A licita\u00e7\u00e3o, estimada em R$ 79 milh\u00f5es, era destinada \u201ca contratar Parceria P\u00fablica-Privada (PPP), na [&hellip;]<\/p>\n","protected":false},"author":1,"featured_media":148265,"comment_status":"open","ping_status":"closed","sticky":false,"template":"","format":"standard","meta":{"amp_status":"","footnotes":""},"categories":[1236],"tags":[201482,201481,33228,1522,201483,201484,139685,19036,201480],"class_list":["post-148264","post","type-post","status-publish","format-standard","has-post-thumbnail","hentry","category-norte_de_minas","tag-iluminacao-publica-em-sao-francisco","tag-iluminacao-sao-francisco","tag-no-norte-de-minas","tag-sao-francisco","tag-tce-suspende-concorrencia-publica-de-r-79-milhoes-da-iluminacao-de-sao-francisco","tag-tce-suspende-concorrencia-publica-de-r-79-milhoes-da-iluminacao-de-sao-francisco-no-norte-de-minas","tag-tce-mg","tag-tribunal-de-contas-do-estado-de-minas-gerais","tag-victor-meyer"],"_links":{"self":[{"href":"https:\/\/aconteceunovale.com.br\/portal\/index.php?rest_route=\/wp\/v2\/posts\/148264","targetHints":{"allow":["GET"]}}],"collection":[{"href":"https:\/\/aconteceunovale.com.br\/portal\/index.php?rest_route=\/wp\/v2\/posts"}],"about":[{"href":"https:\/\/aconteceunovale.com.br\/portal\/index.php?rest_route=\/wp\/v2\/types\/post"}],"author":[{"embeddable":true,"href":"https:\/\/aconteceunovale.com.br\/portal\/index.php?rest_route=\/wp\/v2\/users\/1"}],"replies":[{"embeddable":true,"href":"https:\/\/aconteceunovale.com.br\/portal\/index.php?rest_route=%2Fwp%2Fv2%2Fcomments&post=148264"}],"version-history":[{"count":0,"href":"https:\/\/aconteceunovale.com.br\/portal\/index.php?rest_route=\/wp\/v2\/posts\/148264\/revisions"}],"wp:featuredmedia":[{"embeddable":true,"href":"https:\/\/aconteceunovale.com.br\/portal\/index.php?rest_route=\/wp\/v2\/media\/148265"}],"wp:attachment":[{"href":"https:\/\/aconteceunovale.com.br\/portal\/index.php?rest_route=%2Fwp%2Fv2%2Fmedia&parent=148264"}],"wp:term":[{"taxonomy":"category","embeddable":true,"href":"https:\/\/aconteceunovale.com.br\/portal\/index.php?rest_route=%2Fwp%2Fv2%2Fcategories&post=148264"},{"taxonomy":"post_tag","embeddable":true,"href":"https:\/\/aconteceunovale.com.br\/portal\/index.php?rest_route=%2Fwp%2Fv2%2Ftags&post=148264"}],"curies":[{"name":"wp","href":"https:\/\/api.w.org\/{rel}","templated":true}]}}