{"id":148261,"date":"2019-05-02T16:56:43","date_gmt":"2019-05-02T18:56:43","guid":{"rendered":"http:\/\/aconteceunovale.com.br\/portal\/?p=148261"},"modified":"2019-05-02T16:56:43","modified_gmt":"2019-05-02T18:56:43","slug":"operacao-do-ministerio-publico-mira-oito-vereadores-de-eloi-mendes","status":"publish","type":"post","link":"https:\/\/aconteceunovale.com.br\/portal\/?p=148261","title":{"rendered":"Opera\u00e7\u00e3o do Minist\u00e9rio P\u00fablico mira oito vereadores de El\u00f3i Mendes"},"content":{"rendered":"<p>O Minist\u00e9rio P\u00fablico de Minas Gerais (MPMG), com o aux\u00edlio das pol\u00edcias Militar e Civil, cumpriu hoje, 2 de maio, mandados de busca e apreens\u00e3o e sequestro de bens contra oito vereadores de El\u00f3i Mendes, no Sul de Minas, que tamb\u00e9m ser\u00e3o afastados das fun\u00e7\u00f5es e de outros cargos p\u00fablicos que ocuparem.<br \/>\n<center><br \/>\n<!-- Erro, o An\u00fancio n\u00e3o est\u00e1 dispon\u00edvel neste momento devido \u00e0s restri\u00e7\u00f5es de agendamento\/geolocaliza\u00e7\u00e3o! --><br \/>\n<\/br><br \/>\n<\/center><br \/>\nIniciada em fevereiro de 2018, a investiga\u00e7\u00e3o \u2013 que culminou hoje com a opera\u00e7\u00e3o Ubiquidade \u2013 consiste na apura\u00e7\u00e3o de recebimento indevido de di\u00e1rias por vereadores de El\u00f3i Mendes de 1\u00ba de janeiro de 2017 a 31 de outubro de 2018, sem que, efetivamente, tivessem se deslocado para outras cidades, ou, ent\u00e3o, por terem se ausentado por per\u00edodo inferior ao informado. <\/p>\n<p>Foram oferecidas den\u00fancias contra oito vereadores pela pr\u00e1tica, no total, de 148 crimes de peculato, tendo sido determinado o afastamento de todos os denunciados das fun\u00e7\u00f5es de vereador e de qualquer outra fun\u00e7\u00e3o ou cargo p\u00fablico. Foram expedidos, ainda, mandados de busca e apreens\u00e3o e sequestro de dinheiro, ve\u00edculos e im\u00f3veis. O total do dano teria chegado a R$ 226 mil. <\/p>\n<p>Participaram da opera\u00e7\u00e3o a Promotoria de Justi\u00e7a de El\u00f3i Mendes, com o apoio da Coordenadoria Regional de Defesa do Patrim\u00f4nio P\u00fablico do Sudoeste de Minas Gerais \u2013 Lavras (CRPPLAV) e do Grupo de Atua\u00e7\u00e3o Especial de Combate ao Crime Organizado (Gaeco-Varginha) No cumprimento dos mandados, estiveram presentes tr\u00eas promotores de Justi\u00e7a, 27 policiais militares e um policial civil.<\/p>\n<p><strong>VER PRIMEIRO<\/strong><\/p>\n<p>Receba as not\u00edcias do Aconteceu no Vale em primeira m\u00e3o. Clique em curtir no endere\u00e7o <a href=\"https:\/\/www.facebook.com\/aconteceunovale\" target=\"_blank\"><font color=\"red\">www.facebook.com\/aconteceunovale<\/font><\/a> ou no box abaixo:<\/p>\n<div class=\"fb-like\" data-href=\"https:\/\/www.facebook.com\/aconteceunovale\" data-width=\"120\" data-layout=\"standard\" data-action=\"like\" data-size=\"small\" data-show-faces=\"true\" data-share=\"true\"><\/div>\n<p><!-- Erro, o An\u00fancio n\u00e3o est\u00e1 dispon\u00edvel neste momento devido \u00e0s restri\u00e7\u00f5es de agendamento\/geolocaliza\u00e7\u00e3o! --><br \/>\n<\/br><\/p>\n<p><em>(Fonte: Gaeco Varginha \/ MPMG)<\/em><\/p>\n","protected":false},"excerpt":{"rendered":"<p>O Minist\u00e9rio P\u00fablico de Minas Gerais (MPMG), com o aux\u00edlio das pol\u00edcias Militar e Civil, cumpriu hoje, 2 de maio, mandados de busca e apreens\u00e3o e sequestro de bens contra oito vereadores de El\u00f3i Mendes, no Sul de Minas, que tamb\u00e9m ser\u00e3o afastados das fun\u00e7\u00f5es e de outros cargos p\u00fablicos que ocuparem. Iniciada em fevereiro [&hellip;]<\/p>\n","protected":false},"author":1,"featured_media":148262,"comment_status":"open","ping_status":"closed","sticky":false,"template":"","format":"standard","meta":{"amp_status":"","footnotes":""},"categories":[123,40240],"tags":[201477,201478,159934,14490,201475,201476,201473,201471,201472,201474,201479],"class_list":["post-148261","post","type-post","status-publish","format-standard","has-post-thumbnail","hentry","category-gerais","category-politica-2","tag-camara-de-eloi-mendes","tag-camara-de-vereadores-de-eloi-mendes","tag-camara-municipal-de-eloi-mendes","tag-eloi-mendes","tag-investigacao-vereadores-de-eloi-mendes","tag-mandados-contra-oito-vereadores-de-eloi-mendes","tag-operacao-contra-vereadores-de-eloi-mendes","tag-operacao-do-ministerio-publico-de-minas-gerais-mira-oito-vereadores-de-eloi-mendes","tag-operacao-do-ministerio-publico-mira-oito-vereadores-de-eloi-mendes","tag-operacao-vereadores-de-eloi-mendes","tag-vereadores-de-eloi-mendes"],"_links":{"self":[{"href":"https:\/\/aconteceunovale.com.br\/portal\/index.php?rest_route=\/wp\/v2\/posts\/148261","targetHints":{"allow":["GET"]}}],"collection":[{"href":"https:\/\/aconteceunovale.com.br\/portal\/index.php?rest_route=\/wp\/v2\/posts"}],"about":[{"href":"https:\/\/aconteceunovale.com.br\/portal\/index.php?rest_route=\/wp\/v2\/types\/post"}],"author":[{"embeddable":true,"href":"https:\/\/aconteceunovale.com.br\/portal\/index.php?rest_route=\/wp\/v2\/users\/1"}],"replies":[{"embeddable":true,"href":"https:\/\/aconteceunovale.com.br\/portal\/index.php?rest_route=%2Fwp%2Fv2%2Fcomments&post=148261"}],"version-history":[{"count":0,"href":"https:\/\/aconteceunovale.com.br\/portal\/index.php?rest_route=\/wp\/v2\/posts\/148261\/revisions"}],"wp:featuredmedia":[{"embeddable":true,"href":"https:\/\/aconteceunovale.com.br\/portal\/index.php?rest_route=\/wp\/v2\/media\/148262"}],"wp:attachment":[{"href":"https:\/\/aconteceunovale.com.br\/portal\/index.php?rest_route=%2Fwp%2Fv2%2Fmedia&parent=148261"}],"wp:term":[{"taxonomy":"category","embeddable":true,"href":"https:\/\/aconteceunovale.com.br\/portal\/index.php?rest_route=%2Fwp%2Fv2%2Fcategories&post=148261"},{"taxonomy":"post_tag","embeddable":true,"href":"https:\/\/aconteceunovale.com.br\/portal\/index.php?rest_route=%2Fwp%2Fv2%2Ftags&post=148261"}],"curies":[{"name":"wp","href":"https:\/\/api.w.org\/{rel}","templated":true}]}}