{"id":148258,"date":"2019-05-02T16:49:47","date_gmt":"2019-05-02T18:49:47","guid":{"rendered":"http:\/\/aconteceunovale.com.br\/portal\/?p=148258"},"modified":"2019-05-02T16:49:47","modified_gmt":"2019-05-02T18:49:47","slug":"operacao-labaro-detem-2-924-pessoas-e-apreende-armas-e-drogas","status":"publish","type":"post","link":"https:\/\/aconteceunovale.com.br\/portal\/?p=148258","title":{"rendered":"Opera\u00e7\u00e3o L\u00e1baro det\u00e9m 2.924 pessoas e apreende armas e drogas"},"content":{"rendered":"<p>Em apenas um m\u00eas e meio, a Pol\u00edcia Rodovi\u00e1ria Federal (PRF) deteve 2.924 pessoas e fiscalizou mais de 666 mil ve\u00edculos no \u00e2mbito da Opera\u00e7\u00e3o L\u00e1baro. Deflagrada em 14 de mar\u00e7o, a a\u00e7\u00e3o \u00e9 um esfor\u00e7o concentrado para tentar reduzir a criminalidade transfronteiri\u00e7a e a viol\u00eancia no tr\u00e2nsito.<br \/>\n<center><br \/>\n<!-- Erro, o An\u00fancio n\u00e3o est\u00e1 dispon\u00edvel neste momento devido \u00e0s restri\u00e7\u00f5es de agendamento\/geolocaliza\u00e7\u00e3o! --><br \/>\n<\/br><br \/>\n<\/center><br \/>\nQuinhentos agentes da PRF atuam, simultaneamente, conforme escala de trabalho, nos 26 estados brasileiros e no Distrito Federal.<\/p>\n<p>De acordo com balan\u00e7o atualizado hoje (2), foram apreendidas armas, muni\u00e7\u00f5es, 18 toneladas de maconha, duas toneladas de coca\u00edna e 10,7 milh\u00f5es ma\u00e7os de cigarro contrabandeado. Al\u00e9m disso, 611 ve\u00edculos furtados foram recuperados durante blitz nas estradas.<\/p>\n<p>Segundo o diretor-geral da PRF, Adriano Furtado, a iniciativa permite a mobiliza\u00e7\u00e3o de 500 agentes para atuar prioritariamente nas a\u00e7\u00f5es definidas com o aux\u00edlio de \u00f3rg\u00e3os de intelig\u00eancia para enfrentar o crime, incluindo o transfronteiri\u00e7o, e ampliar a seguran\u00e7a vi\u00e1ria.<\/p>\n<p>Prevista para ser encerrada no dia 31 de dezembro, a opera\u00e7\u00e3o pode ser estendida ap\u00f3s avalia\u00e7\u00e3o dos resultados.<\/p>\n<p>\u201cAp\u00f3s a convoca\u00e7\u00e3o desses 500 servidores, n\u00f3s trabalhamos com o nivelamento de todos, [para prepar\u00e1-los] para a atua\u00e7\u00e3o [conjunta] que ser\u00e1 realizada. Isto traz um ganho de capacita\u00e7\u00e3o dos policiais rodovi\u00e1rios federais, que passam a atuar em uma a\u00e7\u00e3o previamente planejada entre as \u00e1reas de opera\u00e7\u00f5es e de intelig\u00eancia, respeitando as peculiaridades de cada regi\u00e3o do pa\u00eds\u201d, acrescentou Furtado, informando que, este ano, 703 agentes rodovi\u00e1rios j\u00e1 receberam treinamento espec\u00edfico.<\/p>\n<p><img decoding=\"async\" src=\"http:\/\/aconteceunovale.com.br\/portal\/wp-content\/uploads\/2019\/05\/operacao_labaro.jpg\" alt=\"\" \/><em>O diretor-geral da Pol\u00edcia Rodovi\u00e1ria Federal (PRF), Adriano Furtado, apresentou balan\u00e7o da primeira fase da Opera\u00e7\u00e3o L\u00e1baro  (Foto: Jos\u00e9 Cruz\/Ag\u00eancia Brasil)<\/em><br \/>\n<\/br><\/p>\n<p><strong>A\u00e7\u00f5es de seguran\u00e7a planejadas<\/strong><\/p>\n<p>Presente \u00e0 divulga\u00e7\u00e3o dos resultados registrados at\u00e9 o momento, o ministro da Justi\u00e7a e Seguran\u00e7a P\u00fablica, Sergio Moro, destacou a import\u00e2ncia de a\u00e7\u00f5es de seguran\u00e7a planejadas com o aporte de informa\u00e7\u00f5es obtidas pelos setores de intelig\u00eancia.<\/p>\n<p>\u201cOs recursos humanos, financeiros e de equipamentos da PRF s\u00e3o limitados. Assim, temos que extrair o melhor deles. Para isso, temos que utilizar intelig\u00eancia para coordenar as a\u00e7\u00f5es e concentrar esfor\u00e7os\u201d, disse o ministro, garantindo que trabalha para ampliar os recursos da corpora\u00e7\u00e3o, respons\u00e1vel por policiar uma malha de 70 mil quil\u00f4metros.<\/p>\n<p>A PRF tem, atualmente, um d\u00e9ficit em torno de 3,2 mil servidores e aguarda a autoriza\u00e7\u00e3o do Minist\u00e9rio da Economia para a contrata\u00e7\u00e3o de pessoal.<\/p>\n<p><strong>Fronteiras<\/strong><\/p>\n<p>Segundo o diretor-geral da PRF, Adriano Furtado, al\u00e9m das apreens\u00f5es de produtos il\u00edcitos e da pris\u00e3o de criminosos, a Opera\u00e7\u00e3o L\u00e1baro permite a identifica\u00e7\u00e3o de novas rotas do crime.<\/p>\n<p>\u201cMapeamos as rotas e, com isso, os crimes transfronteiri\u00e7os n\u00e3o necessariamente precisam ser abordados na entrada da fronteira \u2013 o que \u00e9 um desafio muito grande, [considerando a dimens\u00e3o] da fronteira seca que o Brasil tem com outros pa\u00edses. Este [tipo de il\u00edcito] tem um comportamento dentro das rodovias federais que est\u00e1 [pautando] o planejamento da opera\u00e7\u00e3o\u201d, explicou, refor\u00e7ando a import\u00e2ncia de contar com um efetivo que, por algum tempo, possa participar de a\u00e7\u00f5es planejadas, colocando o atendimento a ocorr\u00eancias ordin\u00e1rias em segundo plano.<\/p>\n<p>Ainda segundo o diretor-geral, as regi\u00f5es de fronteira s\u00e3o as que demandam maior aten\u00e7\u00e3o dos agentes rodovi\u00e1rios federais, sobretudo, em Mato Grosso do Sul, estado da regi\u00e3o centro-oeste que faz fronteira com a Bol\u00edvia e Paraguai, e onde foi registrado o maior volume de apreens\u00f5es.<\/p>\n<p><strong>VER PRIMEIRO<\/strong><\/p>\n<p>Receba as not\u00edcias do Aconteceu no Vale em primeira m\u00e3o. Clique em curtir no endere\u00e7o <a href=\"https:\/\/www.facebook.com\/aconteceunovale\" target=\"_blank\"><font color=\"red\">www.facebook.com\/aconteceunovale<\/font><\/a> ou no box abaixo:<\/p>\n<div class=\"fb-like\" data-href=\"https:\/\/www.facebook.com\/aconteceunovale\" data-width=\"120\" data-layout=\"standard\" data-action=\"like\" data-size=\"small\" data-show-faces=\"true\" data-share=\"true\"><\/div>\n<p><!-- Erro, o An\u00fancio n\u00e3o est\u00e1 dispon\u00edvel neste momento devido \u00e0s restri\u00e7\u00f5es de agendamento\/geolocaliza\u00e7\u00e3o! --><br \/>\n<\/br><\/p>\n<p><em>(Fonte: Ag\u00eancia Brasil)<\/em><\/p>\n","protected":false},"excerpt":{"rendered":"<p>Em apenas um m\u00eas e meio, a Pol\u00edcia Rodovi\u00e1ria Federal (PRF) deteve 2.924 pessoas e fiscalizou mais de 666 mil ve\u00edculos no \u00e2mbito da Opera\u00e7\u00e3o L\u00e1baro. Deflagrada em 14 de mar\u00e7o, a a\u00e7\u00e3o \u00e9 um esfor\u00e7o concentrado para tentar reduzir a criminalidade transfronteiri\u00e7a e a viol\u00eancia no tr\u00e2nsito. Quinhentos agentes da PRF atuam, simultaneamente, conforme [&hellip;]<\/p>\n","protected":false},"author":1,"featured_media":148259,"comment_status":"open","ping_status":"closed","sticky":false,"template":"","format":"standard","meta":{"amp_status":"","footnotes":""},"categories":[6],"tags":[201466,84852,38146,201465,201468,201467,1984,201469,201470,239],"class_list":["post-148258","post","type-post","status-publish","format-standard","has-post-thumbnail","hentry","category-br","tag-apreensoes","tag-armas","tag-drogas","tag-operacao-labaro","tag-operacao-labaro-da-prf","tag-operacao-labaro-detem-2-924-pessoas-e-apreende-armas-e-drogas","tag-policia-rodoviaria-federal","tag-presos-na-operacao-labaro","tag-presos-na-operacao-labaro-da-prf","tag-prf"],"_links":{"self":[{"href":"https:\/\/aconteceunovale.com.br\/portal\/index.php?rest_route=\/wp\/v2\/posts\/148258","targetHints":{"allow":["GET"]}}],"collection":[{"href":"https:\/\/aconteceunovale.com.br\/portal\/index.php?rest_route=\/wp\/v2\/posts"}],"about":[{"href":"https:\/\/aconteceunovale.com.br\/portal\/index.php?rest_route=\/wp\/v2\/types\/post"}],"author":[{"embeddable":true,"href":"https:\/\/aconteceunovale.com.br\/portal\/index.php?rest_route=\/wp\/v2\/users\/1"}],"replies":[{"embeddable":true,"href":"https:\/\/aconteceunovale.com.br\/portal\/index.php?rest_route=%2Fwp%2Fv2%2Fcomments&post=148258"}],"version-history":[{"count":0,"href":"https:\/\/aconteceunovale.com.br\/portal\/index.php?rest_route=\/wp\/v2\/posts\/148258\/revisions"}],"wp:featuredmedia":[{"embeddable":true,"href":"https:\/\/aconteceunovale.com.br\/portal\/index.php?rest_route=\/wp\/v2\/media\/148259"}],"wp:attachment":[{"href":"https:\/\/aconteceunovale.com.br\/portal\/index.php?rest_route=%2Fwp%2Fv2%2Fmedia&parent=148258"}],"wp:term":[{"taxonomy":"category","embeddable":true,"href":"https:\/\/aconteceunovale.com.br\/portal\/index.php?rest_route=%2Fwp%2Fv2%2Fcategories&post=148258"},{"taxonomy":"post_tag","embeddable":true,"href":"https:\/\/aconteceunovale.com.br\/portal\/index.php?rest_route=%2Fwp%2Fv2%2Ftags&post=148258"}],"curies":[{"name":"wp","href":"https:\/\/api.w.org\/{rel}","templated":true}]}}