{"id":148255,"date":"2019-05-02T14:13:16","date_gmt":"2019-05-02T16:13:16","guid":{"rendered":"http:\/\/aconteceunovale.com.br\/portal\/?p=148255"},"modified":"2019-05-02T14:13:16","modified_gmt":"2019-05-02T16:13:16","slug":"concessionaria-devera-indenizar-motorista-que-bateu-em-pedra-na-br-381","status":"publish","type":"post","link":"https:\/\/aconteceunovale.com.br\/portal\/?p=148255","title":{"rendered":"Concession\u00e1ria dever\u00e1 indenizar motorista que bateu em pedra na BR-381"},"content":{"rendered":"<p>A Autopista Fern\u00e3o Dias dever\u00e1 indenizar um motorista em R$ 30 mil por danos morais e R$ 20 mil por danos est\u00e9ticos, devido a um acidente na BR-381, pr\u00f3ximo \u00e0 cidade de Itapeva, no Sul de Minas.<br \/>\n<center><br \/>\n<!-- Erro, o An\u00fancio n\u00e3o est\u00e1 dispon\u00edvel neste momento devido \u00e0s restri\u00e7\u00f5es de agendamento\/geolocaliza\u00e7\u00e3o! --><br \/>\n<\/br><br \/>\n<\/center><br \/>\nO condutor bateu com seu ve\u00edculo em uma pedra de 80kg, no meio da rodovia. Ap\u00f3s o choque, o carro tombou para o lado esquerdo, foi arrastado pelo canteiro central, atravessou a via oposta e chocou com um caminh\u00e3o que estava parado.<\/p>\n<p>O autor da a\u00e7\u00e3o alegou que, em consequ\u00eancia do acidente, precisou se submeter a uma cirurgia de extrema complexidade, com a presen\u00e7a de seis m\u00e9dicos e dura\u00e7\u00e3o de mais de cinco horas. Depois disso, ficou impossibilitado de exercer sua atividade de motorista profissional.<\/p>\n<p>Em sua defesa, a concession\u00e1ria sustentou que o acidente ocorreu por caso fortuito ou culpa de terceiros e n\u00e3o causou danos morais ou est\u00e9ticos indeniz\u00e1veis.<\/p>\n<p>No entanto, o relator do processo no Tribunal de Justi\u00e7a de Minas Gerais (TJMG), desembargador Ronaldo Claret, considerou que a responsabilidade civil das pessoas jur\u00eddicas de direito privado, prestadoras de servi\u00e7o p\u00fablico, \u00e9 objetiva e independe da exist\u00eancia de culpa ou dolo do cidad\u00e3o. Basta a comprova\u00e7\u00e3o do dano para o reconhecimento do dever de indenizar.<\/p>\n<p>De acordo com o magistrado, cabe \u00e0 concession\u00e1ria de servi\u00e7o rodovi\u00e1rio zelar para que os usu\u00e1rios das vias estejam preservados de riscos previs\u00edveis. Ela deve fornecer, para tanto, pavimenta\u00e7\u00e3o de boa qualidade, correta sinaliza\u00e7\u00e3o vertical e horizontal, poda e capina constantes da vegeta\u00e7\u00e3o que margeia a rodovia.<\/p>\n<p>No caso dos autos, n\u00e3o ficou comprovado que o acidente ocorreu em raz\u00e3o de caso fortuito ou culpa exclusiva da v\u00edtima. Ficou caracterizada a falha na presta\u00e7\u00e3o de servi\u00e7os por parte da concession\u00e1ria, da\u00ed o dever de indenizar.<\/p>\n<p><strong>VER PRIMEIRO<\/strong><\/p>\n<p>Receba as not\u00edcias do Aconteceu no Vale em primeira m\u00e3o. Clique em curtir no endere\u00e7o <a href=\"https:\/\/www.facebook.com\/aconteceunovale\" target=\"_blank\"><font color=\"red\">www.facebook.com\/aconteceunovale<\/font><\/a> ou no box abaixo:<\/p>\n<div class=\"fb-like\" data-href=\"https:\/\/www.facebook.com\/aconteceunovale\" data-width=\"120\" data-layout=\"standard\" data-action=\"like\" data-size=\"small\" data-show-faces=\"true\" data-share=\"true\"><\/div>\n<p><!-- Erro, o An\u00fancio n\u00e3o est\u00e1 dispon\u00edvel neste momento devido \u00e0s restri\u00e7\u00f5es de agendamento\/geolocaliza\u00e7\u00e3o! --><br \/>\n<\/br><\/p>\n<p><em>(Fonte: TJMG)<\/em><\/p>\n","protected":false},"excerpt":{"rendered":"<p>A Autopista Fern\u00e3o Dias dever\u00e1 indenizar um motorista em R$ 30 mil por danos morais e R$ 20 mil por danos est\u00e9ticos, devido a um acidente na BR-381, pr\u00f3ximo \u00e0 cidade de Itapeva, no Sul de Minas. O condutor bateu com seu ve\u00edculo em uma pedra de 80kg, no meio da rodovia. Ap\u00f3s o choque, [&hellip;]<\/p>\n","protected":false},"author":1,"featured_media":148256,"comment_status":"open","ping_status":"closed","sticky":false,"template":"","format":"standard","meta":{"amp_status":"","footnotes":""},"categories":[123],"tags":[28208,201464,201463,201461,41268,201462,270,92646],"class_list":["post-148255","post","type-post","status-publish","format-standard","has-post-thumbnail","hentry","category-gerais","tag-autopista-fernao-dias","tag-concessionaria-devera-indenizar-motorista-que-bateu-em-pedra-na-br-381","tag-concessionaria-e-condenada-a-indenizar-motorista-que-bateu-em-pedra-na-br-381","tag-condenacao-autopista-fernao-dias","tag-itapeva","tag-processo-autopista-fernao-dias","tag-tjmg","tag-tribunal-de-justica-de-minas-gerais"],"_links":{"self":[{"href":"https:\/\/aconteceunovale.com.br\/portal\/index.php?rest_route=\/wp\/v2\/posts\/148255","targetHints":{"allow":["GET"]}}],"collection":[{"href":"https:\/\/aconteceunovale.com.br\/portal\/index.php?rest_route=\/wp\/v2\/posts"}],"about":[{"href":"https:\/\/aconteceunovale.com.br\/portal\/index.php?rest_route=\/wp\/v2\/types\/post"}],"author":[{"embeddable":true,"href":"https:\/\/aconteceunovale.com.br\/portal\/index.php?rest_route=\/wp\/v2\/users\/1"}],"replies":[{"embeddable":true,"href":"https:\/\/aconteceunovale.com.br\/portal\/index.php?rest_route=%2Fwp%2Fv2%2Fcomments&post=148255"}],"version-history":[{"count":0,"href":"https:\/\/aconteceunovale.com.br\/portal\/index.php?rest_route=\/wp\/v2\/posts\/148255\/revisions"}],"wp:featuredmedia":[{"embeddable":true,"href":"https:\/\/aconteceunovale.com.br\/portal\/index.php?rest_route=\/wp\/v2\/media\/148256"}],"wp:attachment":[{"href":"https:\/\/aconteceunovale.com.br\/portal\/index.php?rest_route=%2Fwp%2Fv2%2Fmedia&parent=148255"}],"wp:term":[{"taxonomy":"category","embeddable":true,"href":"https:\/\/aconteceunovale.com.br\/portal\/index.php?rest_route=%2Fwp%2Fv2%2Fcategories&post=148255"},{"taxonomy":"post_tag","embeddable":true,"href":"https:\/\/aconteceunovale.com.br\/portal\/index.php?rest_route=%2Fwp%2Fv2%2Ftags&post=148255"}],"curies":[{"name":"wp","href":"https:\/\/api.w.org\/{rel}","templated":true}]}}