{"id":148253,"date":"2019-05-02T14:07:15","date_gmt":"2019-05-02T16:07:15","guid":{"rendered":"http:\/\/aconteceunovale.com.br\/portal\/?p=148253"},"modified":"2019-05-02T14:07:15","modified_gmt":"2019-05-02T16:07:15","slug":"biometria-se-torna-obrigatoria-em-mais-27-municipios-mineiros","status":"publish","type":"post","link":"https:\/\/aconteceunovale.com.br\/portal\/?p=148253","title":{"rendered":"Biometria se torna obrigat\u00f3ria em mais 27 munic\u00edpios mineiros"},"content":{"rendered":"<p>Nesta quinta-feira (02 de maio), mais 27 munic\u00edpios mineiros come\u00e7am o recadastramento obrigat\u00f3rio do eleitorado por meio da coleta de dados biom\u00e9tricos. Entre eles, est\u00e3o locais como Itajub\u00e1 e Sete Lagoas.<br \/>\n<center><br \/>\n<!-- Erro, o An\u00fancio n\u00e3o est\u00e1 dispon\u00edvel neste momento devido \u00e0s restri\u00e7\u00f5es de agendamento\/geolocaliza\u00e7\u00e3o! --><br \/>\n<\/br><br \/>\n<\/center><br \/>\nO\u00a0eleitorado total\u00a0das 27 cidades \u00e9 de\u00a0400.737, com 68.191 (17,02%) j\u00e1 biometrizados. O prazo para a conclus\u00e3o do procedimento varia entre outubro de 2019 e fevereiro de 2020. Confira a\u00a0<span style=\"color: #ff6600;\"><a title=\"\" href=\"http:\/\/www.tre-mg.jus.br\/imprensa\/tre-mg-arquivos-para-noticias\/tre-mg-27-municipios\" target=\"_blank\"><span style=\"color: #ff6600;\">tabela<\/span><\/a>\u00a0<\/span>(formato PDF) com o prazo e dados dos eleitores de cada munic\u00edpio (atualizados em 29 de abril).<\/p>\n<p>O comparecimento \u00e0 revis\u00e3o \u00e9 obrigat\u00f3rio para todos os eleitores registrados nesses munic\u00edpios que ainda n\u00e3o fizeram o recadastramento biom\u00e9trico. Aqueles que j\u00e1 coletaram a assinatura, foto e digitais n\u00e3o precisam fazer o cadastro novamente. O procedimento foi determinado pelo\u00a0<span style=\"color: #ff6600;\"><a title=\"\" href=\"http:\/\/www.tre-mg.jus.br\/legislacao\/provimentos-cre\/tre-mg-provimento-no-003-cre-2019\" target=\"_blank\"><span style=\"color: #ff6600;\">Provimento n\u00ba 003-CRE 2019<\/span><\/a><\/span>\u00a0(formato PDF) da Corregedoria Regional Eleitoral, que traz todas as normas para o atendimento ao eleitor dessas cidades.<\/p>\n<p><strong>Atendimento<\/strong><\/p>\n<p>Para fazer o recadastramento biom\u00e9trico, basta comparecer a um cart\u00f3rio eleitoral, central ou posto de atendimento levando\u00a0documento oficial de identidade que comprove a nacionalidade brasileira e comprovante de endere\u00e7o. S\u00e3o aceitos como documento a carteira de trabalho, carteira de identidade, carteiras emitidas por \u00f3rg\u00e3os reguladores de profiss\u00e3o, certid\u00e3o de nascimento ou de casamento. N\u00e3o s\u00e3o aceitos a carteira de habilita\u00e7\u00e3o e o novo passaporte. Homens que v\u00e3o fazer o alistamento eleitoral devem apresentar tamb\u00e9m comprovante de quita\u00e7\u00e3o do servi\u00e7o militar (de 1\u00ba de julho do ano em que completar 18 anos at\u00e9 31 de dezembro do ano em que completar 45 anos).<\/p>\n<p>O hor\u00e1rio de funcionamento dos cart\u00f3rios, centrais e postos \u00e9 de segunda a sexta-feira, de 12h \u00e0s 18h. Para se evitarem filas, o atendimento pode ser\u00a0agendado\u00a0no\u00a0<span style=\"color: #ff6600;\"><a title=\"\" href=\"http:\/\/www.tre-mg.jus.br\/eleitor\/agendamento\" target=\"_blank\"><span style=\"color: #ff6600;\">site do TRE<\/span><\/a><\/span>\u00a0ou pelo\u00a0Disque-Eleitor (telefone 148), mas os eleitores tamb\u00e9m podem ser atendidos por ordem de chegada.<\/p>\n<p><strong>Biometria em Minas Gerais<\/strong><\/p>\n<p>Em\u00a084 cidades de Minas\u00a0onde foi feito o recadastramento obrigat\u00f3rio, todo o eleitorado j\u00e1 votou com identifica\u00e7\u00e3o biom\u00e9trica nas \u00faltimas elei\u00e7\u00f5es. Em\u00a0<span style=\"color: #ff6600;\"><span style=\"color: #ff6600;\"><span style=\"color: #000000;\">129<\/span><\/span><\/span>, a revis\u00e3o biom\u00e9trica come\u00e7ou\u00a0entre fevereiro\u00a0e abril. Nesse grupo, h\u00e1\u00a011 cidades da Regi\u00e3o Metropolitana de Belo Horizonte:\u00a0Ibirit\u00e9, M\u00e1rio Campos, Nova Lima, Raposos, Ribeir\u00e3o das Neves, Rio Acima, Sabar\u00e1, Santa Luzia, S\u00e3o Jos\u00e9 da Lapa, Sarzedo e Vespasiano. Em outros 613 munic\u00edpios, inclusive na capital mineira, o atendimento ainda \u00e9 feito de forma ordin\u00e1ria, \u00e0 medida que os eleitores buscam algum atendimento da Justi\u00e7a Eleitoral.<\/p>\n<p>At\u00e9 o dia 29 de abril,\u00a05.213.562 eleitores em todo o estado\u00a0j\u00e1 haviam feito o recadastramento biom\u00e9trico. Isso representa\u00a033,08%\u00a0do eleitorado mineiro, que \u00e9 de 15.762.722.<\/p>\n<p><strong>VER PRIMEIRO<\/strong><\/p>\n<p>Receba as not\u00edcias do Aconteceu no Vale em primeira m\u00e3o. Clique em curtir no endere\u00e7o <a href=\"https:\/\/www.facebook.com\/aconteceunovale\" target=\"_blank\"><font color=\"red\">www.facebook.com\/aconteceunovale<\/font><\/a> ou no box abaixo:<\/p>\n<div class=\"fb-like\" data-href=\"https:\/\/www.facebook.com\/aconteceunovale\" data-width=\"120\" data-layout=\"standard\" data-action=\"like\" data-size=\"small\" data-show-faces=\"true\" data-share=\"true\"><\/div>\n<p><!-- Erro, o An\u00fancio n\u00e3o est\u00e1 dispon\u00edvel neste momento devido \u00e0s restri\u00e7\u00f5es de agendamento\/geolocaliza\u00e7\u00e3o! --><br \/>\n<\/br><\/p>\n<p><em>(Fonte: TRE-MG)<\/em><\/p>\n","protected":false},"excerpt":{"rendered":"<p>Nesta quinta-feira (02 de maio), mais 27 munic\u00edpios mineiros come\u00e7am o recadastramento obrigat\u00f3rio do eleitorado por meio da coleta de dados biom\u00e9tricos. Entre eles, est\u00e3o locais como Itajub\u00e1 e Sete Lagoas. O\u00a0eleitorado total\u00a0das 27 cidades \u00e9 de\u00a0400.737, com 68.191 (17,02%) j\u00e1 biometrizados. O prazo para a conclus\u00e3o do procedimento varia entre outubro de 2019 e [&hellip;]<\/p>\n","protected":false},"author":1,"featured_media":123883,"comment_status":"open","ping_status":"closed","sticky":false,"template":"","format":"standard","meta":{"amp_status":"","footnotes":""},"categories":[123],"tags":[72244,30021,146166,201460,14934,1746,143834,51736,24240,30023,30024,1494,295,30025,1544,776,3690,7524,1567,1496,1529,94782,63914,1733,18764,3674,18765,14129,1779,1498,4688,26146,3433,1532,95938,1576,1577,32690,1778,201459],"class_list":["post-148253","post","type-post","status-publish","format-standard","has-post-thumbnail","hentry","category-gerais","tag-antonio-prado-de-minas","tag-baldim","tag-biometria-em-minas-gerais","tag-biometria-se-torna-obrigatoria-em-mais-27-municipios-mineiros","tag-cachoeira-da-prata","tag-casa-grande","tag-cruzeiro-da-fortaleza","tag-delfim-moreira","tag-eugenopolis","tag-fortuna-de-minas","tag-funilandia","tag-ibirite","tag-imbe-de-minas","tag-inhauma","tag-itajuba","tag-itambe-do-mato-dentro","tag-jequitiba","tag-mario-campos","tag-merces","tag-nova-lima","tag-ouro-branco","tag-patrocinio-do-muriae","tag-pedra-dourada","tag-pingo-dagua","tag-raposos","tag-ribeirao-das-neves","tag-rio-acima","tag-rio-pomba","tag-sabara","tag-santa-luzia","tag-santana-de-pirapama","tag-sao-jose-da-lapa","tag-sarzedo","tag-sete-lagoas","tag-silverania","tag-tabuleiro","tag-tocantins","tag-tombos","tag-vespasiano","tag-wenceslau-braz"],"_links":{"self":[{"href":"https:\/\/aconteceunovale.com.br\/portal\/index.php?rest_route=\/wp\/v2\/posts\/148253","targetHints":{"allow":["GET"]}}],"collection":[{"href":"https:\/\/aconteceunovale.com.br\/portal\/index.php?rest_route=\/wp\/v2\/posts"}],"about":[{"href":"https:\/\/aconteceunovale.com.br\/portal\/index.php?rest_route=\/wp\/v2\/types\/post"}],"author":[{"embeddable":true,"href":"https:\/\/aconteceunovale.com.br\/portal\/index.php?rest_route=\/wp\/v2\/users\/1"}],"replies":[{"embeddable":true,"href":"https:\/\/aconteceunovale.com.br\/portal\/index.php?rest_route=%2Fwp%2Fv2%2Fcomments&post=148253"}],"version-history":[{"count":0,"href":"https:\/\/aconteceunovale.com.br\/portal\/index.php?rest_route=\/wp\/v2\/posts\/148253\/revisions"}],"wp:featuredmedia":[{"embeddable":true,"href":"https:\/\/aconteceunovale.com.br\/portal\/index.php?rest_route=\/wp\/v2\/media\/123883"}],"wp:attachment":[{"href":"https:\/\/aconteceunovale.com.br\/portal\/index.php?rest_route=%2Fwp%2Fv2%2Fmedia&parent=148253"}],"wp:term":[{"taxonomy":"category","embeddable":true,"href":"https:\/\/aconteceunovale.com.br\/portal\/index.php?rest_route=%2Fwp%2Fv2%2Fcategories&post=148253"},{"taxonomy":"post_tag","embeddable":true,"href":"https:\/\/aconteceunovale.com.br\/portal\/index.php?rest_route=%2Fwp%2Fv2%2Ftags&post=148253"}],"curies":[{"name":"wp","href":"https:\/\/api.w.org\/{rel}","templated":true}]}}