{"id":148240,"date":"2019-05-02T12:06:21","date_gmt":"2019-05-02T14:06:21","guid":{"rendered":"http:\/\/aconteceunovale.com.br\/portal\/?p=148240"},"modified":"2019-05-02T12:06:21","modified_gmt":"2019-05-02T14:06:21","slug":"veiculo-pega-fogo-no-centro-de-governador-valadares","status":"publish","type":"post","link":"https:\/\/aconteceunovale.com.br\/portal\/?p=148240","title":{"rendered":"Ve\u00edculo pega fogo no Centro de Governador Valadares"},"content":{"rendered":"<p>Um carro foi destru\u00eddo por um inc\u00eandio no in\u00edcio da manh\u00e3 desta quinta-feira (02\/05\/2019) na Avenida Brasil, regi\u00e3o central de Governador Valadares, no Vale do Rio Doce. Uma equipe do Corpo de Bombeiros foi acionada e usou cerca de 500 litros de \u00e1gua para combater as chamas.<\/p>\n<p>A suspeita inicial \u00e9 de que o fogo tenha iniciado ap\u00f3s curto circuito no sistema el\u00e9trico do carro. O ve\u00edculo foi liberado ao propriet\u00e1rio para um local adequado.<\/p>\n<p><img decoding=\"async\" src=\"http:\/\/aconteceunovale.com.br\/portal\/wp-content\/uploads\/2019\/05\/incendio_gv_1.jpg\" alt=\"\" \/><em>Foto: Caso de Pol\u00edcia\/Reprodu\u00e7\u00e3o<\/em><br \/>\n<\/br><\/p>\n<p><img decoding=\"async\" src=\"http:\/\/aconteceunovale.com.br\/portal\/wp-content\/uploads\/2019\/05\/incendio_gv_2.jpg\" alt=\"\" \/><em>Foto: Caso de Pol\u00edcia\/Reprodu\u00e7\u00e3o<\/em><br \/>\n<\/br><\/p>\n<p><img decoding=\"async\" src=\"http:\/\/aconteceunovale.com.br\/portal\/wp-content\/uploads\/2019\/05\/incendio_gv_3.jpg\" alt=\"\" \/><em>Foto: Caso de Pol\u00edcia\/Reprodu\u00e7\u00e3o<\/em><br \/>\n<\/br><\/p>\n<p><em>Leandro Silva | Aconteceu no Vale<br \/>\nPublicado em: 02\/05\/2019, \u00e0s 11h06<\/em><\/p>\n<p><strong>VER PRIMEIRO<\/strong><\/p>\n<p>Receba as not\u00edcias do Aconteceu no Vale em primeira m\u00e3o. Clique em curtir no endere\u00e7o <a href=\"https:\/\/www.facebook.com\/aconteceunovale\" target=\"_blank\"><font color=\"red\">www.facebook.com\/aconteceunovale<\/font><\/a> ou no box abaixo:<\/p>\n<div class=\"fb-like\" data-href=\"https:\/\/www.facebook.com\/aconteceunovale\" data-width=\"120\" data-layout=\"standard\" data-action=\"like\" data-size=\"small\" data-show-faces=\"true\" data-share=\"true\"><\/div>\n<p><!-- Erro, o An\u00fancio n\u00e3o est\u00e1 dispon\u00edvel neste momento devido \u00e0s restri\u00e7\u00f5es de agendamento\/geolocaliza\u00e7\u00e3o! --><br \/>\n<\/br><\/p>\n","protected":false},"excerpt":{"rendered":"<p>Um carro foi destru\u00eddo por um inc\u00eandio no in\u00edcio da manh\u00e3 desta quinta-feira (02\/05\/2019) na Avenida Brasil, regi\u00e3o central de Governador Valadares, no Vale do Rio Doce. Uma equipe do Corpo de Bombeiros foi acionada e usou cerca de 500 litros de \u00e1gua para combater as chamas. A suspeita inicial \u00e9 de que o fogo [&hellip;]<\/p>\n","protected":false},"author":1,"featured_media":148241,"comment_status":"open","ping_status":"closed","sticky":false,"template":"","format":"standard","meta":{"amp_status":"","footnotes":""},"categories":[121],"tags":[201442,247,201440,47472,201441,201439],"class_list":["post-148240","post","type-post","status-publish","format-standard","has-post-thumbnail","hentry","category-leste","tag-carro-pega-fogo-em-governador-valadares","tag-governador-valadares","tag-incendio-em-carro-em-governador-valadares","tag-incendio-em-governador-valadares","tag-incendio-na-avenida-brasil-em-governador-valadares","tag-veiculo-pega-fogo-no-centro-de-governador-valadares"],"_links":{"self":[{"href":"https:\/\/aconteceunovale.com.br\/portal\/index.php?rest_route=\/wp\/v2\/posts\/148240","targetHints":{"allow":["GET"]}}],"collection":[{"href":"https:\/\/aconteceunovale.com.br\/portal\/index.php?rest_route=\/wp\/v2\/posts"}],"about":[{"href":"https:\/\/aconteceunovale.com.br\/portal\/index.php?rest_route=\/wp\/v2\/types\/post"}],"author":[{"embeddable":true,"href":"https:\/\/aconteceunovale.com.br\/portal\/index.php?rest_route=\/wp\/v2\/users\/1"}],"replies":[{"embeddable":true,"href":"https:\/\/aconteceunovale.com.br\/portal\/index.php?rest_route=%2Fwp%2Fv2%2Fcomments&post=148240"}],"version-history":[{"count":0,"href":"https:\/\/aconteceunovale.com.br\/portal\/index.php?rest_route=\/wp\/v2\/posts\/148240\/revisions"}],"wp:featuredmedia":[{"embeddable":true,"href":"https:\/\/aconteceunovale.com.br\/portal\/index.php?rest_route=\/wp\/v2\/media\/148241"}],"wp:attachment":[{"href":"https:\/\/aconteceunovale.com.br\/portal\/index.php?rest_route=%2Fwp%2Fv2%2Fmedia&parent=148240"}],"wp:term":[{"taxonomy":"category","embeddable":true,"href":"https:\/\/aconteceunovale.com.br\/portal\/index.php?rest_route=%2Fwp%2Fv2%2Fcategories&post=148240"},{"taxonomy":"post_tag","embeddable":true,"href":"https:\/\/aconteceunovale.com.br\/portal\/index.php?rest_route=%2Fwp%2Fv2%2Ftags&post=148240"}],"curies":[{"name":"wp","href":"https:\/\/api.w.org\/{rel}","templated":true}]}}