{"id":148232,"date":"2019-05-02T11:37:20","date_gmt":"2019-05-02T13:37:20","guid":{"rendered":"http:\/\/aconteceunovale.com.br\/portal\/?p=148232"},"modified":"2019-05-02T11:37:20","modified_gmt":"2019-05-02T13:37:20","slug":"confins-e-outros-tres-aeroportos-adotam-novas-regras-para-bagagem-de-mao","status":"publish","type":"post","link":"https:\/\/aconteceunovale.com.br\/portal\/?p=148232","title":{"rendered":"Confins e outros tr\u00eas aeroportos adotam novas regras para bagagem de m\u00e3o"},"content":{"rendered":"<p>Os aeroportos de Fortaleza (Pinto Martins), Belo Horizonte (Confins), Recife (Guararapes) e de Bel\u00e9m (Val-de-Cans) come\u00e7am hoje (2) a adotar fiscaliza\u00e7\u00e3o rigorosa das bagagens de m\u00e3o em voos dom\u00e9sticos, segundo a Associa\u00e7\u00e3o Brasileira das Empresas A\u00e9reas (Abear). Os aeroportos de Bras\u00edlia (Juscelino Kubitschek), Natal (Alu\u00edzio Alves), Curitiba (Afonso Pena) e Campinas (Viracopos) adotaram medida semelhante desde 25 de abril.<br \/>\n<center><br \/>\n<!-- Erro, o An\u00fancio n\u00e3o est\u00e1 dispon\u00edvel neste momento devido \u00e0s restri\u00e7\u00f5es de agendamento\/geolocaliza\u00e7\u00e3o! --><br \/>\n<\/br><br \/>\n<\/center><br \/>\nDe acordo com a Abear, o passageiro que estiver com a bagagem de m\u00e3o fora das especifica\u00e7\u00f5es de peso e tamanho definidos pela Ag\u00eancia Nacional de Avia\u00e7\u00e3o Civil (Anac) &#8211; peso m\u00e1ximo de 10 quilos e dimens\u00f5es de, no m\u00e1ximo, 55 cent\u00edmetros (cm) de altura por 35 cm de largura e 25 cm de profundidade &#8211; ter\u00e1 obrigatoriamente que despach\u00e1-la no compartimento de malas do avi\u00e3o.<\/p>\n<p>A Abear informa tamb\u00e9m que os mesmos crit\u00e9rios valem, inclusive, para qualquer outro tipo de volume que n\u00e3o esteja dentro das especifica\u00e7\u00f5es definidas pela Anac para ser embarcado no compartimento de bagagem da \u00e1rea de passageiros. Por exemplo, instrumento musical, equipamento eletr\u00f4nico, beb\u00ea confort etc.<\/p>\n<p>A Abear orienta os passageiros que, no caso de d\u00favida, entrem em contato com a empresa a\u00e9rea antes da viagem. A entidade tamb\u00e9m disponibiliza um link (passageiros) em sua\u00a0<span style=\"color: #ff6600;\"><a href=\"https:\/\/abear.com.br\/\" target=\"_blank\"><span style=\"color: #ff6600;\">p\u00e1gina na internet<\/span><\/a><\/span>, com informa\u00e7\u00f5es sobre bagagem.<\/p>\n<p><img decoding=\"async\" src=\"http:\/\/aconteceunovale.com.br\/portal\/wp-content\/uploads\/2019\/05\/bagagens_aeroporto.jpeg\" alt=\"\" \/><em>Foto: Pedro Rafael Vilela\/Rep\u00f3rter da Ag\u00eancia Brasil<\/em><br \/>\n<\/br><\/p>\n<p><strong>VER PRIMEIRO<\/strong><\/p>\n<p>Receba as not\u00edcias do Aconteceu no Vale em primeira m\u00e3o. Clique em curtir no endere\u00e7o <a href=\"https:\/\/www.facebook.com\/aconteceunovale\" target=\"_blank\"><font color=\"red\">www.facebook.com\/aconteceunovale<\/font><\/a> ou no box abaixo:<\/p>\n<div class=\"fb-like\" data-href=\"https:\/\/www.facebook.com\/aconteceunovale\" data-width=\"120\" data-layout=\"standard\" data-action=\"like\" data-size=\"small\" data-show-faces=\"true\" data-share=\"true\"><\/div>\n<p><!-- Erro, o An\u00fancio n\u00e3o est\u00e1 dispon\u00edvel neste momento devido \u00e0s restri\u00e7\u00f5es de agendamento\/geolocaliza\u00e7\u00e3o! --><br \/>\n<\/br><\/p>\n<p><em>(Fonte: Ag\u00eancia Brasil)<\/em><\/p>\n","protected":false},"excerpt":{"rendered":"<p>Os aeroportos de Fortaleza (Pinto Martins), Belo Horizonte (Confins), Recife (Guararapes) e de Bel\u00e9m (Val-de-Cans) come\u00e7am hoje (2) a adotar fiscaliza\u00e7\u00e3o rigorosa das bagagens de m\u00e3o em voos dom\u00e9sticos, segundo a Associa\u00e7\u00e3o Brasileira das Empresas A\u00e9reas (Abear). Os aeroportos de Bras\u00edlia (Juscelino Kubitschek), Natal (Alu\u00edzio Alves), Curitiba (Afonso Pena) e Campinas (Viracopos) adotaram medida semelhante [&hellip;]<\/p>\n","protected":false},"author":1,"featured_media":148233,"comment_status":"open","ping_status":"closed","sticky":false,"template":"","format":"standard","meta":{"amp_status":"","footnotes":""},"categories":[6,123],"tags":[100303,2581,100302,183517,44110,194,1017,201425,201424,201423,14684,201422,201421,21177],"class_list":["post-148232","post","type-post","status-publish","format-standard","has-post-thumbnail","hentry","category-br","category-gerais","tag-abear","tag-anac","tag-associacao-brasileira-das-empresas-aereas","tag-bagagem-de-mao","tag-belem","tag-belo-horizonte","tag-bh","tag-confins-e-outros-tres-aeroportos-adotam-novas-regras-para-bagagem-de-mao","tag-fiscalizacao-das-bagagens-de-mao-em-voos-domesticos","tag-fiscalizacao-rigorosa-das-bagagens-de-mao-em-voos-domesticos","tag-fortaleza","tag-mudancas-de-regras-para-bagagem-de-mao","tag-novas-regras-bagagem-de-mao","tag-recife"],"_links":{"self":[{"href":"https:\/\/aconteceunovale.com.br\/portal\/index.php?rest_route=\/wp\/v2\/posts\/148232","targetHints":{"allow":["GET"]}}],"collection":[{"href":"https:\/\/aconteceunovale.com.br\/portal\/index.php?rest_route=\/wp\/v2\/posts"}],"about":[{"href":"https:\/\/aconteceunovale.com.br\/portal\/index.php?rest_route=\/wp\/v2\/types\/post"}],"author":[{"embeddable":true,"href":"https:\/\/aconteceunovale.com.br\/portal\/index.php?rest_route=\/wp\/v2\/users\/1"}],"replies":[{"embeddable":true,"href":"https:\/\/aconteceunovale.com.br\/portal\/index.php?rest_route=%2Fwp%2Fv2%2Fcomments&post=148232"}],"version-history":[{"count":0,"href":"https:\/\/aconteceunovale.com.br\/portal\/index.php?rest_route=\/wp\/v2\/posts\/148232\/revisions"}],"wp:featuredmedia":[{"embeddable":true,"href":"https:\/\/aconteceunovale.com.br\/portal\/index.php?rest_route=\/wp\/v2\/media\/148233"}],"wp:attachment":[{"href":"https:\/\/aconteceunovale.com.br\/portal\/index.php?rest_route=%2Fwp%2Fv2%2Fmedia&parent=148232"}],"wp:term":[{"taxonomy":"category","embeddable":true,"href":"https:\/\/aconteceunovale.com.br\/portal\/index.php?rest_route=%2Fwp%2Fv2%2Fcategories&post=148232"},{"taxonomy":"post_tag","embeddable":true,"href":"https:\/\/aconteceunovale.com.br\/portal\/index.php?rest_route=%2Fwp%2Fv2%2Ftags&post=148232"}],"curies":[{"name":"wp","href":"https:\/\/api.w.org\/{rel}","templated":true}]}}