{"id":148230,"date":"2019-05-02T10:43:48","date_gmt":"2019-05-02T12:43:48","guid":{"rendered":"http:\/\/aconteceunovale.com.br\/portal\/?p=148230"},"modified":"2019-05-02T10:43:48","modified_gmt":"2019-05-02T12:43:48","slug":"ministerio-da-educacao-prorroga-prazo-de-renovacao-do-fies","status":"publish","type":"post","link":"https:\/\/aconteceunovale.com.br\/portal\/?p=148230","title":{"rendered":"Minist\u00e9rio da Educa\u00e7\u00e3o prorroga prazo de renova\u00e7\u00e3o do Fies"},"content":{"rendered":"<p>O\u00a0<em>Di\u00e1rio Oficial da Uni\u00e3o<\/em>\u00a0de hoje (2) publica portaria do Minist\u00e9rio da Educa\u00e7\u00e3o que prorroga, at\u00e9 dia 15 de maio, o prazo para a renova\u00e7\u00e3o semestral dos contratos de financiamento concedidos pelo Fundo de Financiamento Estudantil (Fies), simplificados e n\u00e3o simplificados, referentes ao 1\u00ba semestre de 2019.<br \/>\n<center><br \/>\n<!-- Erro, o An\u00fancio n\u00e3o est\u00e1 dispon\u00edvel neste momento devido \u00e0s restri\u00e7\u00f5es de agendamento\/geolocaliza\u00e7\u00e3o! --><br \/>\n<\/br><br \/>\n<\/center><br \/>\nA mesma portaria prorroga, para a mesma data, o prazo para a realiza\u00e7\u00e3o da transfer\u00eancia integral de curso ou institui\u00e7\u00e3o de ensino, bem como de solicita\u00e7\u00e3o de dilata\u00e7\u00e3o do prazo para a utiliza\u00e7\u00e3o do financiamento.<\/p>\n<p>As prorroga\u00e7\u00f5es a que se refere a portaria dever\u00e3o ser feitas por meio do Sistema de Financiamento ao Estudante (SisFIES), no site do\u00a0<span style=\"color: #ff6600;\"><a href=\"http:\/\/www.mec.gov.br\/\" target=\"_blank\"><span style=\"color: #ff6600;\">Minist\u00e9rio da Educa\u00e7\u00e3o<\/span><\/a><\/span>\u00a0e do\u00a0<span style=\"color: #ff6600;\"><a href=\"http:\/\/www.fnde.gov.br\/\" target=\"_blank\"><span style=\"color: #ff6600;\">Fundo Nacional de Desenvolvimento da Educa\u00e7\u00e3o<\/span><\/a><\/span>.<\/p>\n<p><strong>VER PRIMEIRO<\/strong><\/p>\n<p>Receba as not\u00edcias do Aconteceu no Vale em primeira m\u00e3o. Clique em curtir no endere\u00e7o <a href=\"https:\/\/www.facebook.com\/aconteceunovale\" target=\"_blank\"><font color=\"red\">www.facebook.com\/aconteceunovale<\/font><\/a> ou no box abaixo:<\/p>\n<div class=\"fb-like\" data-href=\"https:\/\/www.facebook.com\/aconteceunovale\" data-width=\"120\" data-layout=\"standard\" data-action=\"like\" data-size=\"small\" data-show-faces=\"true\" data-share=\"true\"><\/div>\n<p><!-- Erro, o An\u00fancio n\u00e3o est\u00e1 dispon\u00edvel neste momento devido \u00e0s restri\u00e7\u00f5es de agendamento\/geolocaliza\u00e7\u00e3o! --><br \/>\n<\/br><\/p>\n<p><em>(Fonte: Ag\u00eancia Brasil)<\/em><\/p>\n","protected":false},"excerpt":{"rendered":"<p>O\u00a0Di\u00e1rio Oficial da Uni\u00e3o\u00a0de hoje (2) publica portaria do Minist\u00e9rio da Educa\u00e7\u00e3o que prorroga, at\u00e9 dia 15 de maio, o prazo para a renova\u00e7\u00e3o semestral dos contratos de financiamento concedidos pelo Fundo de Financiamento Estudantil (Fies), simplificados e n\u00e3o simplificados, referentes ao 1\u00ba semestre de 2019. A mesma portaria prorroga, para a mesma data, o [&hellip;]<\/p>\n","protected":false},"author":1,"featured_media":113652,"comment_status":"open","ping_status":"closed","sticky":false,"template":"","format":"standard","meta":{"amp_status":"","footnotes":""},"categories":[6,40238],"tags":[665,34998,1168,22390,201420,133068,44435],"class_list":["post-148230","post","type-post","status-publish","format-standard","has-post-thumbnail","hentry","category-br","category-educacao-2","tag-fies","tag-fundo-de-financiamento-estudantil","tag-mec","tag-ministerio-da-educacao","tag-ministerio-da-educacao-prorroga-prazo-de-renovacao-do-fies","tag-prazo-para-renovacao-do-fies","tag-renovacao-do-fies"],"_links":{"self":[{"href":"https:\/\/aconteceunovale.com.br\/portal\/index.php?rest_route=\/wp\/v2\/posts\/148230","targetHints":{"allow":["GET"]}}],"collection":[{"href":"https:\/\/aconteceunovale.com.br\/portal\/index.php?rest_route=\/wp\/v2\/posts"}],"about":[{"href":"https:\/\/aconteceunovale.com.br\/portal\/index.php?rest_route=\/wp\/v2\/types\/post"}],"author":[{"embeddable":true,"href":"https:\/\/aconteceunovale.com.br\/portal\/index.php?rest_route=\/wp\/v2\/users\/1"}],"replies":[{"embeddable":true,"href":"https:\/\/aconteceunovale.com.br\/portal\/index.php?rest_route=%2Fwp%2Fv2%2Fcomments&post=148230"}],"version-history":[{"count":0,"href":"https:\/\/aconteceunovale.com.br\/portal\/index.php?rest_route=\/wp\/v2\/posts\/148230\/revisions"}],"wp:featuredmedia":[{"embeddable":true,"href":"https:\/\/aconteceunovale.com.br\/portal\/index.php?rest_route=\/wp\/v2\/media\/113652"}],"wp:attachment":[{"href":"https:\/\/aconteceunovale.com.br\/portal\/index.php?rest_route=%2Fwp%2Fv2%2Fmedia&parent=148230"}],"wp:term":[{"taxonomy":"category","embeddable":true,"href":"https:\/\/aconteceunovale.com.br\/portal\/index.php?rest_route=%2Fwp%2Fv2%2Fcategories&post=148230"},{"taxonomy":"post_tag","embeddable":true,"href":"https:\/\/aconteceunovale.com.br\/portal\/index.php?rest_route=%2Fwp%2Fv2%2Ftags&post=148230"}],"curies":[{"name":"wp","href":"https:\/\/api.w.org\/{rel}","templated":true}]}}