{"id":148227,"date":"2019-05-02T10:28:35","date_gmt":"2019-05-02T12:28:35","guid":{"rendered":"http:\/\/aconteceunovale.com.br\/portal\/?p=148227"},"modified":"2019-05-02T10:28:35","modified_gmt":"2019-05-02T12:28:35","slug":"receita-federal-recebe-imposto-de-renda-de-quem-nao-entregou-dentro-do-prazo","status":"publish","type":"post","link":"https:\/\/aconteceunovale.com.br\/portal\/?p=148227","title":{"rendered":"Receita Federal recebe Imposto de Renda de quem n\u00e3o entregou dentro do prazo"},"content":{"rendered":"<p>Os contribuintes que perderam o prazo de entrega da declara\u00e7\u00e3o de Imposto de Renda das Pessoas F\u00edsicas 2019 podem enviar o documento a partir de hoje (2).<br \/>\n<center><br \/>\n<!-- Erro, o An\u00fancio n\u00e3o est\u00e1 dispon\u00edvel neste momento devido \u00e0s restri\u00e7\u00f5es de agendamento\/geolocaliza\u00e7\u00e3o! --><br \/>\n<\/br><br \/>\n<\/center><br \/>\nO contribuinte \u00e9 multado em 1% do imposto devido por m\u00eas de atraso (limitado a 20% do imposto total) ou em R$ 165,74, prevalecendo o maior valor. N\u00e3o ser\u00e1 preciso baixar um novo programa. O pr\u00f3prio sistema far\u00e1 a atualiza\u00e7\u00e3o dos valores na hora de imprimir a guia.<\/p>\n<p>A Receita Federal recebeu at\u00e9 30 de abril, \u00faltimo dia do prazo de entrega, 30.677.080 de declara\u00e7\u00f5es, crescimento de 4,8% em rela\u00e7\u00e3o ao ano passado. De acordo com o Fisco, a causa prov\u00e1vel para o aumento \u00e9 que mais contribuintes resolveram entregar a declara\u00e7\u00e3o dentro do prazo este ano.<\/p>\n<p>O programa de preenchimento da declara\u00e7\u00e3o do Imposto de Renda da Pessoa F\u00edsica de 2019, ano base 2018, est\u00e1 dispon\u00edvel no site da Receita Federal. Tamb\u00e9m \u00e9 poss\u00edvel preencher e enviar o documento por meio do aplicativo Meu Imposto de Renda para tablets e celulares.\u00a0<a href=\"http:\/\/receita.economia.gov.br\/interface\/cidadao\/irpf\/2019\" target=\"_blank\"><span style=\"color: #ff6600;\">Por meio do aplicativo<\/span>,<\/a>\u00a0\u00e9 poss\u00edvel ainda fazer retifica\u00e7\u00f5es depois do envio da declara\u00e7\u00e3o.<\/p>\n<h2>Restitui\u00e7\u00f5es<\/h2>\n<p>O pagamento das restitui\u00e7\u00f5es come\u00e7a em 17 de junho e vai at\u00e9 16 de dezembro, em sete lotes mensais. Quanto antes o contribuinte tiver entregado a declara\u00e7\u00e3o com os dados corretos \u00e0 Receita, mais cedo ser\u00e1 ressarcido. T\u00eam prioridade no recebimento pessoas com mais de 60 anos, contribuintes com defici\u00eancia f\u00edsica ou mental e os que t\u00eam doen\u00e7a grave.<\/p>\n<h2>Extrato<\/h2>\n<p>Segundo a Receita, o contribuinte pode acompanhar o processamento da declara\u00e7\u00e3o no servi\u00e7o Meu Imposto de Renda, dispon\u00edvel no Centro Virtual de Atendimento (e-CAC), no site da Receita. Por meio do extrato, \u00e9 poss\u00edvel verificar pend\u00eancias e fazer uma declara\u00e7\u00e3o retificadora para evitar cair na malha fina.<\/p>\n<p>Neste ano, est\u00e1 obrigado a declarar quem recebeu rendimentos tribut\u00e1veis, em 2018, em valores superiores a R$ 28.559,70. No caso da atividade rural, deve declarar quem teve receita bruta acima R$ 142.798,50.<\/p>\n<p>Tamb\u00e9m est\u00e3o obrigadas a declarar as pessoas f\u00edsicas residentes no Brasil que receberam rendimentos isentos, n\u00e3o tribut\u00e1veis ou tributados exclusivamente na fonte, cuja soma for superior a R$ 40 mil; que obtiveram, em qualquer m\u00eas, ganho de capital na aliena\u00e7\u00e3o de bens e direitos, sujeito \u00e0 incid\u00eancia do imposto ou que realizaram opera\u00e7\u00f5es em bolsas de valores; que pretendem compensar preju\u00edzos com a atividade rural; que tiveram, em 31 de dezembro de 2018, a posse ou a propriedade de bens e direitos, inclusive terra nua, de valor total superior a R$ 300 mil; que passaram \u00e0 condi\u00e7\u00e3o de residentes no Brasil em qualquer m\u00eas e assim se encontravam em 31 de dezembro ou que optaram pela isen\u00e7\u00e3o do IR incidente sobre o ganho de capital com a venda de im\u00f3veis residenciais para a compra de outro im\u00f3vel no pa\u00eds, no prazo de 180 dias contados do contrato de venda.<\/p>\n<p><strong>VER PRIMEIRO<\/strong><\/p>\n<p>Receba as not\u00edcias do Aconteceu no Vale em primeira m\u00e3o. Clique em curtir no endere\u00e7o <a href=\"https:\/\/www.facebook.com\/aconteceunovale\" target=\"_blank\"><font color=\"red\">www.facebook.com\/aconteceunovale<\/font><\/a> ou no box abaixo:<\/p>\n<div class=\"fb-like\" data-href=\"https:\/\/www.facebook.com\/aconteceunovale\" data-width=\"120\" data-layout=\"standard\" data-action=\"like\" data-size=\"small\" data-show-faces=\"true\" data-share=\"true\"><\/div>\n<p><!-- Erro, o An\u00fancio n\u00e3o est\u00e1 dispon\u00edvel neste momento devido \u00e0s restri\u00e7\u00f5es de agendamento\/geolocaliza\u00e7\u00e3o! --><br \/>\n<\/br><\/p>\n<p><em>(Fonte: Ag\u00eancia Brasil)<\/em><\/p>\n","protected":false},"excerpt":{"rendered":"<p>Os contribuintes que perderam o prazo de entrega da declara\u00e7\u00e3o de Imposto de Renda das Pessoas F\u00edsicas 2019 podem enviar o documento a partir de hoje (2). O contribuinte \u00e9 multado em 1% do imposto devido por m\u00eas de atraso (limitado a 20% do imposto total) ou em R$ 165,74, prevalecendo o maior valor. N\u00e3o [&hellip;]<\/p>\n","protected":false},"author":1,"featured_media":148228,"comment_status":"open","ping_status":"closed","sticky":false,"template":"","format":"standard","meta":{"amp_status":"","footnotes":""},"categories":[6],"tags":[200360,196890,196318,201165,21726,195776,195777,195778,195781,195779,195780,2124,1468,21727,200833,201232,200361,196888,20123,196885,196886,201166,140998,201167,195883,195880,195882,195881,196887,196889,21725,1464,201419,197413],"class_list":["post-148227","post","type-post","status-publish","format-standard","has-post-thumbnail","hentry","category-br","tag-a-15-dias-do-fim-do-prazo","tag-comeca-nesta-quinta-feira-o-prazo-para-entregar-a-declaracao-do-imposto-de-renda","tag-contribuinte-pode-aproveitar-feriado-para-preparar-declaracao-do-imposto-de-renda","tag-contribuintes-tem-ate-hoje-para-entregar-imposto-de-renda","tag-declaracao","tag-declaracao-de-imposto-de-renda-da-pessoa-fisica","tag-declaracao-de-imposto-de-renda-da-pessoa-fisica-2019","tag-declaracao-do-imposto-de-renda-2019","tag-declaracao-do-imposto-de-renda-deve-ser-entregue-entre-7-de-marco-e-30-de-abril","tag-declaracao-irpf","tag-declaracao-irpf-2019","tag-economia","tag-imposto-de-renda","tag-irpf","tag-mais-de-13-milhoes-ainda-nao-enviaram-declaracao-do-imposto-de-renda","tag-mais-de-3-milhoes-ainda-nao-entregaram-o-imposto-de-renda","tag-menos-da-metade-declarou-imposto-de-renda","tag-obrigado-a-declarar-imposto-de-renda","tag-prazo","tag-prazo-de-entrega-da-declaracao-do-imposto-de-renda","tag-prazo-de-entrega-da-declaracao-do-imposto-de-renda-2019","tag-prazo-declarar-imposto-de-renda","tag-prazo-imposto-de-renda","tag-prazo-para-entregar-imposto-de-renda","tag-programa-de-declaracao-do-imposto-de-renda-esta-disponivel","tag-programa-imposto-de-renda","tag-programa-imposto-de-renda-2019","tag-programa-irpf","tag-quem-e-obrigado-a-declarar-imposto-de-renda","tag-quem-tem-obrigacao-de-declarar-imposto-de-renda","tag-receita","tag-receita-federal","tag-receita-federal-recebe-imposto-de-renda-de-quem-nao-entregou-dentro-do-prazo","tag-veja-motivos-para-nao-deixar-a-declaracao-do-imposto-de-renda-para-a-ultima-hora"],"_links":{"self":[{"href":"https:\/\/aconteceunovale.com.br\/portal\/index.php?rest_route=\/wp\/v2\/posts\/148227","targetHints":{"allow":["GET"]}}],"collection":[{"href":"https:\/\/aconteceunovale.com.br\/portal\/index.php?rest_route=\/wp\/v2\/posts"}],"about":[{"href":"https:\/\/aconteceunovale.com.br\/portal\/index.php?rest_route=\/wp\/v2\/types\/post"}],"author":[{"embeddable":true,"href":"https:\/\/aconteceunovale.com.br\/portal\/index.php?rest_route=\/wp\/v2\/users\/1"}],"replies":[{"embeddable":true,"href":"https:\/\/aconteceunovale.com.br\/portal\/index.php?rest_route=%2Fwp%2Fv2%2Fcomments&post=148227"}],"version-history":[{"count":0,"href":"https:\/\/aconteceunovale.com.br\/portal\/index.php?rest_route=\/wp\/v2\/posts\/148227\/revisions"}],"wp:featuredmedia":[{"embeddable":true,"href":"https:\/\/aconteceunovale.com.br\/portal\/index.php?rest_route=\/wp\/v2\/media\/148228"}],"wp:attachment":[{"href":"https:\/\/aconteceunovale.com.br\/portal\/index.php?rest_route=%2Fwp%2Fv2%2Fmedia&parent=148227"}],"wp:term":[{"taxonomy":"category","embeddable":true,"href":"https:\/\/aconteceunovale.com.br\/portal\/index.php?rest_route=%2Fwp%2Fv2%2Fcategories&post=148227"},{"taxonomy":"post_tag","embeddable":true,"href":"https:\/\/aconteceunovale.com.br\/portal\/index.php?rest_route=%2Fwp%2Fv2%2Ftags&post=148227"}],"curies":[{"name":"wp","href":"https:\/\/api.w.org\/{rel}","templated":true}]}}