{"id":148221,"date":"2019-05-02T08:56:45","date_gmt":"2019-05-02T10:56:45","guid":{"rendered":"http:\/\/aconteceunovale.com.br\/portal\/?p=148221"},"modified":"2019-05-02T08:56:45","modified_gmt":"2019-05-02T10:56:45","slug":"justica-busca-responsaveis-pelo-golpe-diz-maduro","status":"publish","type":"post","link":"https:\/\/aconteceunovale.com.br\/portal\/?p=148221","title":{"rendered":"Justi\u00e7a busca respons\u00e1veis pelo golpe, diz Maduro"},"content":{"rendered":"<p>O presidente da Venezuela, Nicol\u00e1s Maduro, disse nessa quarta-feira (1\u00ba) que a Justi\u00e7a est\u00e1 em busca dos respons\u00e1veis pela revolta militar que foi contida na ter\u00e7a-feira (30) pelo governo, e que eles, &#8220;mais cedo ou mais tarde&#8221;, pagar\u00e3o com a pris\u00e3o pelo crime de trai\u00e7\u00e3o.<br \/>\n<center><br \/>\n<!-- Erro, o An\u00fancio n\u00e3o est\u00e1 dispon\u00edvel neste momento devido \u00e0s restri\u00e7\u00f5es de agendamento\/geolocaliza\u00e7\u00e3o! --><br \/>\n<\/br><br \/>\n<\/center><br \/>\n&#8220;Est\u00e3o fugindo de embaixada em embaixada&#8221;, disse Maduro diante de milhares de simpatizantes, que se reuniram nos arredores do Pal\u00e1cio Presidencial de Miraflores para celebrar o 1\u00ba de Maio, em refer\u00eancia ao l\u00edder oposicionista Leopoldo L\u00f3pez, a quem n\u00e3o mencionou diretamente.<\/p>\n<p>&#8220;A Justi\u00e7a est\u00e1 em busca dos respons\u00e1veis e, mais cedo ou mais tarde, eles pagar\u00e3o com pris\u00e3o por sua trai\u00e7\u00e3o e seus crimes&#8221;, acrescentou o presidente. &#8220;Aqui n\u00e3o s\u00e3o as balas nem os fuzis que v\u00e3o impor um presidente marionete em Miraflores, \u00e9 absolutamente invi\u00e1vel&#8221;, afirmou Maduro. &#8220;Nos pr\u00f3ximos dias, mostrarei todas as provas de quem conspirou e como conspirou para que o povo saiba quem s\u00e3o os traidores e que a Justi\u00e7a fa\u00e7a a sua parte&#8221;.<\/p>\n<p>L\u00f3pez burlou a pena de quase 14 anos que cumpria em seu domic\u00edlio. Ele acompanhou o presidente do Parlamento venezuelano, Juan Guaid\u00f3, que \u00e9 reconhecido por mais de 50 pa\u00edses como presidente interino da Venezuela, em seu discurso aos militares, no qual pediu que se voltassem contra Maduro.<\/p>\n<p>Durante a manh\u00e3 dessa quarta-feira, o opositor compareceu a v\u00e1rias concentra\u00e7\u00f5es da oposi\u00e7\u00e3o no leste de Caracas e depois se refugiou na resid\u00eancia do embaixador da Espanha em Caracas, Jes\u00fas Silva. As palavras de Maduro tamb\u00e9m faziam alus\u00e3o a Guaid\u00f3, que liderou as manifesta\u00e7\u00f5es da oposi\u00e7\u00e3o em Caracas.<\/p>\n<p>A Justi\u00e7a venezuelana j\u00e1 tem duas linhas de investiga\u00e7\u00e3o contra o l\u00edder do Parlamento: uma por ter proclamado um governo interino e outra pelos apag\u00f5es que deixaram quase todo o pa\u00eds paralisado e \u00e0s escuras em mar\u00e7o passado.<\/p>\n<p>Maduro tamb\u00e9m acusou o conselheiro de Seguran\u00e7a Nacional da Casa Branca, John Bolton, de ter conduzido pessoalmente a revolta de uns 20 militares, que classificou de &#8220;escaramu\u00e7a golpista&#8221;. &#8220;Assim denuncio e pe\u00e7o que se averigue nos Estados Unidos as a\u00e7\u00f5es ilegais e golpistas de John Bolton contra a democracia venezuelana&#8221;, disse.<\/p>\n<p><strong>Governo interino<\/strong><\/p>\n<p>Juan Guaid\u00f3 afirmou que continuar\u00e1 libertando os presos pol\u00edticos, depois que intercedeu pela liberta\u00e7\u00e3o de L\u00f3pez. &#8220;Vamos seguir libertando os presos pol\u00edticos, (como) Juan Requesens, Gilber Caro&#8221;, disse o l\u00edder oposicionista diante de centenas de simpatizantes, no leste de Caracas, pr\u00f3ximo a Petare, a maior favela do pa\u00eds.<\/p>\n<p>&#8220;Estamos mais fortes, mais determinados&#8221;, insistiu o deputado, que recebeu apoio nas ruas depois de uma revolta militar fracassada que liderou na ter\u00e7a-feira.<\/p>\n<p>Guaid\u00f3 afirmou que L\u00f3pez, que cumpria em casa uma pena de quase 14 anos de pris\u00e3o, foi libertado por funcion\u00e1rios do Servi\u00e7o Bolivariano de Intelig\u00eancia (Sebin) que cumpriram sua ordem de presidente interino, depois que ofereceu a eles &#8220;anistia e garantia de indultos&#8221;.<\/p>\n<p>Em discurso aos seus seguidores, Guaid\u00f3 anunciou que os trabalhadores p\u00fablicos venezuelanos iniciam a partir de hoje uma greve escalonada, at\u00e9 chegar a uma paralisa\u00e7\u00e3o geral no pa\u00eds. &#8220;Amanh\u00e3 [quinta-feira], vamos acompanhar a proposta que nos fizeram de greves progressivas, at\u00e9 conseguir uma greve geral. Todos os setores v\u00e3o se integrar nesse processo&#8221;.<\/p>\n<p><strong>Crise<\/strong><\/p>\n<p>A Venezuela vive enorme tens\u00e3o pol\u00edtica desde janeiro deste ano, quando Maduro tomou posse de um novo mandato que n\u00e3o \u00e9 reconhecido pela oposi\u00e7\u00e3o e por parte da comunidade internacional. Guaid\u00f3 se autoproclamou presidente de um governo interino que conta com o apoio de mais de 50 pa\u00edses.<\/p>\n<p>Paralelamente,, o pa\u00eds sul-americano vive a pior crise econ\u00f4mica de sua hist\u00f3ria, o que gera protestos di\u00e1rios para denunciar a escassez severa de alimentos e rem\u00e9dios e a p\u00e9ssima presta\u00e7\u00e3o de servi\u00e7os p\u00fablicos.<\/p>\n<p><em>(Fonte: Deutsche Welle e Ag\u00eancia Brasil)<\/em><\/p>\n","protected":false},"excerpt":{"rendered":"<p>O presidente da Venezuela, Nicol\u00e1s Maduro, disse nessa quarta-feira (1\u00ba) que a Justi\u00e7a est\u00e1 em busca dos respons\u00e1veis pela revolta militar que foi contida na ter\u00e7a-feira (30) pelo governo, e que eles, &#8220;mais cedo ou mais tarde&#8221;, pagar\u00e3o com a pris\u00e3o pelo crime de trai\u00e7\u00e3o. &#8220;Est\u00e3o fugindo de embaixada em embaixada&#8221;, disse Maduro diante de [&hellip;]<\/p>\n","protected":false},"author":1,"featured_media":148222,"comment_status":"open","ping_status":"closed","sticky":false,"template":"","format":"standard","meta":{"amp_status":"","footnotes":""},"categories":[28848],"tags":[201392,201202,201235,201220,201198,201412,186185,80312,201216,92097,87009,201201,201200,201214,201393,201199,201233,201213,193237,201197,201218,25807,201411,201413,201281,201282,201215,193240,37788,28596,109693,201219,201414,201217,193239,201266,201212,18922],"class_list":["post-148221","post","type-post","status-publish","format-standard","has-post-thumbnail","hentry","category-mundo","tag-apoio-militar-a-guaido","tag-apoio-militares","tag-brasil-incentiva-paises-a-apoiarem-juan-guaido","tag-chanceler-brasileiro-espera-evolucao-democratica-na-venezuela","tag-clima-na-venezuela","tag-diz-maduro","tag-ernesto-araujo","tag-forcas-armadas","tag-forcas-armadas-da-venezuela","tag-golpe","tag-golpe-de-estado","tag-golpe-de-estado-na-venezuela","tag-golpe-na-venezuela","tag-governo-de-nicolas-maduro-busca-desarticular-tentativa-de-golpe-de-estado","tag-guaido-convoca-greve-geral-em-mais-um-dia-de-protestos-na-venezuela","tag-guerra-na-venezuela","tag-jair-bolsonaro-se-solidariza-com-povo-venezuelano","tag-jorge-jesus-rodriguez","tag-juan-guaido","tag-juan-guaido-afirma-ter-apoio-de-militares-para-derrubar-nicolas-maduro","tag-juan-guaido-concede-indulto-a-lider-oposicionista-da-venezuela","tag-justica","tag-justica-busca-responsaveis-pelo-golpe","tag-justica-busca-responsaveis-pelo-golpe-diz-maduro","tag-leopoldo-lopez","tag-lider-da-oposicao-venezuelana-esta-na-embaixada-do-chile","tag-luis-almagro","tag-maduro","tag-manifestacao","tag-nicolas-maduro","tag-oea","tag-relacoes-exteriores","tag-responsaveis","tag-secretario-geral-da-oea-diz-que-apoia-adesao-de-militares-contra-nicolas-maduro","tag-tensao-na-venezuela","tag-trump-afirma-que-estados-unidos-estao-com-o-povo-da-venezuela-e-a-liberdade","tag-turismo-e-cultura-da-venezuela","tag-venezuela"],"_links":{"self":[{"href":"https:\/\/aconteceunovale.com.br\/portal\/index.php?rest_route=\/wp\/v2\/posts\/148221","targetHints":{"allow":["GET"]}}],"collection":[{"href":"https:\/\/aconteceunovale.com.br\/portal\/index.php?rest_route=\/wp\/v2\/posts"}],"about":[{"href":"https:\/\/aconteceunovale.com.br\/portal\/index.php?rest_route=\/wp\/v2\/types\/post"}],"author":[{"embeddable":true,"href":"https:\/\/aconteceunovale.com.br\/portal\/index.php?rest_route=\/wp\/v2\/users\/1"}],"replies":[{"embeddable":true,"href":"https:\/\/aconteceunovale.com.br\/portal\/index.php?rest_route=%2Fwp%2Fv2%2Fcomments&post=148221"}],"version-history":[{"count":0,"href":"https:\/\/aconteceunovale.com.br\/portal\/index.php?rest_route=\/wp\/v2\/posts\/148221\/revisions"}],"wp:featuredmedia":[{"embeddable":true,"href":"https:\/\/aconteceunovale.com.br\/portal\/index.php?rest_route=\/wp\/v2\/media\/148222"}],"wp:attachment":[{"href":"https:\/\/aconteceunovale.com.br\/portal\/index.php?rest_route=%2Fwp%2Fv2%2Fmedia&parent=148221"}],"wp:term":[{"taxonomy":"category","embeddable":true,"href":"https:\/\/aconteceunovale.com.br\/portal\/index.php?rest_route=%2Fwp%2Fv2%2Fcategories&post=148221"},{"taxonomy":"post_tag","embeddable":true,"href":"https:\/\/aconteceunovale.com.br\/portal\/index.php?rest_route=%2Fwp%2Fv2%2Ftags&post=148221"}],"curies":[{"name":"wp","href":"https:\/\/api.w.org\/{rel}","templated":true}]}}