{"id":148202,"date":"2019-05-01T21:03:50","date_gmt":"2019-05-01T23:03:50","guid":{"rendered":"http:\/\/aconteceunovale.com.br\/portal\/?p=148202"},"modified":"2019-05-01T21:03:50","modified_gmt":"2019-05-01T23:03:50","slug":"guaido-convoca-greve-geral-em-mais-um-dia-de-protestos-na-venezuela","status":"publish","type":"post","link":"https:\/\/aconteceunovale.com.br\/portal\/?p=148202","title":{"rendered":"Guaid\u00f3 convoca greve geral em mais um dia de protestos na Venezuela"},"content":{"rendered":"<p>O autoproclamado presidente interino da Venezuela, Juan Guaid\u00f3, reapareceu hoje (1\u00ba), convocando a popula\u00e7\u00e3o a um levante c\u00edvico-militar contra o presidente Nicol\u00e1s Maduro. Em uma manifesta\u00e7\u00e3o em Caracas, pediu que seus apoiadores mantivessem a press\u00e3o sobre o regime chavista, representado por Maduro, com novas marchas pelas ruas.<br \/>\n<center><br \/>\n<!-- Erro, o An\u00fancio n\u00e3o est\u00e1 dispon\u00edvel neste momento devido \u00e0s restri\u00e7\u00f5es de agendamento\/geolocaliza\u00e7\u00e3o! --><br \/>\n<\/br><br \/>\n<\/center><br \/>\nGuaid\u00f3 redobrou sua campanha para p\u00f4r fim ao que chama de \u201cusurpa\u00e7\u00e3o\u201d. Ele participou de uma manifesta\u00e7\u00e3o em Caracas na tarde de hoje (1\u00ba) e discursou para seus apoiadores. \u201cNa Venezuela, a \u00fanica forma de haver um golpe de Estado \u00e9 me prendendo. Pelo contr\u00e1rio, hoje s\u00e3o os valentes militares e civis que d\u00e3o um passo adiante e est\u00e3o com a nossa Constitui\u00e7\u00e3o\u201d, disse \u00e0 popula\u00e7\u00e3o.<\/p>\n<p>Pelo Twitter, Guaid\u00f3 chamou os venezuelanos para uma greve geral e afirmou que os funcion\u00e1rios p\u00fablicos do pa\u00eds tamb\u00e9m o apoiam. \u201cA fase final da Opera\u00e7\u00e3o Liberdade come\u00e7ou ontem com a participa\u00e7\u00e3o das nossas For\u00e7as Armadas e agora nossos empregados p\u00fablicos se uniram [a n\u00f3s]. Vamos acompanh\u00e1-los em sua proposta de paradas escalonadas que come\u00e7a amanh\u00e3 [2] at\u00e9 chegar \u00e0 greve geral\u201d.<\/p>\n<p>A conta de Guaid\u00f3 no Twitter passou o dia postando fotos de manifesta\u00e7\u00f5es que, segundo ele, aconteciam em v\u00e1rias cidades do pa\u00eds contra o governo. Do outro lado, Maduro e integrantes do seu governo divulgaram manifesta\u00e7\u00f5es favor\u00e1veis ao governo. Tanto Guaid\u00f3 quanto Maduro se mostram do lado da paz e da Constitui\u00e7\u00e3o do pa\u00eds.<\/p>\n<p>O presidente autoproclamado deu in\u00edcio \u00e0 \u201cOpera\u00e7\u00e3o Liberdade\u201d ontem (30), afirmando que tinha apoio das For\u00e7as Armadas venezuelanas. Nas manifesta\u00e7\u00f5es de ontem, a popula\u00e7\u00e3o que apoia Guaid\u00f3 foi \u00e0s ruas e entrou em confronto com militares. Uma cena chamou a aten\u00e7\u00e3o do mundo inteiro, quando um blindado militar atropelou um grupo de manifestantes contr\u00e1rios a Maduro.<\/p>\n<p><img decoding=\"async\" src=\"http:\/\/aconteceunovale.com.br\/portal\/wp-content\/uploads\/2019\/05\/protesto_venezuela.jpg\" alt=\"\" \/><em>Foto: Juan Guaid\u00f3\/Reprodu\u00e7\u00e3o Twitter<\/em><br \/>\n<\/br><\/p>\n<p><strong>Maduro fala \u00e0 popula\u00e7\u00e3o<\/strong><\/p>\n<p>O presidente da Venezuela tamb\u00e9m foi a p\u00fablico e fez um pronunciamento, transmitido pela televis\u00e3o oficial do governo. Ele negou ter ordenado que o blindado avan\u00e7asse contra manifestantes. Ele voltou a acusar os Estados Unidos de planejarem um golpe de Estado contra ele. Maduro tamb\u00e9m deu um recado a Guaid\u00f3, dizendo que s\u00f3 se chega \u00e0 presid\u00eancia pelo processo eleitoral. \u201cO povo p\u00f5e, o povo tira\u201d, ressaltou.<\/p>\n<p><strong>Apoio militar a Guaid\u00f3<\/strong><\/p>\n<p>Apesar de o opositor anunciar o apoio das For\u00e7as Armadas, ainda n\u00e3o se sabe quantos militares do alto escal\u00e3o abandonaram Maduro. O n\u00facleo militar do governo brasileiro, que apoia Guaid\u00f3, informou n\u00e3o saber a dimens\u00e3o do apoio militar ao opositor do chavista.<\/p>\n<p>Mais cedo, o ministro do Gabinete de Seguran\u00e7a Institucional, Augusto Heleno, admitiu que Guaid\u00f3 n\u00e3o disp\u00f5e de apoio militar no alto escal\u00e3o das For\u00e7as Armadas venezuelanas, ainda leais a Maduro. \u201cTemos a impress\u00e3o que o lado de Guaid\u00f3 \u00e9 fraco militarmente\u201d, disse. Para Heleno, a crise no pa\u00eds vizinho ainda est\u00e1 longe de um desfecho.<\/p>\n<p>H\u00e1 v\u00e1rios meses, a Venezuela passa por uma severa crise econ\u00f4mica. Atingido pela hiperinfla\u00e7\u00e3o, o pa\u00eds sofre com o desabastecimento cada vez mais intenso e com a falta de emprego e perspectivas. Milhares de venezuelanos t\u00eam deixado o pa\u00eds em busca de oportunidades de emprego em pa\u00edses vizinhos, como Col\u00f4mbia e Brasil.<\/p>\n<p><strong>VER PRIMEIRO<\/strong><\/p>\n<p>Receba as not\u00edcias do Aconteceu no Vale em primeira m\u00e3o. Clique em curtir no endere\u00e7o <a href=\"https:\/\/www.facebook.com\/aconteceunovale\" target=\"_blank\"><font color=\"red\">www.facebook.com\/aconteceunovale<\/font><\/a> ou no box abaixo:<\/p>\n<div class=\"fb-like\" data-href=\"https:\/\/www.facebook.com\/aconteceunovale\" data-width=\"120\" data-layout=\"standard\" data-action=\"like\" data-size=\"small\" data-show-faces=\"true\" data-share=\"true\"><\/div>\n<p><!-- Erro, o An\u00fancio n\u00e3o est\u00e1 dispon\u00edvel neste momento devido \u00e0s restri\u00e7\u00f5es de agendamento\/geolocaliza\u00e7\u00e3o! --><br \/>\n<\/br><\/p>\n<p><em>(Fonte: Ag\u00eancia Brasil e T\u00e9lam)<\/em><\/p>\n","protected":false},"excerpt":{"rendered":"<p>O autoproclamado presidente interino da Venezuela, Juan Guaid\u00f3, reapareceu hoje (1\u00ba), convocando a popula\u00e7\u00e3o a um levante c\u00edvico-militar contra o presidente Nicol\u00e1s Maduro. Em uma manifesta\u00e7\u00e3o em Caracas, pediu que seus apoiadores mantivessem a press\u00e3o sobre o regime chavista, representado por Maduro, com novas marchas pelas ruas. Guaid\u00f3 redobrou sua campanha para p\u00f4r fim ao [&hellip;]<\/p>\n","protected":false},"author":1,"featured_media":148203,"comment_status":"open","ping_status":"closed","sticky":false,"template":"","format":"standard","meta":{"amp_status":"","footnotes":""},"categories":[28848],"tags":[201392,201202,201235,201220,201198,186185,80312,201216,92097,87009,201201,201200,201214,201393,201199,201233,201213,193237,201197,201218,201281,201282,201215,37788,28596,109693,201219,201217,193239,201266,201212,18922],"class_list":["post-148202","post","type-post","status-publish","format-standard","has-post-thumbnail","hentry","category-mundo","tag-apoio-militar-a-guaido","tag-apoio-militares","tag-brasil-incentiva-paises-a-apoiarem-juan-guaido","tag-chanceler-brasileiro-espera-evolucao-democratica-na-venezuela","tag-clima-na-venezuela","tag-ernesto-araujo","tag-forcas-armadas","tag-forcas-armadas-da-venezuela","tag-golpe","tag-golpe-de-estado","tag-golpe-de-estado-na-venezuela","tag-golpe-na-venezuela","tag-governo-de-nicolas-maduro-busca-desarticular-tentativa-de-golpe-de-estado","tag-guaido-convoca-greve-geral-em-mais-um-dia-de-protestos-na-venezuela","tag-guerra-na-venezuela","tag-jair-bolsonaro-se-solidariza-com-povo-venezuelano","tag-jorge-jesus-rodriguez","tag-juan-guaido","tag-juan-guaido-afirma-ter-apoio-de-militares-para-derrubar-nicolas-maduro","tag-juan-guaido-concede-indulto-a-lider-oposicionista-da-venezuela","tag-leopoldo-lopez","tag-lider-da-oposicao-venezuelana-esta-na-embaixada-do-chile","tag-luis-almagro","tag-manifestacao","tag-nicolas-maduro","tag-oea","tag-relacoes-exteriores","tag-secretario-geral-da-oea-diz-que-apoia-adesao-de-militares-contra-nicolas-maduro","tag-tensao-na-venezuela","tag-trump-afirma-que-estados-unidos-estao-com-o-povo-da-venezuela-e-a-liberdade","tag-turismo-e-cultura-da-venezuela","tag-venezuela"],"_links":{"self":[{"href":"https:\/\/aconteceunovale.com.br\/portal\/index.php?rest_route=\/wp\/v2\/posts\/148202","targetHints":{"allow":["GET"]}}],"collection":[{"href":"https:\/\/aconteceunovale.com.br\/portal\/index.php?rest_route=\/wp\/v2\/posts"}],"about":[{"href":"https:\/\/aconteceunovale.com.br\/portal\/index.php?rest_route=\/wp\/v2\/types\/post"}],"author":[{"embeddable":true,"href":"https:\/\/aconteceunovale.com.br\/portal\/index.php?rest_route=\/wp\/v2\/users\/1"}],"replies":[{"embeddable":true,"href":"https:\/\/aconteceunovale.com.br\/portal\/index.php?rest_route=%2Fwp%2Fv2%2Fcomments&post=148202"}],"version-history":[{"count":0,"href":"https:\/\/aconteceunovale.com.br\/portal\/index.php?rest_route=\/wp\/v2\/posts\/148202\/revisions"}],"wp:featuredmedia":[{"embeddable":true,"href":"https:\/\/aconteceunovale.com.br\/portal\/index.php?rest_route=\/wp\/v2\/media\/148203"}],"wp:attachment":[{"href":"https:\/\/aconteceunovale.com.br\/portal\/index.php?rest_route=%2Fwp%2Fv2%2Fmedia&parent=148202"}],"wp:term":[{"taxonomy":"category","embeddable":true,"href":"https:\/\/aconteceunovale.com.br\/portal\/index.php?rest_route=%2Fwp%2Fv2%2Fcategories&post=148202"},{"taxonomy":"post_tag","embeddable":true,"href":"https:\/\/aconteceunovale.com.br\/portal\/index.php?rest_route=%2Fwp%2Fv2%2Ftags&post=148202"}],"curies":[{"name":"wp","href":"https:\/\/api.w.org\/{rel}","templated":true}]}}