{"id":148199,"date":"2019-05-01T20:43:42","date_gmt":"2019-05-01T22:43:42","guid":{"rendered":"http:\/\/aconteceunovale.com.br\/portal\/?p=148199"},"modified":"2019-05-01T20:43:42","modified_gmt":"2019-05-01T22:43:42","slug":"dupla-e-presa-com-armas-em-governador-valadares","status":"publish","type":"post","link":"https:\/\/aconteceunovale.com.br\/portal\/?p=148199","title":{"rendered":"Dupla \u00e9 presa com armas em Governador Valadares"},"content":{"rendered":"<p>Dois homens, de 21 e 22 anos, foram presos na noite dessa ter\u00e7a-feira (30\/04\/2019) no Bairro Altin\u00f3polis, em Governador Valadares, por porte ilegal de armas de fogo. Segundo informa\u00e7\u00f5es da Pol\u00edcia Militar, acontecia uma festa em uma casa utilizada para tr\u00e1fico de drogas e foi montando um cerco no local.<br \/>\n<center><br \/>\n<!-- Erro, o An\u00fancio n\u00e3o est\u00e1 dispon\u00edvel neste momento devido \u00e0s restri\u00e7\u00f5es de agendamento\/geolocaliza\u00e7\u00e3o! --><br \/>\n<\/br><br \/>\n<\/center><br \/>\nDurante buscas, os militares encontraram uma espingarda calibre 12, uma espingarda calibre 36, muni\u00e7\u00f5es, balan\u00e7as de precis\u00e3o, r\u00e1dio comunicador, uma capa de colete a prova de balas, e \u00e1cido b\u00f3rico, utilizado para preparo de drogas.<\/p>\n<p>Os envolvidos foram presos e encaminhados \u00e0 delegacia de Pol\u00edcia Civil de plant\u00e3o em Governador Valadares.<\/p>\n<p><img decoding=\"async\" src=\"http:\/\/aconteceunovale.com.br\/portal\/wp-content\/uploads\/2019\/05\/presos_gv.jpg\" alt=\"\" \/><em>Foto: Divulga\u00e7\u00e3o\/Pol\u00edcia Militar<\/em><br \/>\n<\/br><\/p>\n<p><em>Leandro Silva | Aconteceu no Vale<br \/>\nPublicado em: 01\/05\/2019, \u00e0s 19h43<\/em><\/p>\n<p><strong>VER PRIMEIRO<\/strong><\/p>\n<p>Receba as not\u00edcias do Aconteceu no Vale em primeira m\u00e3o. Clique em curtir no endere\u00e7o <a href=\"https:\/\/www.facebook.com\/aconteceunovale\" target=\"_blank\"><font color=\"red\">www.facebook.com\/aconteceunovale<\/font><\/a> ou no box abaixo:<\/p>\n<div class=\"fb-like\" data-href=\"https:\/\/www.facebook.com\/aconteceunovale\" data-width=\"120\" data-layout=\"standard\" data-action=\"like\" data-size=\"small\" data-show-faces=\"true\" data-share=\"true\"><\/div>\n<p><!-- Erro, o An\u00fancio n\u00e3o est\u00e1 dispon\u00edvel neste momento devido \u00e0s restri\u00e7\u00f5es de agendamento\/geolocaliza\u00e7\u00e3o! --><br \/>\n<\/br><\/p>\n","protected":false},"excerpt":{"rendered":"<p>Dois homens, de 21 e 22 anos, foram presos na noite dessa ter\u00e7a-feira (30\/04\/2019) no Bairro Altin\u00f3polis, em Governador Valadares, por porte ilegal de armas de fogo. Segundo informa\u00e7\u00f5es da Pol\u00edcia Militar, acontecia uma festa em uma casa utilizada para tr\u00e1fico de drogas e foi montando um cerco no local. Durante buscas, os militares encontraram [&hellip;]<\/p>\n","protected":false},"author":1,"featured_media":148200,"comment_status":"open","ping_status":"closed","sticky":false,"template":"","format":"standard","meta":{"amp_status":"","footnotes":""},"categories":[121],"tags":[128075,128076,201391,247,46659,46661,62424],"class_list":["post-148199","post","type-post","status-publish","format-standard","has-post-thumbnail","hentry","category-leste","tag-apreensao-de-armas-em-governador-valadares","tag-armas-apreendidas-em-governador-valadares","tag-dupla-e-presa-com-armas-em-governador-valadares","tag-governador-valadares","tag-presos-em-governador-valadares","tag-trafico-de-drogas-em-governador-valadares","tag-trafico-em-governador-valadares"],"_links":{"self":[{"href":"https:\/\/aconteceunovale.com.br\/portal\/index.php?rest_route=\/wp\/v2\/posts\/148199","targetHints":{"allow":["GET"]}}],"collection":[{"href":"https:\/\/aconteceunovale.com.br\/portal\/index.php?rest_route=\/wp\/v2\/posts"}],"about":[{"href":"https:\/\/aconteceunovale.com.br\/portal\/index.php?rest_route=\/wp\/v2\/types\/post"}],"author":[{"embeddable":true,"href":"https:\/\/aconteceunovale.com.br\/portal\/index.php?rest_route=\/wp\/v2\/users\/1"}],"replies":[{"embeddable":true,"href":"https:\/\/aconteceunovale.com.br\/portal\/index.php?rest_route=%2Fwp%2Fv2%2Fcomments&post=148199"}],"version-history":[{"count":0,"href":"https:\/\/aconteceunovale.com.br\/portal\/index.php?rest_route=\/wp\/v2\/posts\/148199\/revisions"}],"wp:featuredmedia":[{"embeddable":true,"href":"https:\/\/aconteceunovale.com.br\/portal\/index.php?rest_route=\/wp\/v2\/media\/148200"}],"wp:attachment":[{"href":"https:\/\/aconteceunovale.com.br\/portal\/index.php?rest_route=%2Fwp%2Fv2%2Fmedia&parent=148199"}],"wp:term":[{"taxonomy":"category","embeddable":true,"href":"https:\/\/aconteceunovale.com.br\/portal\/index.php?rest_route=%2Fwp%2Fv2%2Fcategories&post=148199"},{"taxonomy":"post_tag","embeddable":true,"href":"https:\/\/aconteceunovale.com.br\/portal\/index.php?rest_route=%2Fwp%2Fv2%2Ftags&post=148199"}],"curies":[{"name":"wp","href":"https:\/\/api.w.org\/{rel}","templated":true}]}}