{"id":148196,"date":"2019-05-01T20:34:04","date_gmt":"2019-05-01T22:34:04","guid":{"rendered":"http:\/\/aconteceunovale.com.br\/portal\/?p=148196"},"modified":"2019-05-01T20:34:04","modified_gmt":"2019-05-01T22:34:04","slug":"revoltado-por-ter-luz-cortada-morador-retira-escada-e-deixa-funcionario-de-concessionaria-dependurado-em-poste","status":"publish","type":"post","link":"https:\/\/aconteceunovale.com.br\/portal\/?p=148196","title":{"rendered":"Revoltado por ter luz cortada, morador retira escada e deixa funcion\u00e1rio de concession\u00e1ria dependurado em poste"},"content":{"rendered":"<p>Revoltado por ter a luz cortada, um homem retirou a escada onde um t\u00e9cnico se apoiava em um poste de energia. O homem ficou dependurado na estrutura apoiado por um cinto esperando por socorro. O caso ocorreu nessa segunda-feira (29) no Par\u00e1, estado do Norte do pa\u00eds.<br \/>\n<center><br \/>\n<!-- Erro, o An\u00fancio n\u00e3o est\u00e1 dispon\u00edvel neste momento devido \u00e0s restri\u00e7\u00f5es de agendamento\/geolocaliza\u00e7\u00e3o! --><br \/>\n<\/br><br \/>\n<\/center><br \/>\nO t\u00e9cnico trabalha para a Centrais El\u00e9tricas do Par\u00e1 (Celpa) e n\u00e3o conseguiu ser acudido por um segundo funcion\u00e1rio, que tamb\u00e9m trabalha para a companhia. O caso foi relatado pelo jornalista Carlos Ba\u00eda.<\/p>\n<p>Ele destacou que o caso n\u00e3o \u00e9 para rir, tendo em vista as consequ\u00eancias que ele poderia gerar. \u201cQue o consumidor estava revoltado com o fato isto \u00e9 not\u00f3rio. Mas, por outro lado, tentando buscar de forma incorreta seus direitos, poderia causar a morte de um pai de fam\u00edlia, que ali cumpria apenas ordens superiores. Se este cidad\u00e3o cai, bate a cabe\u00e7a e falece? Se cai e fica com problemas f\u00edsicos ou mentais? Se este \u00e9 eletrocutado durante a a\u00e7\u00e3o revoltosa do consumidor?\u201d, escreveu.<\/p>\n<p>O jornalista defendeu ainda que, caso o morador estivesse em dias com as suas contas, a companhia deveria ser punida. \u201cAgora, se realmente o consumidor estava em dias com sua conta, a Celpa deve ser processada tanto pelo consumidor, quanto o trabalhador, pois ambos, pelo visto passaram por momentos constrangedores\u201d, relatou.<\/p>\n<p>Por meio de nota, a concession\u00e1ria disse que est\u00e1 acompanhando o caso junto \u00e0s autoridades.<\/p>\n<p><img decoding=\"async\" src=\"http:\/\/aconteceunovale.com.br\/portal\/wp-content\/uploads\/2019\/05\/poste_energia.jpg\" alt=\"\" \/><em>Foto: Facebook\/reprodu\u00e7\u00e3o<\/em><br \/>\n<\/br><\/p>\n<p><strong>VER PRIMEIRO<\/strong><\/p>\n<p>Receba as not\u00edcias do Aconteceu no Vale em primeira m\u00e3o. Clique em curtir no endere\u00e7o <a href=\"https:\/\/www.facebook.com\/aconteceunovale\" target=\"_blank\"><font color=\"red\">www.facebook.com\/aconteceunovale<\/font><\/a> ou no box abaixo:<\/p>\n<div class=\"fb-like\" data-href=\"https:\/\/www.facebook.com\/aconteceunovale\" data-width=\"120\" data-layout=\"standard\" data-action=\"like\" data-size=\"small\" data-show-faces=\"true\" data-share=\"true\"><\/div>\n<p><!-- Erro, o An\u00fancio n\u00e3o est\u00e1 dispon\u00edvel neste momento devido \u00e0s restri\u00e7\u00f5es de agendamento\/geolocaliza\u00e7\u00e3o! --><br \/>\n<\/br><\/p>\n<p><em>(Fonte: O Tempo)<\/em><\/p>\n","protected":false},"excerpt":{"rendered":"<p>Revoltado por ter a luz cortada, um homem retirou a escada onde um t\u00e9cnico se apoiava em um poste de energia. O homem ficou dependurado na estrutura apoiado por um cinto esperando por socorro. O caso ocorreu nessa segunda-feira (29) no Par\u00e1, estado do Norte do pa\u00eds. O t\u00e9cnico trabalha para a Centrais El\u00e9tricas do [&hellip;]<\/p>\n","protected":false},"author":1,"featured_media":148197,"comment_status":"open","ping_status":"closed","sticky":false,"template":"","format":"standard","meta":{"amp_status":"","footnotes":""},"categories":[6],"tags":[201386,201387,201388,201390,15362,201389],"class_list":["post-148196","post","type-post","status-publish","format-standard","has-post-thumbnail","hentry","category-br","tag-celpa","tag-centrais-eletricas-do-para","tag-homem-fica-revoltado-ao-ter-luz-cortada-e-deixa-tecnico-pendurado-em-poste","tag-morador-retira-escada-e-deixa-funcionario-de-concessionaria-dependurado-em-poste","tag-para","tag-revoltado-por-ter-luz-cortada"],"_links":{"self":[{"href":"https:\/\/aconteceunovale.com.br\/portal\/index.php?rest_route=\/wp\/v2\/posts\/148196","targetHints":{"allow":["GET"]}}],"collection":[{"href":"https:\/\/aconteceunovale.com.br\/portal\/index.php?rest_route=\/wp\/v2\/posts"}],"about":[{"href":"https:\/\/aconteceunovale.com.br\/portal\/index.php?rest_route=\/wp\/v2\/types\/post"}],"author":[{"embeddable":true,"href":"https:\/\/aconteceunovale.com.br\/portal\/index.php?rest_route=\/wp\/v2\/users\/1"}],"replies":[{"embeddable":true,"href":"https:\/\/aconteceunovale.com.br\/portal\/index.php?rest_route=%2Fwp%2Fv2%2Fcomments&post=148196"}],"version-history":[{"count":0,"href":"https:\/\/aconteceunovale.com.br\/portal\/index.php?rest_route=\/wp\/v2\/posts\/148196\/revisions"}],"wp:featuredmedia":[{"embeddable":true,"href":"https:\/\/aconteceunovale.com.br\/portal\/index.php?rest_route=\/wp\/v2\/media\/148197"}],"wp:attachment":[{"href":"https:\/\/aconteceunovale.com.br\/portal\/index.php?rest_route=%2Fwp%2Fv2%2Fmedia&parent=148196"}],"wp:term":[{"taxonomy":"category","embeddable":true,"href":"https:\/\/aconteceunovale.com.br\/portal\/index.php?rest_route=%2Fwp%2Fv2%2Fcategories&post=148196"},{"taxonomy":"post_tag","embeddable":true,"href":"https:\/\/aconteceunovale.com.br\/portal\/index.php?rest_route=%2Fwp%2Fv2%2Ftags&post=148196"}],"curies":[{"name":"wp","href":"https:\/\/api.w.org\/{rel}","templated":true}]}}