{"id":148188,"date":"2019-05-01T20:03:35","date_gmt":"2019-05-01T22:03:35","guid":{"rendered":"http:\/\/aconteceunovale.com.br\/portal\/?p=148188"},"modified":"2019-05-01T20:03:35","modified_gmt":"2019-05-01T22:03:35","slug":"homem-morre-em-acidente-na-mgc-259-no-leste-de-minas","status":"publish","type":"post","link":"https:\/\/aconteceunovale.com.br\/portal\/?p=148188","title":{"rendered":"Homem morre em acidente na MGC-259, no Leste de Minas"},"content":{"rendered":"<p>Um engavetamento envolvendo duas carretas e tr\u00eas caminh\u00f5es deixou uma pessoa morta na MGC-259, pr\u00f3ximo \u00e0 Galileia, no Leste de Minas, na tarde desta ter\u00e7a-feira (30\/04\/2019). Segundo informa\u00e7\u00f5es da Pol\u00edcia Militar Rodovi\u00e1ria, o grave acidente aconteceu ap\u00f3s o condutor de uma das carretas frear repentinamente devido a uma retroescavadeira que transitava na pista.<br \/>\n<center><br \/>\n<!-- Erro, o An\u00fancio n\u00e3o est\u00e1 dispon\u00edvel neste momento devido \u00e0s restri\u00e7\u00f5es de agendamento\/geolocaliza\u00e7\u00e3o! --><br \/>\n<\/br><br \/>\n<\/center><br \/>\nUm caminh\u00e3o ba\u00fa colidiu contra a traseira de um reboque. A prancha invadiu a cabine e acabou matando o passageiro Haroldo Roberto Albino, de 55 anos. Foi necess\u00e1rio o aux\u00edlio do Corpo de Bombeiros para retirar a v\u00edtima das ferragens.<\/p>\n<p>A Per\u00edcia T\u00e9cnica da Pol\u00edcia Civil compareceu ao local e liberou o corpo para o Instituto M\u00e9dico Legal (IML) de Governador Valadares. Os ve\u00edculos liberados para os propriet\u00e1rios.<\/p>\n<p><img decoding=\"async\" src=\"http:\/\/aconteceunovale.com.br\/portal\/wp-content\/uploads\/2019\/05\/acidente_galileia_1.jpg\" alt=\"\" \/><em>Foto: Comando Geral\/Reprodu\u00e7\u00e3o<\/em><br \/>\n<\/br><\/p>\n<p><img decoding=\"async\" src=\"http:\/\/aconteceunovale.com.br\/portal\/wp-content\/uploads\/2019\/05\/acidente_galileia_2.jpg\" alt=\"\" \/><em>Foto: Comando Geral\/Reprodu\u00e7\u00e3o<\/em><br \/>\n<\/br><\/p>\n<p><img decoding=\"async\" src=\"http:\/\/aconteceunovale.com.br\/portal\/wp-content\/uploads\/2019\/05\/acidente_galileia_3.jpg\" alt=\"\" \/><em>Foto: Comando Geral\/Reprodu\u00e7\u00e3o<\/em><br \/>\n<\/br><\/p>\n<p><em>Leandro Silva | Aconteceu no Vale<br \/>\nPublicado em: 01\/05\/2019, \u00e0s 19h03<\/em><\/p>\n<p><strong>VER PRIMEIRO<\/strong><\/p>\n<p>Receba as not\u00edcias do Aconteceu no Vale em primeira m\u00e3o. Clique em curtir no endere\u00e7o <a href=\"https:\/\/www.facebook.com\/aconteceunovale\" target=\"_blank\"><font color=\"red\">www.facebook.com\/aconteceunovale<\/font><\/a> ou no box abaixo:<\/p>\n<div class=\"fb-like\" data-href=\"https:\/\/www.facebook.com\/aconteceunovale\" data-width=\"120\" data-layout=\"standard\" data-action=\"like\" data-size=\"small\" data-show-faces=\"true\" data-share=\"true\"><\/div>\n<p><!-- Erro, o An\u00fancio n\u00e3o est\u00e1 dispon\u00edvel neste momento devido \u00e0s restri\u00e7\u00f5es de agendamento\/geolocaliza\u00e7\u00e3o! --><br \/>\n<\/br><\/p>\n","protected":false},"excerpt":{"rendered":"<p>Um engavetamento envolvendo duas carretas e tr\u00eas caminh\u00f5es deixou uma pessoa morta na MGC-259, pr\u00f3ximo \u00e0 Galileia, no Leste de Minas, na tarde desta ter\u00e7a-feira (30\/04\/2019). Segundo informa\u00e7\u00f5es da Pol\u00edcia Militar Rodovi\u00e1ria, o grave acidente aconteceu ap\u00f3s o condutor de uma das carretas frear repentinamente devido a uma retroescavadeira que transitava na pista. Um caminh\u00e3o [&hellip;]<\/p>\n","protected":false},"author":1,"featured_media":148191,"comment_status":"open","ping_status":"closed","sticky":false,"template":"","format":"standard","meta":{"amp_status":"","footnotes":""},"categories":[121],"tags":[201378,36878,201379,292,247,201380,156297,201377,201376,50751],"class_list":["post-148188","post","type-post","status-publish","format-standard","has-post-thumbnail","hentry","category-leste","tag-acidente-com-caminhoes-em-galileia","tag-acidente-em-galileia","tag-engavetamento-em-galileia","tag-galileia","tag-governador-valadares","tag-haroldo-roberto-albino","tag-homem-morre-em-acidente-na-mgc-259","tag-homem-morre-em-acidente-na-mgc-259-em-galileia","tag-homem-morre-em-acidente-na-mgc-259-no-leste-de-minas","tag-no-leste-de-minas"],"_links":{"self":[{"href":"https:\/\/aconteceunovale.com.br\/portal\/index.php?rest_route=\/wp\/v2\/posts\/148188","targetHints":{"allow":["GET"]}}],"collection":[{"href":"https:\/\/aconteceunovale.com.br\/portal\/index.php?rest_route=\/wp\/v2\/posts"}],"about":[{"href":"https:\/\/aconteceunovale.com.br\/portal\/index.php?rest_route=\/wp\/v2\/types\/post"}],"author":[{"embeddable":true,"href":"https:\/\/aconteceunovale.com.br\/portal\/index.php?rest_route=\/wp\/v2\/users\/1"}],"replies":[{"embeddable":true,"href":"https:\/\/aconteceunovale.com.br\/portal\/index.php?rest_route=%2Fwp%2Fv2%2Fcomments&post=148188"}],"version-history":[{"count":0,"href":"https:\/\/aconteceunovale.com.br\/portal\/index.php?rest_route=\/wp\/v2\/posts\/148188\/revisions"}],"wp:featuredmedia":[{"embeddable":true,"href":"https:\/\/aconteceunovale.com.br\/portal\/index.php?rest_route=\/wp\/v2\/media\/148191"}],"wp:attachment":[{"href":"https:\/\/aconteceunovale.com.br\/portal\/index.php?rest_route=%2Fwp%2Fv2%2Fmedia&parent=148188"}],"wp:term":[{"taxonomy":"category","embeddable":true,"href":"https:\/\/aconteceunovale.com.br\/portal\/index.php?rest_route=%2Fwp%2Fv2%2Fcategories&post=148188"},{"taxonomy":"post_tag","embeddable":true,"href":"https:\/\/aconteceunovale.com.br\/portal\/index.php?rest_route=%2Fwp%2Fv2%2Ftags&post=148188"}],"curies":[{"name":"wp","href":"https:\/\/api.w.org\/{rel}","templated":true}]}}