{"id":148185,"date":"2019-05-01T19:53:45","date_gmt":"2019-05-01T21:53:45","guid":{"rendered":"http:\/\/aconteceunovale.com.br\/portal\/?p=148185"},"modified":"2019-05-01T19:53:45","modified_gmt":"2019-05-01T21:53:45","slug":"caminhoneiro-e-preso-em-teofilo-otoni-por-uso-de-documentos-falsos-e-adulteracao-do-veiculo","status":"publish","type":"post","link":"https:\/\/aconteceunovale.com.br\/portal\/?p=148185","title":{"rendered":"Caminhoneiro \u00e9 preso em Te\u00f3filo Otoni por uso de documentos falsos e adultera\u00e7\u00e3o do ve\u00edculo"},"content":{"rendered":"<p>A ocorr\u00eancia foi registrada no in\u00edcio da tarde dessa ter\u00e7a-feira (30\/04\/2019) na BR-116, em Te\u00f3filo Otoni, no Vale do Mucuri. Segundo informa\u00e7\u00f5es da Pol\u00edcia Rodovi\u00e1ria Federal (PRF), a carreta passava pelo posto de fiscaliza\u00e7\u00e3o, quando foi abordada.<br \/>\n<center><br \/>\n<!-- Erro, o An\u00fancio n\u00e3o est\u00e1 dispon\u00edvel neste momento devido \u00e0s restri\u00e7\u00f5es de agendamento\/geolocaliza\u00e7\u00e3o! --><br \/>\n<\/br><br \/>\n<\/center><br \/>\nAo serem analisados os documentos da composi\u00e7\u00e3o, os policiais constataram que todos eram adulterados, sendo que o CRLV do cavalo da carreta, pertencia a um lote de documentos roubados do Detran do Estado de Tocantins.  <\/p>\n<p>Al\u00e9m dos documentos falsificados, os semirreboques estavam com as placas trocadas.  O uso de documentos falsos seriam para acobertar a busca e apreens\u00e3o judicial expedidos pela Justi\u00e7a de Bras\u00edlia, al\u00e9m dos licenciamentos que estavam atrasados junto aos estados de origem. O ve\u00edculo possu\u00eda 5 anos de impostos atrasados, diferentemente dos documentos apresentados aos agentes da PRF, que atestavam estarem todos atualizados. <\/p>\n<p>O caminhoneiro E.A.S, de 39 anos, alegou que adquiriu o conjunto na cidade de Bras\u00edlia atrav\u00e9s de acordo comercial com os antigos propriet\u00e1rios. <\/p>\n<p>Os ve\u00edculos foram apreendidos. J\u00e1 o condutor foi apresentado ao plant\u00e3o da Pol\u00edcia Civil de Te\u00f3filo Otoni. Ele responder\u00e1 pelos crimes de uso de documento falso e adultera\u00e7\u00e3o de sinais identifica\u00e7\u00e3o de ve\u00edculo.<\/p>\n<p><img decoding=\"async\" src=\"http:\/\/aconteceunovale.com.br\/portal\/wp-content\/uploads\/2019\/05\/carreta_teo.jpg\" alt=\"\" \/><em>Foto: Divulga\u00e7\u00e3o\/PRF<\/em><br \/>\n<\/br><br \/>\n<em>Leandro Silva | Aconteceu no Vale<br \/>\nPublicado em: 01\/05\/2019, \u00e0s 18h52<\/em><\/p>\n<p><strong>VER PRIMEIRO<\/strong><\/p>\n<p>Receba as not\u00edcias do Aconteceu no Vale em primeira m\u00e3o. Clique em curtir no endere\u00e7o <a href=\"https:\/\/www.facebook.com\/aconteceunovale\" target=\"_blank\"><font color=\"red\">www.facebook.com\/aconteceunovale<\/font><\/a> ou no box abaixo:<\/p>\n<div class=\"fb-like\" data-href=\"https:\/\/www.facebook.com\/aconteceunovale\" data-width=\"120\" data-layout=\"standard\" data-action=\"like\" data-size=\"small\" data-show-faces=\"true\" data-share=\"true\"><\/div>\n<p><!-- Erro, o An\u00fancio n\u00e3o est\u00e1 dispon\u00edvel neste momento devido \u00e0s restri\u00e7\u00f5es de agendamento\/geolocaliza\u00e7\u00e3o! --><br \/>\n<\/br><\/p>\n","protected":false},"excerpt":{"rendered":"<p>A ocorr\u00eancia foi registrada no in\u00edcio da tarde dessa ter\u00e7a-feira (30\/04\/2019) na BR-116, em Te\u00f3filo Otoni, no Vale do Mucuri. Segundo informa\u00e7\u00f5es da Pol\u00edcia Rodovi\u00e1ria Federal (PRF), a carreta passava pelo posto de fiscaliza\u00e7\u00e3o, quando foi abordada. Ao serem analisados os documentos da composi\u00e7\u00e3o, os policiais constataram que todos eram adulterados, sendo que o CRLV [&hellip;]<\/p>\n","protected":false},"author":1,"featured_media":148186,"comment_status":"open","ping_status":"closed","sticky":false,"template":"","format":"standard","meta":{"amp_status":"","footnotes":""},"categories":[122],"tags":[201372,149207,201375,201374,201373,187349,164],"class_list":["post-148185","post","type-post","status-publish","format-standard","has-post-thumbnail","hentry","category-mucuri","tag-caminhoneiro-e-preso-em-teofilo-otoni-por-uso-de-documentos-falsos-e-adulteracao-do-veiculo","tag-caminhoneiro-preso-em-teofilo-otoni","tag-carreta-apreendida-em-teofilo-otoni","tag-carreteiro-preso-em-teofilo-otoni","tag-motorista-de-caminhao-preso-em-teofilo-otoni","tag-prf-em-teofilo-otoni","tag-teofilo-otoni"],"_links":{"self":[{"href":"https:\/\/aconteceunovale.com.br\/portal\/index.php?rest_route=\/wp\/v2\/posts\/148185","targetHints":{"allow":["GET"]}}],"collection":[{"href":"https:\/\/aconteceunovale.com.br\/portal\/index.php?rest_route=\/wp\/v2\/posts"}],"about":[{"href":"https:\/\/aconteceunovale.com.br\/portal\/index.php?rest_route=\/wp\/v2\/types\/post"}],"author":[{"embeddable":true,"href":"https:\/\/aconteceunovale.com.br\/portal\/index.php?rest_route=\/wp\/v2\/users\/1"}],"replies":[{"embeddable":true,"href":"https:\/\/aconteceunovale.com.br\/portal\/index.php?rest_route=%2Fwp%2Fv2%2Fcomments&post=148185"}],"version-history":[{"count":0,"href":"https:\/\/aconteceunovale.com.br\/portal\/index.php?rest_route=\/wp\/v2\/posts\/148185\/revisions"}],"wp:featuredmedia":[{"embeddable":true,"href":"https:\/\/aconteceunovale.com.br\/portal\/index.php?rest_route=\/wp\/v2\/media\/148186"}],"wp:attachment":[{"href":"https:\/\/aconteceunovale.com.br\/portal\/index.php?rest_route=%2Fwp%2Fv2%2Fmedia&parent=148185"}],"wp:term":[{"taxonomy":"category","embeddable":true,"href":"https:\/\/aconteceunovale.com.br\/portal\/index.php?rest_route=%2Fwp%2Fv2%2Fcategories&post=148185"},{"taxonomy":"post_tag","embeddable":true,"href":"https:\/\/aconteceunovale.com.br\/portal\/index.php?rest_route=%2Fwp%2Fv2%2Ftags&post=148185"}],"curies":[{"name":"wp","href":"https:\/\/api.w.org\/{rel}","templated":true}]}}