{"id":148180,"date":"2019-05-01T19:39:25","date_gmt":"2019-05-01T21:39:25","guid":{"rendered":"http:\/\/aconteceunovale.com.br\/portal\/?p=148180"},"modified":"2019-05-01T19:39:25","modified_gmt":"2019-05-01T21:39:25","slug":"carro-cai-dentro-de-canal-em-governador-valadares-2","status":"publish","type":"post","link":"https:\/\/aconteceunovale.com.br\/portal\/?p=148180","title":{"rendered":"Carro cai dentro de canal em Governador Valadares"},"content":{"rendered":"<p>Um carro caiu no canal da Avenida Veneza, no Bairro Gr\u00e3-Duquesa, em Governador Valadares, na manh\u00e3 desta quarta-feira (01\/05\/2019). Segundo informa\u00e7\u00f5es da Pol\u00edcia Militar (PM), o condutor do ve\u00edculo relatou ter passado a noite em uma festa e que deve ter dormido ao volante. Antes de cair no curso de \u00e1gua, o carro bateu contra outros dois autom\u00f3veis que estavam estacionados na via.<br \/>\n<center><br \/>\n<!-- Erro, o An\u00fancio n\u00e3o est\u00e1 dispon\u00edvel neste momento devido \u00e0s restri\u00e7\u00f5es de agendamento\/geolocaliza\u00e7\u00e3o! --><br \/>\n<\/br><br \/>\n<\/center><br \/>\nO condutor e o passageiro, de 20 e 36 anos, foram retirados do canal e socorridos por equipes do Corpo de Bombeiros ao Hospital Municipal de Governador Valadares com luxa\u00e7\u00f5es no rosto e bra\u00e7os. <\/p>\n<p>Ainda segundo testemunhas e a PM, o condutor apresentava sinais de ter ingerido bebidas alco\u00f3licas, mas se recusou em fazer o teste do etil\u00f4metro.<\/p>\n<p>O condutor do ve\u00edculo, ap\u00f3s receber atendimento m\u00e9dico, foi detido e encaminhado \u00e0 Delegacia de Pol\u00edcia Civil de Governador Valadares.<\/p>\n<p><img decoding=\"async\" src=\"http:\/\/aconteceunovale.com.br\/portal\/wp-content\/uploads\/2019\/05\/carro_canal_gv_1.jpg\" alt=\"\" \/><em>Foto: Comando Geral\/Reprodu\u00e7\u00e3o<\/em><br \/>\n<\/br><\/p>\n<p><img decoding=\"async\" src=\"http:\/\/aconteceunovale.com.br\/portal\/wp-content\/uploads\/2019\/05\/carro_canal_gv_2.jpg\" alt=\"\" \/><em>Foto: Comando Geral\/Reprodu\u00e7\u00e3o<\/em><br \/>\n<\/br><\/p>\n<p><img decoding=\"async\" src=\"http:\/\/aconteceunovale.com.br\/portal\/wp-content\/uploads\/2019\/05\/carro_canal_gv_3.jpg\" alt=\"\" \/><em>Foto: Comando Geral\/Reprodu\u00e7\u00e3o<\/em><br \/>\n<\/br><br \/>\n<em>Leandro Silva | Aconteceu no Vale<br \/>\nPublicado em: 01\/05\/2019, \u00e0s 18h36<\/em><\/p>\n<p><strong>VER PRIMEIRO<\/strong><\/p>\n<p>Receba as not\u00edcias do Aconteceu no Vale em primeira m\u00e3o. Clique em curtir no endere\u00e7o <a href=\"https:\/\/www.facebook.com\/aconteceunovale\" target=\"_blank\"><font color=\"red\">www.facebook.com\/aconteceunovale<\/font><\/a> ou no box abaixo:<\/p>\n<div class=\"fb-like\" data-href=\"https:\/\/www.facebook.com\/aconteceunovale\" data-width=\"120\" data-layout=\"standard\" data-action=\"like\" data-size=\"small\" data-show-faces=\"true\" data-share=\"true\"><\/div>\n<p><!-- Erro, o An\u00fancio n\u00e3o est\u00e1 dispon\u00edvel neste momento devido \u00e0s restri\u00e7\u00f5es de agendamento\/geolocaliza\u00e7\u00e3o! --><br \/>\n<\/br><\/p>\n","protected":false},"excerpt":{"rendered":"<p>Um carro caiu no canal da Avenida Veneza, no Bairro Gr\u00e3-Duquesa, em Governador Valadares, na manh\u00e3 desta quarta-feira (01\/05\/2019). Segundo informa\u00e7\u00f5es da Pol\u00edcia Militar (PM), o condutor do ve\u00edculo relatou ter passado a noite em uma festa e que deve ter dormido ao volante. Antes de cair no curso de \u00e1gua, o carro bateu contra [&hellip;]<\/p>\n","protected":false},"author":1,"featured_media":148183,"comment_status":"open","ping_status":"closed","sticky":false,"template":"","format":"standard","meta":{"amp_status":"","footnotes":""},"categories":[121],"tags":[177219,12667,150741,201371,1018,247],"class_list":["post-148180","post","type-post","status-publish","format-standard","has-post-thumbnail","hentry","category-leste","tag-acidente-com-carro-em-governador-valadares","tag-acidente-em-governador-valadares","tag-carro-cai-dentro-de-canal-em-governador-valadares","tag-carro-cai-em-canal-em-governador-valadares","tag-destaque","tag-governador-valadares"],"_links":{"self":[{"href":"https:\/\/aconteceunovale.com.br\/portal\/index.php?rest_route=\/wp\/v2\/posts\/148180","targetHints":{"allow":["GET"]}}],"collection":[{"href":"https:\/\/aconteceunovale.com.br\/portal\/index.php?rest_route=\/wp\/v2\/posts"}],"about":[{"href":"https:\/\/aconteceunovale.com.br\/portal\/index.php?rest_route=\/wp\/v2\/types\/post"}],"author":[{"embeddable":true,"href":"https:\/\/aconteceunovale.com.br\/portal\/index.php?rest_route=\/wp\/v2\/users\/1"}],"replies":[{"embeddable":true,"href":"https:\/\/aconteceunovale.com.br\/portal\/index.php?rest_route=%2Fwp%2Fv2%2Fcomments&post=148180"}],"version-history":[{"count":0,"href":"https:\/\/aconteceunovale.com.br\/portal\/index.php?rest_route=\/wp\/v2\/posts\/148180\/revisions"}],"wp:featuredmedia":[{"embeddable":true,"href":"https:\/\/aconteceunovale.com.br\/portal\/index.php?rest_route=\/wp\/v2\/media\/148183"}],"wp:attachment":[{"href":"https:\/\/aconteceunovale.com.br\/portal\/index.php?rest_route=%2Fwp%2Fv2%2Fmedia&parent=148180"}],"wp:term":[{"taxonomy":"category","embeddable":true,"href":"https:\/\/aconteceunovale.com.br\/portal\/index.php?rest_route=%2Fwp%2Fv2%2Fcategories&post=148180"},{"taxonomy":"post_tag","embeddable":true,"href":"https:\/\/aconteceunovale.com.br\/portal\/index.php?rest_route=%2Fwp%2Fv2%2Ftags&post=148180"}],"curies":[{"name":"wp","href":"https:\/\/api.w.org\/{rel}","templated":true}]}}