{"id":148176,"date":"2019-05-01T19:20:29","date_gmt":"2019-05-01T21:20:29","guid":{"rendered":"http:\/\/aconteceunovale.com.br\/portal\/?p=148176"},"modified":"2019-05-01T19:20:29","modified_gmt":"2019-05-01T21:20:29","slug":"agencia-nacional-de-aguas-autoriza-ampliacao-de-limite-de-vazao-da-bacia-do-sao-francisco","status":"publish","type":"post","link":"https:\/\/aconteceunovale.com.br\/portal\/?p=148176","title":{"rendered":"Ag\u00eancia Nacional de \u00c1guas autoriza amplia\u00e7\u00e3o de limite de vaz\u00e3o da bacia do S\u00e3o Francisco"},"content":{"rendered":"<p>A Ag\u00eancia Nacional de \u00c1guas (ANA) publicou ontem (30) resolu\u00e7\u00e3o ampliando o limite de vaz\u00e3o dos reservat\u00f3rios da Bacia do Rio S\u00e3o Francisco. O limite havia sido reduzido em raz\u00e3o desde o in\u00edcio da crise h\u00eddrica em 2012. Com a amplia\u00e7\u00e3o da vaz\u00e3o, que come\u00e7a a valer a partir de hoje (1\u00ba), ser\u00e1 poss\u00edvel ampliar a gera\u00e7\u00e3o de energia nas usinas hidrel\u00e9tricas constru\u00eddas ao longo da bacia do S\u00e3o Francisco.<br \/>\n<center><br \/>\n<!-- Erro, o An\u00fancio n\u00e3o est\u00e1 dispon\u00edvel neste momento devido \u00e0s restri\u00e7\u00f5es de agendamento\/geolocaliza\u00e7\u00e3o! --><br \/>\n<\/br><br \/>\n<\/center><br \/>\nA decis\u00e3o foi tomada ap\u00f3s a constata\u00e7\u00e3o de que os reservat\u00f3rios voltaram aos n\u00edveis do per\u00edodo pr\u00e9-crise h\u00eddrica, em 2012, e aplica-se aos reservat\u00f3rios do sistema h\u00eddrico do Rio S\u00e3o Francisco, formado pelos reservat\u00f3rios de Tr\u00eas Marias (MG); Sobradinho (BA); Itaparica (BA\/PE), tamb\u00e9m conhecida como Luiz Gonzaga; Moxot\u00f3 (AL), Paulo Afonso I, II, III e IV (BA); e Xing\u00f3 (AL\/SE).<\/p>\n<p>Atualmente, o volume somado dos reservat\u00f3rios est\u00e1 em 57%. A expectativa \u00e9 que alcance 60% nas pr\u00f3ximas semanas, mesmo percentual de janeiro de 2012. Pelas regras, definidas em uma resolu\u00e7\u00e3o da ANA de 2017, a opera\u00e7\u00e3o no reservat\u00f3rio de Sobradinho e Xing\u00f3 n\u00e3o sofrer\u00e1 restri\u00e7\u00e3o de vaz\u00e3o quando o volume estiver na faixa normal, acima de 60% da capacidade.<\/p>\n<p>Na faixa de aten\u00e7\u00e3o, abaixo dos 60%, Sobradinho ter\u00e1 a restri\u00e7\u00e3o diminu\u00edda, com libera\u00e7\u00e3o m\u00ednima m\u00e9dia de 800 metros c\u00fabicos por segundo (m\u00b3\/s), acr\u00e9scimo de 250 m\u00b3\/s em rela\u00e7\u00e3o \u00e0 menor vaz\u00e3o registrada, em 2017, de 550 m\u00b3\/s. Atualmente, o reservat\u00f3rio opera com 48,76% da capacidade. A mesma regra vale para Xing\u00f3.<\/p>\n<p>Para o reservat\u00f3rio de Tr\u00eas Marias, a forma de opera\u00e7\u00e3o ser\u00e1 parecida e sem distin\u00e7\u00e3o de entre per\u00edodo seco e chuvoso. Tanto na faixa normal (acima de 60% do volume \u00fatil) quanto de aten\u00e7\u00e3o (acima de 30% at\u00e9 60%, com vaz\u00e3o m\u00ednima m\u00e9dia por dia de 150 m\u00b3\/s. Atualmente, Tr\u00eas Marias opera com cerca de 80% do volume \u00fatil e come\u00e7ar\u00e1 a operar na faixa normal a partir de hoje.<\/p>\n<p>De acordo com a ANA, para o reservat\u00f3rio de Itaparica (Luiz Gonzaga), a opera\u00e7\u00e3o n\u00e3o ser\u00e1 por faixas, mas ter\u00e1 rela\u00e7\u00e3o com os volumes registrados em Sobradinho, o maior da bacia do S\u00e3o Francisco.<\/p>\n<p>Pelas regras, o reservat\u00f3rio dever\u00e1 ter um armazenamento m\u00ednimo de 30% de seu volume \u00fatil quando Sobradinho estiver nas faixas normal ou de aten\u00e7\u00e3o. De acordo com o Operador Nacional do Sistema El\u00e9trico (ONS), o reservat\u00f3rio opera atualmente com 32,52% da capacidade.<\/p>\n<p>Segundo a ANA, com as novas condi\u00e7\u00f5es de opera\u00e7\u00e3o do sistema h\u00eddrico do Rio S\u00e3o Francisco e com a melhora na situa\u00e7\u00e3o da bacia hidrogr\u00e1fica, o acompanhamento da situa\u00e7\u00e3o do Velho Chico ter\u00e1 uma mudan\u00e7a. A Sala de Crise do Rio S\u00e3o Francisco ser\u00e1 desfeita e ser\u00e1 instalada a Sala de Acompanhamento do Sistema H\u00eddrico do S\u00e3o Francisco. A primeira reuni\u00e3o ocorrer\u00e1 na pr\u00f3xima segunda-feira (6).<\/p>\n<p><strong>VER PRIMEIRO<\/strong><\/p>\n<p>Receba as not\u00edcias do Aconteceu no Vale em primeira m\u00e3o. Clique em curtir no endere\u00e7o <a href=\"https:\/\/www.facebook.com\/aconteceunovale\" target=\"_blank\"><font color=\"red\">www.facebook.com\/aconteceunovale<\/font><\/a> ou no box abaixo:<\/p>\n<div class=\"fb-like\" data-href=\"https:\/\/www.facebook.com\/aconteceunovale\" data-width=\"120\" data-layout=\"standard\" data-action=\"like\" data-size=\"small\" data-show-faces=\"true\" data-share=\"true\"><\/div>\n<p><!-- Erro, o An\u00fancio n\u00e3o est\u00e1 dispon\u00edvel neste momento devido \u00e0s restri\u00e7\u00f5es de agendamento\/geolocaliza\u00e7\u00e3o! --><br \/>\n<\/br><\/p>\n<p><em>(Fonte: Ag\u00eancia Brasil)<\/em><\/p>\n","protected":false},"excerpt":{"rendered":"<p>A Ag\u00eancia Nacional de \u00c1guas (ANA) publicou ontem (30) resolu\u00e7\u00e3o ampliando o limite de vaz\u00e3o dos reservat\u00f3rios da Bacia do Rio S\u00e3o Francisco. O limite havia sido reduzido em raz\u00e3o desde o in\u00edcio da crise h\u00eddrica em 2012. Com a amplia\u00e7\u00e3o da vaz\u00e3o, que come\u00e7a a valer a partir de hoje (1\u00ba), ser\u00e1 poss\u00edvel ampliar [&hellip;]<\/p>\n","protected":false},"author":1,"featured_media":105256,"comment_status":"open","ping_status":"closed","sticky":false,"template":"","format":"standard","meta":{"amp_status":"","footnotes":""},"categories":[6],"tags":[18705,201364,20943,109468,91009,201365,201363,22117,49281,1533,201362,153628],"class_list":["post-148176","post","type-post","status-publish","format-standard","has-post-thumbnail","hentry","category-br","tag-agencia-nacional-de-aguas","tag-agencia-nacional-de-aguas-autoriza-ampliacao-de-limite-de-vazao-da-bacia-do-sao-francisco","tag-ana","tag-bacia-do-rio-sao-francisco","tag-itaparica","tag-limite-de-vazao-da-bacia-do-sao-francisco","tag-moxoto","tag-paulo-afonso","tag-sobradinho","tag-tres-marias","tag-vazao-da-bacia-do-rio-sao-francisco","tag-xingo"],"_links":{"self":[{"href":"https:\/\/aconteceunovale.com.br\/portal\/index.php?rest_route=\/wp\/v2\/posts\/148176","targetHints":{"allow":["GET"]}}],"collection":[{"href":"https:\/\/aconteceunovale.com.br\/portal\/index.php?rest_route=\/wp\/v2\/posts"}],"about":[{"href":"https:\/\/aconteceunovale.com.br\/portal\/index.php?rest_route=\/wp\/v2\/types\/post"}],"author":[{"embeddable":true,"href":"https:\/\/aconteceunovale.com.br\/portal\/index.php?rest_route=\/wp\/v2\/users\/1"}],"replies":[{"embeddable":true,"href":"https:\/\/aconteceunovale.com.br\/portal\/index.php?rest_route=%2Fwp%2Fv2%2Fcomments&post=148176"}],"version-history":[{"count":0,"href":"https:\/\/aconteceunovale.com.br\/portal\/index.php?rest_route=\/wp\/v2\/posts\/148176\/revisions"}],"wp:featuredmedia":[{"embeddable":true,"href":"https:\/\/aconteceunovale.com.br\/portal\/index.php?rest_route=\/wp\/v2\/media\/105256"}],"wp:attachment":[{"href":"https:\/\/aconteceunovale.com.br\/portal\/index.php?rest_route=%2Fwp%2Fv2%2Fmedia&parent=148176"}],"wp:term":[{"taxonomy":"category","embeddable":true,"href":"https:\/\/aconteceunovale.com.br\/portal\/index.php?rest_route=%2Fwp%2Fv2%2Fcategories&post=148176"},{"taxonomy":"post_tag","embeddable":true,"href":"https:\/\/aconteceunovale.com.br\/portal\/index.php?rest_route=%2Fwp%2Fv2%2Ftags&post=148176"}],"curies":[{"name":"wp","href":"https:\/\/api.w.org\/{rel}","templated":true}]}}