{"id":148173,"date":"2019-05-01T19:16:38","date_gmt":"2019-05-01T21:16:38","guid":{"rendered":"http:\/\/aconteceunovale.com.br\/portal\/?p=148173"},"modified":"2019-05-01T19:16:38","modified_gmt":"2019-05-01T21:16:38","slug":"supremo-tribunal-federal-suspende-permissao-para-gestante-trabalhar-em-atividade-insalubre","status":"publish","type":"post","link":"https:\/\/aconteceunovale.com.br\/portal\/?p=148173","title":{"rendered":"Supremo Tribunal Federal suspende permiss\u00e3o para gestante trabalhar em atividade insalubre"},"content":{"rendered":"<p>O ministro Alexandre de Moraes, do Supremo Tribunal Federal (STF), suspendeu por meio de liminar (decis\u00e3o provis\u00f3ria) o trecho da reforma trabalhista que abria a possibilidade de gestantes trabalharem em atividades insalubres.<br \/>\n<center><br \/>\n<!-- Erro, o An\u00fancio n\u00e3o est\u00e1 dispon\u00edvel neste momento devido \u00e0s restri\u00e7\u00f5es de agendamento\/geolocaliza\u00e7\u00e3o! --><br \/>\n<\/br><br \/>\n<\/center><br \/>\nPelo artigo 379-A da Consolida\u00e7\u00e3o das Leis do Trabalho (CLT), cuja reda\u00e7\u00e3o foi dada pela reforma aprovada em 2017, as gestantes deveriam ser afastadas de atividades insalubres somente \u201cquando apresentar atestado de sa\u00fade, emitido por m\u00e9dico de confian\u00e7a da mulher, que recomende o afastamento durante a gesta\u00e7\u00e3o\u201d.<\/p>\n<p>Moraes tornou sem efeito o trecho da lei, o que torna obrigat\u00f3rio o afastamento da gestante de atividades insalubres de qualquer grau. Para o ministro \u201ca prote\u00e7\u00e3o da mulher gr\u00e1vida ou da lactante em rela\u00e7\u00e3o ao trabalho insalubre, caracteriza-se como importante direito social instrumental protetivo tanto da mulher quanto da crian\u00e7a\u201d.<\/p>\n<p>Ele acrescentou que o objetivo da norma que prev\u00ea o afastamento \u201cn\u00e3o s\u00f3 \u00e9 salvaguardar direitos sociais da mulher, mas tamb\u00e9m, efetivar a integral prote\u00e7\u00e3o ao rec\u00e9m-nascido&#8221;.<\/p>\n<p>O ministro atendeu a um pedido feito em a\u00e7\u00e3o direta de inconstitucionalidade (ADI) pela Confedera\u00e7\u00e3o Nacional de Trabalhadores Metal\u00fargicos. Ele acatou tamb\u00e9m parecer da procuradora-geral da Rep\u00fablica, Raquel Dodge, que opinou pela concess\u00e3o da liminar. Para ela, a exig\u00eancia de atestado m\u00e9dico para o afastamento da gestante, conforme previsto na reforma trabalhista, transformava \u201cem regra a exposi\u00e7\u00e3o ao risco\u201d.<\/p>\n<p>Em manifesta\u00e7\u00e3o no processo, a Advocacia-Geral da Uni\u00e3o (AGU) havia defendido o texto da reforma. O \u00f3rg\u00e3o argumentou que o novo texto da CLT buscou proporcionar um melhor tratamento da mulher nas rela\u00e7\u00f5es de trabalho, evitando a discrimina\u00e7\u00e3o delas no momento da contrata\u00e7\u00e3o.<\/p>\n<p>Moraes determinou que sua decis\u00e3o seja comunicada ao Congresso e \u00e0 Presid\u00eancia da Rep\u00fablica. A medida dele deve ser agora analisada pelos demais ministros do Supremo, que dever\u00e3o votar se ser\u00e1 mantida ou n\u00e3o. Ainda n\u00e3o h\u00e1 prazo para que isso ocorra.<\/p>\n<p>O ministro Alexandre de Moraes destacou que o caso est\u00e1 pronto para ser julgado em plen\u00e1rio desde 18 de dezembro. A inclus\u00e3o da ADI em pauta depende do presidente do STF, ministro Dias Toffoli.<\/p>\n<p><strong>VER PRIMEIRO<\/strong><\/p>\n<p>Receba as not\u00edcias do Aconteceu no Vale em primeira m\u00e3o. Clique em curtir no endere\u00e7o <a href=\"https:\/\/www.facebook.com\/aconteceunovale\" target=\"_blank\"><font color=\"red\">www.facebook.com\/aconteceunovale<\/font><\/a> ou no box abaixo:<\/p>\n<div class=\"fb-like\" data-href=\"https:\/\/www.facebook.com\/aconteceunovale\" data-width=\"120\" data-layout=\"standard\" data-action=\"like\" data-size=\"small\" data-show-faces=\"true\" data-share=\"true\"><\/div>\n<p><!-- Erro, o An\u00fancio n\u00e3o est\u00e1 dispon\u00edvel neste momento devido \u00e0s restri\u00e7\u00f5es de agendamento\/geolocaliza\u00e7\u00e3o! --><br \/>\n<\/br><\/p>\n<p><em>(Fonte: Ag\u00eancia Brasil)<\/em><\/p>\n","protected":false},"excerpt":{"rendered":"<p>O ministro Alexandre de Moraes, do Supremo Tribunal Federal (STF), suspendeu por meio de liminar (decis\u00e3o provis\u00f3ria) o trecho da reforma trabalhista que abria a possibilidade de gestantes trabalharem em atividades insalubres. Pelo artigo 379-A da Consolida\u00e7\u00e3o das Leis do Trabalho (CLT), cuja reda\u00e7\u00e3o foi dada pela reforma aprovada em 2017, as gestantes deveriam ser [&hellip;]<\/p>\n","protected":false},"author":1,"featured_media":148174,"comment_status":"open","ping_status":"closed","sticky":false,"template":"","format":"standard","meta":{"amp_status":"","footnotes":""},"categories":[6],"tags":[35211,151612,201361,172392,201359,114586,28511,28510,201360],"class_list":["post-148173","post","type-post","status-publish","format-standard","has-post-thumbnail","hentry","category-br","tag-alexandre-de-moraes","tag-clt","tag-gravidas-em-trabalho-insalubre","tag-ministro-alexandre-de-moraes","tag-permissao-para-gestante-trabalhar-em-atividade-insalubre","tag-reforma-trabalhista","tag-stf","tag-supremo-tribunal-federal","tag-trabalho-insalubre"],"_links":{"self":[{"href":"https:\/\/aconteceunovale.com.br\/portal\/index.php?rest_route=\/wp\/v2\/posts\/148173","targetHints":{"allow":["GET"]}}],"collection":[{"href":"https:\/\/aconteceunovale.com.br\/portal\/index.php?rest_route=\/wp\/v2\/posts"}],"about":[{"href":"https:\/\/aconteceunovale.com.br\/portal\/index.php?rest_route=\/wp\/v2\/types\/post"}],"author":[{"embeddable":true,"href":"https:\/\/aconteceunovale.com.br\/portal\/index.php?rest_route=\/wp\/v2\/users\/1"}],"replies":[{"embeddable":true,"href":"https:\/\/aconteceunovale.com.br\/portal\/index.php?rest_route=%2Fwp%2Fv2%2Fcomments&post=148173"}],"version-history":[{"count":0,"href":"https:\/\/aconteceunovale.com.br\/portal\/index.php?rest_route=\/wp\/v2\/posts\/148173\/revisions"}],"wp:featuredmedia":[{"embeddable":true,"href":"https:\/\/aconteceunovale.com.br\/portal\/index.php?rest_route=\/wp\/v2\/media\/148174"}],"wp:attachment":[{"href":"https:\/\/aconteceunovale.com.br\/portal\/index.php?rest_route=%2Fwp%2Fv2%2Fmedia&parent=148173"}],"wp:term":[{"taxonomy":"category","embeddable":true,"href":"https:\/\/aconteceunovale.com.br\/portal\/index.php?rest_route=%2Fwp%2Fv2%2Fcategories&post=148173"},{"taxonomy":"post_tag","embeddable":true,"href":"https:\/\/aconteceunovale.com.br\/portal\/index.php?rest_route=%2Fwp%2Fv2%2Ftags&post=148173"}],"curies":[{"name":"wp","href":"https:\/\/api.w.org\/{rel}","templated":true}]}}