{"id":148165,"date":"2019-05-01T11:46:51","date_gmt":"2019-05-01T13:46:51","guid":{"rendered":"http:\/\/aconteceunovale.com.br\/portal\/?p=148165"},"modified":"2019-05-01T12:01:52","modified_gmt":"2019-05-01T14:01:52","slug":"fechamento-de-usina-da-petrobras-em-montes-claros-pode-prejudicar-9-mil-familias","status":"publish","type":"post","link":"https:\/\/aconteceunovale.com.br\/portal\/?p=148165","title":{"rendered":"Fechamento de usina da Petrobras em Montes Claros pode prejudicar 9 mil fam\u00edlias"},"content":{"rendered":"<p>Milhares de pessoas que, a partir da agricultura familiar na regi\u00e3o do semi\u00e1rido brasileiro, participam da cadeia produtiva do biodiesel est\u00e3o amea\u00e7adas de perderem sua produ\u00e7\u00e3o ao mesmo tempo que centenas de trabalhadores das mesmas regi\u00f5es perderiam seus empregos. Esse foi o alerta dos convidados de audi\u00eancia p\u00fablica que discutiu a amea\u00e7a de fechamento da Usina de Biodiesel Darcy Ribeiro, localizada no Munic\u00edpio de Montes Claros. A reuni\u00e3o foi realizada na noite desta ter\u00e7a-feira pela Comiss\u00e3o do Trabalho, da Previd\u00eancia e da Assist\u00eancia Social da Assembleia Legislativa de Minas Gerais (ALMG).<br \/>\n<center><br \/>\n<!-- Erro, o An\u00fancio n\u00e3o est\u00e1 dispon\u00edvel neste momento devido \u00e0s restri\u00e7\u00f5es de agendamento\/geolocaliza\u00e7\u00e3o! --><br \/>\n<\/br><br \/>\n<\/center><br \/>\nA usina pertence a Petrobras e, como as duas outras localizadas no semi\u00e1rido, foi fundada em 2009 como parte de um projeto nacional de desenvolvimento de energia renov\u00e1vel com a diretriz de inclus\u00e3o social. Como explicou o diretor do Sindicato dos Petroleiros do Cear\u00e1 e Piau\u00ed, Douglas Uchoa, desde que Michel Temer (PMDB) assumiu a presid\u00eancia do pa\u00eds, iniciou-se um desmonte desse projeto, que estaria se aprofundando com Jair Bolsonaro (PSL). O novo direcionamento seria privatizar grande parte dos neg\u00f3cios da empresa, que passaria a focar apenas em explora\u00e7\u00e3o de petr\u00f3leo cru.<\/p>\n<p>A usina de Quixad\u00e1, no Cear\u00e1, j\u00e1 teve seu processo de venda encerrado sem que nenhum potencial comprador se manifestasse e, assim, ela foi fechada. Perderam-se, ent\u00e3o, 170 empregos na regi\u00e3o e 2 mil fam\u00edlias que produziam para a usina deixaram de ter compradores para escoar sua produ\u00e7\u00e3o. Al\u00e9m deles, 800 cooperados que coletavam \u00f3leo de cozinha na Regi\u00e3o Metropolitana de Fortaleza e vendiam para a Petrobras tamb\u00e9m transformar em energia n\u00e3o t\u00eam mais para onde escoar o fruto do seu trabalho. \u201cVoc\u00eas precisam cuidar para que o mesmo n\u00e3o aconte\u00e7a em Minas Gerais\u201d, alertou. A terceira usina, localizada em Candeias, na Bahia, est\u00e1 na mesma situa\u00e7\u00e3o da mineira, ou seja, ainda aberta, mas sob amea\u00e7a, conforme informou o diretor do Sindipetro baiano, Deyvid Bacelar.<\/p>\n<p>Os convidados ressaltaram que as tr\u00eas usinas foram fundadas na regi\u00e3o do semi\u00e1rido brasileiro, onde est\u00e3o os maiores polos de pobreza do pa\u00eds, com o objetivo de levar desenvolvimento social \u00e0 regi\u00e3o. \u201cAntes, a regi\u00e3o de Quixad\u00e1 era marcada pelo \u00eaxodo rural, as pessoas iam para Fortaleza na tentativa de sobreviver. A usina ajudou a gerar renda, a movimentar o com\u00e9rcio e a criar atividades lucrativas e qualificadas\u201d, disse Douglas Uchoa, do Sindipetro cearense. A Usina Darcy Ribeiro gera, na regi\u00e3o de Montes Claros, 150 empregos diretos e trabalho produtivo para nove mil fam\u00edlias que fornecem insumos para a gera\u00e7\u00e3o de energia segundo William Vella Nozaki, diretor do Instituto de Estudos Estrat\u00e9gicos de Petr\u00f3leo, G\u00e1s Natural e Biocombust\u00edveis Z\u00e9 Eduardo Dutra (INEEP).<\/p>\n<p><img decoding=\"async\" src=\"http:\/\/aconteceunovale.com.br\/portal\/wp-content\/uploads\/2019\/05\/br_moc.jpg\" alt=\"\" \/><em>Usina da Petrobras em Montes Claros &#8211; Foto: F\u00e1bio Mar\u00e7al\/Prefeitura de Montes Claros<\/em><br \/>\n<\/br><\/p>\n<p><strong>Fechamento de usinas podem levar tamb\u00e9m a perda tecnol\u00f3gica e ambiental <\/strong><\/p>\n<p>Ao longo da d\u00e9cada em que se desenvolveram as tr\u00eas usinas houve tamb\u00e9m grande ganho tecnol\u00f3gico, como destacaram os participantes da reuni\u00e3o. Douglas Uchoa, do Cear\u00e1, lembrou que quando se iniciaram os trabalhos em Quixad\u00e1, n\u00e3o se sabia como exatamente extrair energia dos insumos dispon\u00edveis na regi\u00e3o. \u201cFoi um desafio imenso, mas n\u00f3s, petroleiros, entend\u00edamos que aquilo fazia parte de um grande projeto de pa\u00eds, que era uma iniciativa nobre de desenvolvimento social. Conseguimos ent\u00e3o desenvolver toda a tecnologia\u201d, disse lembrando que hoje essa tecnologia \u00e9 exportada para outros pa\u00edses. Com o poss\u00edvel fechamento das tr\u00eas usinas, por\u00e9m, Uchoa lamenta que todo o conhecimento acumulado pode se perder.<\/p>\n<p>Foram apontadas, ainda, as perdas ambientais, j\u00e1 que o investimento em biocombust\u00edvel tem como raz\u00e3o principal a redu\u00e7\u00e3o na emiss\u00e3o de gases de efeito estufa. Uma mesma quantidade energ\u00e9tica emite, em sua produ\u00e7\u00e3o, 78% menos desses gases do que o equivalente a partir de combust\u00edveis f\u00f3sseis como o petr\u00f3leo, de acordo com os convidados. A energia, nessas usinas, \u00e9 produzida a partir de insumos org\u00e2nicos de f\u00e1cil adapta\u00e7\u00e3o na regi\u00e3o do semi\u00e1rido, como mamonas.<\/p>\n<p><strong>Argumentos econ\u00f4micos para decis\u00e3o s\u00e3o relativizados pelos convidados<\/strong><\/p>\n<p>Os convidados tamb\u00e9m negaram os argumentos econ\u00f4micos colocados pelo governo federal ao dizer, por exemplo, que as usinas n\u00e3o s\u00e3o deficit\u00e1rias. Outro argumento, o de que \u00e9 preciso acabar com o monop\u00f3lio nacional para desenvolver a ind\u00fastria, foi rebatido pelos participantes que indicaram o interesse das multinacionais \u00e9 retirar as usinas do semi\u00e1rido, onde a explora\u00e7\u00e3o \u00e9 dif\u00edcil, e lev\u00e1-las para regi\u00f5es de grande concentra\u00e7\u00e3o de agroneg\u00f3cios. A manobra levaria ao aumento da concentra\u00e7\u00e3o de renda no Brasil, como destacou Alexandre Finamori, diretor do Sindipetro de Minas Gerais.<\/p>\n<p>Willian Novaki destacou que, no caso mineiro, a negocia\u00e7\u00e3o de venda da usina est\u00e1 sendo feita com uma empresa francesa que j\u00e1 comprou a rede de postos de gasolina Zema, que eram do atual governador Romeu Zema (Novo). Com o setor de distribui\u00e7\u00e3o em m\u00e3os, a empresa quer dominar outras \u00e1reas da produ\u00e7\u00e3o energ\u00e9tica. \u201cSob o pretexto de desfazer o monop\u00f3lio nacional, privilegia-se o fortalecimento de monop\u00f3lios internacionais com os nossos recursos\u201d, salientou lembrando que uma das reuni\u00f5es realizadas pelo ministro Paulo Guedes na Su\u00ed\u00e7a, durante a Confer\u00eancia de Davos, foi com os representantes dessa empresa francesa que est\u00e1 entrando no mercado mineiro.<\/p>\n<p>O descompasso com cen\u00e1rio internacional foi ressaltado por Novaki, que lembrou que a tend\u00eancia em outros pa\u00edses \u00e9 diversificar suas fontes de energia reduzindo cada vez mais a depend\u00eancia de combust\u00edveis f\u00f3sseis. Tend\u00eancia essa que come\u00e7ou no mesmo per\u00edodo em que a Petrobras investiu nas tr\u00eas usinas de biocombust\u00edveis. \u201c\u201c2009 foi o ano em que a Europa aprovou um programa de promo\u00e7\u00e3o de energia renov\u00e1vel que colocou o biodiesel no centro das discuss\u00f5es internacionais. Foi o mesmo ano que as usinas foram inauguradas no Brasil. Est\u00e1vamos em conson\u00e2ncia com o resto do mundo e hoje estamos na contram\u00e3o dele\u201d, disse.<\/p>\n<p>Ele destacou que, com a nova pol\u00edtica, o Brasil abandona, aos poucos, a posi\u00e7\u00e3o de destaque na discuss\u00e3o do biocombust\u00edvel que come\u00e7ou a ocupar j\u00e1 por volta de 2003 com a pol\u00edtica de incentivo do etanol.<\/p>\n<p><strong>Apoio <\/strong>&#8211; As deputadas Beatriz Cerqueira (PT) e Leninha, al\u00e9m dos deputados Bet\u00e3o (PT) e Celinho do Sintrocel (PC do B), lamentaram o desmonte e afirmaram que v\u00e3o lutar para evitar o fechamento da usina em Montes Claros. Beatriz Cerqueira, autora do requerimento que deu origem \u00e0 reuni\u00e3o, apresentou requerimento para realizar nova audi\u00eancia p\u00fablica com o objetivo de tratar das consequ\u00eancias econ\u00f4micas e trabalhistas das estrat\u00e9gias adotadas pela Petrobras.<\/p>\n<p><strong>VER PRIMEIRO<\/strong><\/p>\n<p>Receba as not\u00edcias do Aconteceu no Vale em primeira m\u00e3o. Clique em curtir no endere\u00e7o <a href=\"https:\/\/www.facebook.com\/aconteceunovale\" target=\"_blank\"><font color=\"red\">www.facebook.com\/aconteceunovale<\/font><\/a> ou no box abaixo:<\/p>\n<div class=\"fb-like\" data-href=\"https:\/\/www.facebook.com\/aconteceunovale\" data-width=\"120\" data-layout=\"standard\" data-action=\"like\" data-size=\"small\" data-show-faces=\"true\" data-share=\"true\"><\/div>\n<p><!-- Erro, o An\u00fancio n\u00e3o est\u00e1 dispon\u00edvel neste momento devido \u00e0s restri\u00e7\u00f5es de agendamento\/geolocaliza\u00e7\u00e3o! --><br \/>\n<\/br><\/p>\n<p><em>(Fonte: ALMG)<\/em><\/p>\n","protected":false},"excerpt":{"rendered":"<p>Milhares de pessoas que, a partir da agricultura familiar na regi\u00e3o do semi\u00e1rido brasileiro, participam da cadeia produtiva do biodiesel est\u00e3o amea\u00e7adas de perderem sua produ\u00e7\u00e3o ao mesmo tempo que centenas de trabalhadores das mesmas regi\u00f5es perderiam seus empregos. Esse foi o alerta dos convidados de audi\u00eancia p\u00fablica que discutiu a amea\u00e7a de fechamento da [&hellip;]<\/p>\n","protected":false},"author":1,"featured_media":148166,"comment_status":"open","ping_status":"closed","sticky":false,"template":"","format":"standard","meta":{"amp_status":"","footnotes":""},"categories":[1236],"tags":[752,201351,201347,1018,201349,201353,210,5499,201352,120094,201348,201350],"class_list":["post-148165","post","type-post","status-publish","format-standard","has-post-thumbnail","hentry","category-norte_de_minas","tag-almg","tag-biodiesel-da-petrobras-em-montes-claros","tag-biodiesel-montes-claros","tag-destaque","tag-fechamento-da-usina-de-biodiesel-darcy-ribeiro","tag-fechamento-de-usina-da-petrobras-em-montes-claros-pode-prejudicar-9-mil-familias","tag-montes-claros","tag-petrobras","tag-petrobras-em-montes-claros","tag-usina-de-biodiesel-darcy-ribeiro","tag-usina-de-biodiesel-em-montes-claros","tag-usina-petrobras-em-montes-claros"],"_links":{"self":[{"href":"https:\/\/aconteceunovale.com.br\/portal\/index.php?rest_route=\/wp\/v2\/posts\/148165","targetHints":{"allow":["GET"]}}],"collection":[{"href":"https:\/\/aconteceunovale.com.br\/portal\/index.php?rest_route=\/wp\/v2\/posts"}],"about":[{"href":"https:\/\/aconteceunovale.com.br\/portal\/index.php?rest_route=\/wp\/v2\/types\/post"}],"author":[{"embeddable":true,"href":"https:\/\/aconteceunovale.com.br\/portal\/index.php?rest_route=\/wp\/v2\/users\/1"}],"replies":[{"embeddable":true,"href":"https:\/\/aconteceunovale.com.br\/portal\/index.php?rest_route=%2Fwp%2Fv2%2Fcomments&post=148165"}],"version-history":[{"count":0,"href":"https:\/\/aconteceunovale.com.br\/portal\/index.php?rest_route=\/wp\/v2\/posts\/148165\/revisions"}],"wp:featuredmedia":[{"embeddable":true,"href":"https:\/\/aconteceunovale.com.br\/portal\/index.php?rest_route=\/wp\/v2\/media\/148166"}],"wp:attachment":[{"href":"https:\/\/aconteceunovale.com.br\/portal\/index.php?rest_route=%2Fwp%2Fv2%2Fmedia&parent=148165"}],"wp:term":[{"taxonomy":"category","embeddable":true,"href":"https:\/\/aconteceunovale.com.br\/portal\/index.php?rest_route=%2Fwp%2Fv2%2Fcategories&post=148165"},{"taxonomy":"post_tag","embeddable":true,"href":"https:\/\/aconteceunovale.com.br\/portal\/index.php?rest_route=%2Fwp%2Fv2%2Ftags&post=148165"}],"curies":[{"name":"wp","href":"https:\/\/api.w.org\/{rel}","templated":true}]}}