{"id":148163,"date":"2019-04-30T22:24:14","date_gmt":"2019-05-01T00:24:14","guid":{"rendered":"http:\/\/aconteceunovale.com.br\/portal\/?p=148163"},"modified":"2019-04-30T22:24:14","modified_gmt":"2019-05-01T00:24:14","slug":"policia-investiga-homicidio-em-varzea-da-palma-no-norte-de-minas","status":"publish","type":"post","link":"https:\/\/aconteceunovale.com.br\/portal\/?p=148163","title":{"rendered":"Pol\u00edcia investiga homic\u00eddio em V\u00e1rzea da Palma, no Norte de Minas"},"content":{"rendered":"<p>O corpo de um jovem de 25 anos foi encontrado na manh\u00e3 dessa segunda-feira (29\/04\/2019) em um campo de futebol no per\u00edmetro urbano de V\u00e1rzea da Palma, no Norte de Minas. A v\u00edtima, identificada como Maurilio J\u00fanio Pereira de Oliveira, foi assassinada a pedradas e estava com diversas les\u00f5es na cabe\u00e7a.<br \/>\n<center><br \/>\n<!-- Erro, o An\u00fancio n\u00e3o est\u00e1 dispon\u00edvel neste momento devido \u00e0s restri\u00e7\u00f5es de agendamento\/geolocaliza\u00e7\u00e3o! --><br \/>\n<\/br><br \/>\n<\/center><br \/>\nSegundo a Pol\u00edcia Militar, o corpo foi encontrado por moradores no Bairro Nova Esperan\u00e7a. Quando os militares chegaram ao local perceberam que a v\u00edtima n\u00e3o apresentava os sinais vitais. O Samu foi acionado e constatou o \u00f3bito.<\/p>\n<p>Um perito da Pol\u00edcia Civil tamb\u00e9m foi acionado e descobriu as marcas de pedradas na cabe\u00e7a de Maur\u00edlio. Familiares contaram aos policiais que a v\u00edtima saiu de casa na noite de domingo (28) e que ele n\u00e3o possu\u00eda desaven\u00e7as com outras pessoas. O corpo foi liberado ao IML.<\/p>\n<p>Durante os levantamentos, policiais identificaram dois suspeitos, sendo que um deles \u00e9 envolvido com o tr\u00e1fico de drogas na cidade. O crime \u00e9 investigado pela Pol\u00edcia Civil local.<\/p>\n<p><strong>VER PRIMEIRO<\/strong><\/p>\n<p>Receba as not\u00edcias do Aconteceu no Vale em primeira m\u00e3o. Clique em curtir no endere\u00e7o <a href=\"https:\/\/www.facebook.com\/aconteceunovale\" target=\"_blank\"><font color=\"red\">www.facebook.com\/aconteceunovale<\/font><\/a> ou no box abaixo:<\/p>\n<div class=\"fb-like\" data-href=\"https:\/\/www.facebook.com\/aconteceunovale\" data-width=\"120\" data-layout=\"standard\" data-action=\"like\" data-size=\"small\" data-show-faces=\"true\" data-share=\"true\"><\/div>\n<p><!-- Erro, o An\u00fancio n\u00e3o est\u00e1 dispon\u00edvel neste momento devido \u00e0s restri\u00e7\u00f5es de agendamento\/geolocaliza\u00e7\u00e3o! --><br \/>\n<\/br><\/p>\n<p><em>(Fonte: G1 Grande Minas)<\/em><\/p>\n","protected":false},"excerpt":{"rendered":"<p>O corpo de um jovem de 25 anos foi encontrado na manh\u00e3 dessa segunda-feira (29\/04\/2019) em um campo de futebol no per\u00edmetro urbano de V\u00e1rzea da Palma, no Norte de Minas. A v\u00edtima, identificada como Maurilio J\u00fanio Pereira de Oliveira, foi assassinada a pedradas e estava com diversas les\u00f5es na cabe\u00e7a. Segundo a Pol\u00edcia Militar, [&hellip;]<\/p>\n","protected":false},"author":1,"featured_media":71442,"comment_status":"open","ping_status":"closed","sticky":false,"template":"","format":"standard","meta":{"amp_status":"","footnotes":""},"categories":[1236],"tags":[192599,79045,201343,201344,192598,33228,201345,201346,1340],"class_list":["post-148163","post","type-post","status-publish","format-standard","has-post-thumbnail","hentry","category-norte_de_minas","tag-assassinado-em-varzea-da-palma","tag-homicidio-em-varzea-da-palma","tag-maurilio-junio-pereira-de-oliveira","tag-maurilio-pereira","tag-morto-em-varzea-da-palma","tag-no-norte-de-minas","tag-policia-investiga-homicidio-em-varzea-da-palma","tag-policia-investiga-homicidio-em-varzea-da-palma-no-norte-de-minas","tag-varzea-da-palma"],"_links":{"self":[{"href":"https:\/\/aconteceunovale.com.br\/portal\/index.php?rest_route=\/wp\/v2\/posts\/148163","targetHints":{"allow":["GET"]}}],"collection":[{"href":"https:\/\/aconteceunovale.com.br\/portal\/index.php?rest_route=\/wp\/v2\/posts"}],"about":[{"href":"https:\/\/aconteceunovale.com.br\/portal\/index.php?rest_route=\/wp\/v2\/types\/post"}],"author":[{"embeddable":true,"href":"https:\/\/aconteceunovale.com.br\/portal\/index.php?rest_route=\/wp\/v2\/users\/1"}],"replies":[{"embeddable":true,"href":"https:\/\/aconteceunovale.com.br\/portal\/index.php?rest_route=%2Fwp%2Fv2%2Fcomments&post=148163"}],"version-history":[{"count":0,"href":"https:\/\/aconteceunovale.com.br\/portal\/index.php?rest_route=\/wp\/v2\/posts\/148163\/revisions"}],"wp:featuredmedia":[{"embeddable":true,"href":"https:\/\/aconteceunovale.com.br\/portal\/index.php?rest_route=\/wp\/v2\/media\/71442"}],"wp:attachment":[{"href":"https:\/\/aconteceunovale.com.br\/portal\/index.php?rest_route=%2Fwp%2Fv2%2Fmedia&parent=148163"}],"wp:term":[{"taxonomy":"category","embeddable":true,"href":"https:\/\/aconteceunovale.com.br\/portal\/index.php?rest_route=%2Fwp%2Fv2%2Fcategories&post=148163"},{"taxonomy":"post_tag","embeddable":true,"href":"https:\/\/aconteceunovale.com.br\/portal\/index.php?rest_route=%2Fwp%2Fv2%2Ftags&post=148163"}],"curies":[{"name":"wp","href":"https:\/\/api.w.org\/{rel}","templated":true}]}}