{"id":148157,"date":"2019-04-30T21:32:46","date_gmt":"2019-04-30T23:32:46","guid":{"rendered":"http:\/\/aconteceunovale.com.br\/portal\/?p=148157"},"modified":"2019-04-30T21:32:46","modified_gmt":"2019-04-30T23:32:46","slug":"brasil-e-o-sexto-pais-mais-perigoso-do-mundo-para-jornalistas-diz-unesco","status":"publish","type":"post","link":"https:\/\/aconteceunovale.com.br\/portal\/?p=148157","title":{"rendered":"Brasil \u00e9 o sexto pa\u00eds mais perigoso do mundo para jornalistas, diz Unesco"},"content":{"rendered":"<p>Relat\u00f3rio divulgado nesta ter\u00e7a-feira (30) pelo Conselho Nacional do Minist\u00e9rio P\u00fablico (CNMP) informa que 64 jornalistas, profissionais de imprensa e comunicadores foram mortos no exerc\u00edcio da profiss\u00e3o no Brasil entre 1995 e 2018. O documento<em>\u00a0Viol\u00eancia Contra Comunicadores no Brasil: um Retrato da Apura\u00e7\u00e3o nos \u00daltimos 20 Anos<\/em>\u00a0foi elaborado pelo Conselho Nacional do Minist\u00e9rio P\u00fablico e pela Estrat\u00e9gia Nacional de Justi\u00e7a e Seguran\u00e7a P\u00fablica (Enasp).<br \/>\n<center><br \/>\n<!-- Erro, o An\u00fancio n\u00e3o est\u00e1 dispon\u00edvel neste momento devido \u00e0s restri\u00e7\u00f5es de agendamento\/geolocaliza\u00e7\u00e3o! --><br \/>\n<\/br><br \/>\n<\/center><br \/>\n\u201cHoje o Brasil \u00e9 um dos pa\u00edses mais violentos no que diz respeito ao ambiente de atua\u00e7\u00e3o dos comunicadores \u2013 nos posicionamos em sexto lugar no r<em>anking\u00a0<\/em>de na\u00e7\u00f5es mais perigosas para jornalistas, segundo a [Organiza\u00e7\u00e3o das Na\u00e7\u00f5es Unidas para a Educa\u00e7\u00e3o, a Ci\u00eancia e a Cultura] Unesco. Estamos atr\u00e1s apenas de pa\u00edses em manifesta crise institucional, pol\u00edtica e at\u00e9 humanit\u00e1ria, como S\u00edria, Iraque, Paquist\u00e3o, M\u00e9xico e Som\u00e1lia\u201d, diz o relat\u00f3rio.<\/p>\n<p>De acordo com a Unesco, o Brasil \u00e9 o sexto pa\u00eds mais perigoso do mundo para os profissionais da comunica\u00e7\u00e3o. O relat\u00f3rio ressalta que a situa\u00e7\u00e3o configura &#8220;verdadeira viola\u00e7\u00e3o \u00e0 liberdade de express\u00e3o&#8221;. O material tamb\u00e9m aponta \u201cdificuldades estruturais not\u00f3rias das Pol\u00edcias Judici\u00e1rias&#8221; e diz que &#8220;muitos dos autores intelectuais desses crimes n\u00e3o chegam a ser responsabilizados. A autoria por vezes sequer \u00e9 identificada.\u201d<\/p>\n<p>\u201cEssa situa\u00e7\u00e3o de ina\u00e7\u00e3o pode gerar a responsabiliza\u00e7\u00e3o internacional do Estado brasileiro, pela viola\u00e7\u00e3o de compromissos internacionais voltados a prote\u00e7\u00e3o dos Direitos\u201d, indica o relat\u00f3rio.<\/p>\n<p><img decoding=\"async\" src=\"http:\/\/aconteceunovale.com.br\/portal\/wp-content\/uploads\/2019\/04\/manifesto_jornalistas.jpg\" alt=\"\" \/><em>Foto: Fernando Frazao\/Ag\u00eancia Brasil<\/em><br \/>\n<\/br><\/p>\n<h2>Mortes<\/h2>\n<p>O levantamento mostra que a maior parte das mortes ocorreu em pequenas cidades e envolve jornalistas e comunicadores de pequenos grupos, entre eles blogueiros e radialistas. O documento detalha as mortes e o andamento dos casos em todos os estados \u2013 o Rio de Janeiro, com 13 assassinatos; a Bahia, com sete; e o Maranh\u00e3o, com seis, foram os tr\u00eas estados que mais registraram casos desde 1995. Do total de casos registrados, sete n\u00e3o tiveram solu\u00e7\u00e3o e outros sete est\u00e3o sem informa\u00e7\u00f5es.<\/p>\n<p>\u201cChama aten\u00e7\u00e3o a quantidade de fatos ocorridos no estado do Rio de Janeiro, que lidera como a unidade da federa\u00e7\u00e3o mais violenta para o trabalho de comunicadores. Al\u00e9m de estar \u00e0 frente em n\u00famero absoluto de atos de viol\u00eancia extremada, o estado fluminense foi palco de dois casos simb\u00f3licos \u2013 os assassinatos de Aristeu Guida e Reinaldo Coutinho\u201d, destaca o documento.<\/p>\n<p>De acordo com o documento, o ano de 2015 representou o \u00e1pice da viol\u00eancia contra profissionais de imprensa. \u201cApesar de os anos seguintes indicarem uma tend\u00eancia de diminui\u00e7\u00e3o da taxa de homic\u00eddios contra esses profissionais, o ano de 2018 voltou a apresentar taxas mais altas, quando foram mortos quatro comunicadores no exerc\u00edcio de suas fun\u00e7\u00f5es\u201d, indica o relat\u00f3rio.<\/p>\n<p>Segundo o estudo, a principal dificuldade para apurar esse tipo de crime \u00e9 a verifica\u00e7\u00e3o sobre mandantes e executores. As informa\u00e7\u00f5es foram levantadas a partir de informa\u00e7\u00f5es do Minist\u00e9rio das Rela\u00e7\u00f5es Exteriores, que envia dados sobre o tema \u00e0 Unesco.<\/p>\n<p><strong>VER PRIMEIRO<\/strong><\/p>\n<p>Receba as not\u00edcias do Aconteceu no Vale em primeira m\u00e3o. Clique em curtir no endere\u00e7o <a href=\"https:\/\/www.facebook.com\/aconteceunovale\" target=\"_blank\"><font color=\"red\">www.facebook.com\/aconteceunovale<\/font><\/a> ou no box abaixo:<\/p>\n<div class=\"fb-like\" data-href=\"https:\/\/www.facebook.com\/aconteceunovale\" data-width=\"120\" data-layout=\"standard\" data-action=\"like\" data-size=\"small\" data-show-faces=\"true\" data-share=\"true\"><\/div>\n<p><!-- Erro, o An\u00fancio n\u00e3o est\u00e1 dispon\u00edvel neste momento devido \u00e0s restri\u00e7\u00f5es de agendamento\/geolocaliza\u00e7\u00e3o! --><br \/>\n<\/br><\/p>\n<p><em>(Fonte: Ag\u00eancia Brasil)<\/em><\/p>\n","protected":false},"excerpt":{"rendered":"<p>Relat\u00f3rio divulgado nesta ter\u00e7a-feira (30) pelo Conselho Nacional do Minist\u00e9rio P\u00fablico (CNMP) informa que 64 jornalistas, profissionais de imprensa e comunicadores foram mortos no exerc\u00edcio da profiss\u00e3o no Brasil entre 1995 e 2018. O documento\u00a0Viol\u00eancia Contra Comunicadores no Brasil: um Retrato da Apura\u00e7\u00e3o nos \u00daltimos 20 Anos\u00a0foi elaborado pelo Conselho Nacional do Minist\u00e9rio P\u00fablico e [&hellip;]<\/p>\n","protected":false},"author":1,"featured_media":148158,"comment_status":"open","ping_status":"closed","sticky":false,"template":"","format":"standard","meta":{"amp_status":"","footnotes":""},"categories":[6,28848],"tags":[201335,201337,201332,160005,201336,201330,201331,24456,201333,201334,120415],"class_list":["post-148157","post","type-post","status-publish","format-standard","has-post-thumbnail","hentry","category-br","category-mundo","tag-brasil-e-o-sexto-pais-mais-perigoso-do-mundo-para-jornalistas","tag-brasil-e-o-sexto-pais-mais-perigoso-do-mundo-para-jornalistas-diz-unesco","tag-cnmp","tag-conselho-nacional-do-ministerio-publico","tag-diz-unesco","tag-pais-mais-perigoso-do-mundo-para-jornalistas","tag-paises-mais-perigosos-do-mundo-para-jornalistas","tag-unesco","tag-violencia-contra-comunicadores-no-brasil","tag-violencia-contra-comunicadores-no-brasil-um-retrato-da-apuracao-nos-ultimos-20-anos","tag-violencia-contra-jornalistas-no-brasil"],"_links":{"self":[{"href":"https:\/\/aconteceunovale.com.br\/portal\/index.php?rest_route=\/wp\/v2\/posts\/148157","targetHints":{"allow":["GET"]}}],"collection":[{"href":"https:\/\/aconteceunovale.com.br\/portal\/index.php?rest_route=\/wp\/v2\/posts"}],"about":[{"href":"https:\/\/aconteceunovale.com.br\/portal\/index.php?rest_route=\/wp\/v2\/types\/post"}],"author":[{"embeddable":true,"href":"https:\/\/aconteceunovale.com.br\/portal\/index.php?rest_route=\/wp\/v2\/users\/1"}],"replies":[{"embeddable":true,"href":"https:\/\/aconteceunovale.com.br\/portal\/index.php?rest_route=%2Fwp%2Fv2%2Fcomments&post=148157"}],"version-history":[{"count":0,"href":"https:\/\/aconteceunovale.com.br\/portal\/index.php?rest_route=\/wp\/v2\/posts\/148157\/revisions"}],"wp:featuredmedia":[{"embeddable":true,"href":"https:\/\/aconteceunovale.com.br\/portal\/index.php?rest_route=\/wp\/v2\/media\/148158"}],"wp:attachment":[{"href":"https:\/\/aconteceunovale.com.br\/portal\/index.php?rest_route=%2Fwp%2Fv2%2Fmedia&parent=148157"}],"wp:term":[{"taxonomy":"category","embeddable":true,"href":"https:\/\/aconteceunovale.com.br\/portal\/index.php?rest_route=%2Fwp%2Fv2%2Fcategories&post=148157"},{"taxonomy":"post_tag","embeddable":true,"href":"https:\/\/aconteceunovale.com.br\/portal\/index.php?rest_route=%2Fwp%2Fv2%2Ftags&post=148157"}],"curies":[{"name":"wp","href":"https:\/\/api.w.org\/{rel}","templated":true}]}}