{"id":148151,"date":"2019-04-30T21:23:18","date_gmt":"2019-04-30T23:23:18","guid":{"rendered":"http:\/\/aconteceunovale.com.br\/portal\/?p=148151"},"modified":"2019-04-30T21:23:18","modified_gmt":"2019-04-30T23:23:18","slug":"morre-a-sambista-beth-carvalho","status":"publish","type":"post","link":"https:\/\/aconteceunovale.com.br\/portal\/?p=148151","title":{"rendered":"Morre a sambista Beth Carvalho"},"content":{"rendered":"<p>A cantora e compositora Beth Carvalho morreu, aos 72 anos, no final da tarde de hoje (30), no Hospital Pr\u00f3-Card\u00edaco, em Botafogo, zona sul do Rio, onde estava internada desde janeiro deste ano. O hospital informou que n\u00e3o vai divulgar a causa da morte da artista. Mais informa\u00e7\u00f5es sobre a morte da sambista v\u00e3o ser divulgados pela assessoria da cantora.<br \/>\n<center><br \/>\n<!-- Erro, o An\u00fancio n\u00e3o est\u00e1 dispon\u00edvel neste momento devido \u00e0s restri\u00e7\u00f5es de agendamento\/geolocaliza\u00e7\u00e3o! --><br \/>\n<\/br><br \/>\n<\/center><br \/>\nCom mais de 50 anos de carreira e com dezenas de discos lan\u00e7ados, Beth Carvalho lan\u00e7ou nomes como o cantor Zeca Pagodinho, que s\u00f3 se referia a Beth como madrinha, al\u00e9m de Arlindo Cruz e Almir Guineto e o pr\u00f3prio grupo Fundo de Quintal, que ficou famoso por meio da cantora. Zeca Pagodinho ficou muito abalado com a not\u00edcia e, por interm\u00e9dio de sua assessoria, disse que &#8220;n\u00e3o tinha condi\u00e7\u00f5es de falar hoje&#8221;.<\/p>\n<p>Na tradicional roda de samba do Cacique de Ramos, Beth Carvalho lan\u00e7ou diversos compositores que se destacaram nas rodas de samba, que era realizada todas as quartas-feiras, embaixo do p\u00e9 de uma tamarineira. Mangueirense de cora\u00e7\u00e3o e torcedora do Botafogo, suas duas grandes paix\u00f5es, Beth tamb\u00e9m lan\u00e7ou o cantor e compositor Jorge Arag\u00e3o, entre outros.<\/p>\n<p>Beth Carvalho sofria de um problema de coluna h\u00e1 v\u00e1rios anos e recentemente fez alguns shows deitada em uma cama, sem conseguir sentar por causa das fortes dores.<\/p>\n<p>Na p\u00e1gina oficial da artista nas redes sociais foi divulgado o seguinte texto:<\/p>\n<p>&#8220;Queridos amigos e f\u00e3s, nossa querida Beth Carvalho partiu hoje as 17h33, cercada do amor de seus familiares e amigos. Agradecemos todas as manifesta\u00e7\u00f5es de carinho e solidariedade nesse momento. Beth deixa um legado inestim\u00e1vel para a m\u00fasica popular brasileira e sempre ser\u00e1 lembrada por sua luta pela cultura e pelo povo brasileiro. Seu talento nos presenteou com a revela\u00e7\u00e3o de in\u00fameros compositores e artistas que est\u00e3o a\u00ed na estrada do sucesso. Come\u00e7ando com o sucesso arrebatador de \u2018Andan\u00e7a\u2019, at\u00e9 chegar a Marte com \u2018Coisinha do Pai\u2019, Beth tra\u00e7ou uma trajet\u00f3ria vitoriosa laureada por v\u00e1rios pr\u00eamios, inclusive um Grammy pelo conjunto da obra. Assim que poss\u00edvel, informaremos sobre o sepultamento&#8221;.<\/p>\n<p><img decoding=\"async\" src=\"http:\/\/aconteceunovale.com.br\/portal\/wp-content\/uploads\/2019\/04\/beth_carvalho.jpg\" alt=\"\" \/><em>Beth Carvalho tinha 72 anos &#8211; Foto: Fernando Fraz\u00e3o\/Ag\u00eancia Brasil<\/em><br \/>\n<\/br><\/p>\n<p><strong>Repercuss\u00e3o<\/strong><\/p>\n<p>O governador do Rio de Janeiro, Wilson Witzel, soltou uma nota lamentando a morte de Beth Carvalho. Ele disse que a m\u00fasica da cantora \u00e9 trilha sonora de sua vida. &#8220;Seus sambas embalaram da minha inf\u00e2ncia at\u00e9 os dias de hoje&#8221;. Ele se solidarizou com os familiares e amigos da sambista. &#8220;Essa grande int\u00e9rprete do samba carioca reuniu, ao longo de cinco d\u00e9cadas, f\u00e3s de todas as idades, unindo o pa\u00eds em torno da beleza da sua voz e das suas can\u00e7\u00f5es&#8221;.<\/p>\n<p>O prefeito do Rio, Marcelo Crivella se manifestou, em nota oficial, sobre a morte da Madrinha do Samba. \u201cBeth Carvalho eternizou alguns dos momentos mais belos da m\u00fasica brasileira. Sua voz suave, em mais de 50 anos de carreira, nos deixou interpreta\u00e7\u00f5es inesquec\u00edveis de Cartola, Nelson Cavaquinho e outros tantos mestres. Generosa, era chamada de Madrinha do Samba por incentivar jovens talentos que vieram a se consagrar. Hoje, o Rio entardeceu triste, mas, como Beth ensinou, iremos achar o tom. Neste momento de tristeza, saudade e dor, pe\u00e7o a Deus que conforte sua fam\u00edlia e legi\u00e3o de amigos e f\u00e3s.\u201d<\/p>\n<p>A Escola de Samba Esta\u00e7\u00e3o Primeira de Mangueira divulgou, em sua p\u00e1gina em uma rede social, nota de pesar pela morte de Beth Carvalho. &#8220;Com muita tristeza no cora\u00e7\u00e3o informamos a toda na\u00e7\u00e3o verde e rosa que nossa madrinha, Beth Carvalho, nos deixou essa tarde e foi para o andar de cima levar sua alegria junto aos mangueirenses Cartola, Nelson Cavaquinho, Carlos Cacha\u00e7a, Jamel\u00e3o entre outros bambas do samba.Um dos mais importantes nomes do samba e voz que cantava com alma as cores de nosso pavilh\u00e3o, Beth nos deixou esse belo registro, no anivers\u00e1rio de 90 anos da sua amada Esta\u00e7\u00e3o Primeira de Mangueira, no Pal\u00e1cio do Samba. Obrigado Madrinha!!&#8221;<\/p>\n<p>O carnavalesco da Mangueira, Leandro Vieira, disse que o sentimento de tristeza pela perda de uma das maiores cantoras do Brasil tomou conta de grande parte dos representantes do samba brasileiro. &#8220;Mais do que a cantora, n\u00f3s perdemos o discurso importante do Brasil. Um pa\u00eds que perde a Beth Carvalho, perde muito. O pa\u00eds que perde o discurso, a voz, o canto da Beth \u00e9 um pa\u00eds que perde muito&#8221;, disse.<\/p>\n<p>Vieira disse que a obra de Beth Carvalho \u00e9 t\u00e3o grande que morre o corpo mas fica uma obra imortal. &#8220;O canto da Beth est\u00e1 vivo. O que a Beth canta \u00e9 o Brasil de verdade, o Brasil que n\u00e3o faz distin\u00e7\u00e3o entre o morro e o asfalto. \u00c9 o canto dos grandes compositores negros, das vidas negras que s\u00e3o fundamentais para a arte do Brasil&#8221;. Para o carnavalesco, Beth expressava o canto das comunidades, do morro da Mangueira. &#8220;\u00c9 o canto dos times cariocas, da cidade do Rio de Janeiro&#8221;. Leandro Vieira disse que \u00e9 muito dif\u00edcil algu\u00e9m falar de Beth Carvalho porque \u00e9 uma artista que vai fazer muita falta. &#8220;Que bom que fica a obra, que fica o disco, que fica a mem\u00f3ria&#8221;, disse.<\/p>\n<p>Amigo de Beth Carvalho desde 1984, quando tocou viol\u00e3o acompanhando a cantora no Circo Voador, em show pela campanha das Diretas J\u00e1, o sambista Moacyr Luz estava bastante emocionado ao falar sobre a morte de Beth. &#8220;Amanh\u00e3 (1\u00ba), vou fazer um show do Dia do Trabalhador e vou ficar muito emocionado&#8221;, disse o compositor . Beth Carvalho virou uma amiga de Luz de conviv\u00eancia di\u00e1ria. &#8220;Era Beth Carvalho Futebol Clube. Onde ela ia, eu ia atr\u00e1s&#8221;. Com Beth, Moacyr conheceu a escola de samba da Mangueira e o bloco de embalo Cacique de Ramos.<\/p>\n<p>Beth cantou muitas m\u00fasicas de Luz, entre as quais &#8220;Feito o Mar&#8221;, e participou tamb\u00e9m de discos do amigo. &#8220;Fizemos o primeiro disco da s\u00e9rie Esquina Carioca, no Tom Brasil, em S\u00e3o Paulo, ela encabe\u00e7ando a mesa&#8221;. No disco mais recente, Beth Carvalho gravou Estranhar o Qu\u00ea.<\/p>\n<p>&#8220;Ela foi muito presente na minha vida. Foi fundamental para o samba, tinha um timbre maravilhoso&#8221;. Moacyr Luz relembrou um fato pitoresco envolvendo Beth Carvalho. &#8220;Todo mundo pensava que ela bebia. Ela tinha prazer de ficar na noite at\u00e9 de manh\u00e3. Encontrar Beth Carvalho significava voc\u00ea varar a noite, e ela s\u00f3 na Coca-cola&#8221;. Eles n\u00e3o conversavam s\u00f3 sobre m\u00fasica, mas tamb\u00e9m de amenidades, &#8220;de tolices do cotidiano&#8221;.<\/p>\n<p><strong>VER PRIMEIRO<\/strong><\/p>\n<p>Receba as not\u00edcias do Aconteceu no Vale em primeira m\u00e3o. Clique em curtir no endere\u00e7o <a href=\"https:\/\/www.facebook.com\/aconteceunovale\" target=\"_blank\"><font color=\"red\">www.facebook.com\/aconteceunovale<\/font><\/a> ou no box abaixo:<\/p>\n<div class=\"fb-like\" data-href=\"https:\/\/www.facebook.com\/aconteceunovale\" data-width=\"120\" data-layout=\"standard\" data-action=\"like\" data-size=\"small\" data-show-faces=\"true\" data-share=\"true\"><\/div>\n<p><!-- Erro, o An\u00fancio n\u00e3o est\u00e1 dispon\u00edvel neste momento devido \u00e0s restri\u00e7\u00f5es de agendamento\/geolocaliza\u00e7\u00e3o! --><br \/>\n<\/br><\/p>\n<p><em>(Fonte: Ag\u00eancia Brasil)<\/em><\/p>\n","protected":false},"excerpt":{"rendered":"<p>A cantora e compositora Beth Carvalho morreu, aos 72 anos, no final da tarde de hoje (30), no Hospital Pr\u00f3-Card\u00edaco, em Botafogo, zona sul do Rio, onde estava internada desde janeiro deste ano. O hospital informou que n\u00e3o vai divulgar a causa da morte da artista. Mais informa\u00e7\u00f5es sobre a morte da sambista v\u00e3o ser [&hellip;]<\/p>\n","protected":false},"author":1,"featured_media":148152,"comment_status":"open","ping_status":"closed","sticky":false,"template":"","format":"standard","meta":{"amp_status":"","footnotes":""},"categories":[6],"tags":[201310,13022,201319,201313,201315,201320,1018,201309,201311,201317,201318,201312,201314,58317,1104,201316,201321,201322],"class_list":["post-148151","post","type-post","status-publish","format-standard","has-post-thumbnail","hentry","category-br","tag-beth-carvalho","tag-botafogo","tag-causa-da-morte-da-sambista-beth-carvalho","tag-causa-da-morte-de-beth-carvalho","tag-de-que-morreu-beth-carvalho","tag-de-que-morreu-sambista-beth-carvalho","tag-destaque","tag-morre-a-sambista-beth-carvalho","tag-morre-beth-carvalho","tag-morre-sambista-beth-carvalho","tag-morte-da-sambista-beth-carvalho","tag-morte-de-beth-carvalho","tag-obito-de-beth-carvalho","tag-rio","tag-rio-de-janeiro","tag-sambista-beth-carvalho","tag-velorio-da-sambista-beth-carvalho","tag-velorio-de-beth-carvalho"],"_links":{"self":[{"href":"https:\/\/aconteceunovale.com.br\/portal\/index.php?rest_route=\/wp\/v2\/posts\/148151","targetHints":{"allow":["GET"]}}],"collection":[{"href":"https:\/\/aconteceunovale.com.br\/portal\/index.php?rest_route=\/wp\/v2\/posts"}],"about":[{"href":"https:\/\/aconteceunovale.com.br\/portal\/index.php?rest_route=\/wp\/v2\/types\/post"}],"author":[{"embeddable":true,"href":"https:\/\/aconteceunovale.com.br\/portal\/index.php?rest_route=\/wp\/v2\/users\/1"}],"replies":[{"embeddable":true,"href":"https:\/\/aconteceunovale.com.br\/portal\/index.php?rest_route=%2Fwp%2Fv2%2Fcomments&post=148151"}],"version-history":[{"count":0,"href":"https:\/\/aconteceunovale.com.br\/portal\/index.php?rest_route=\/wp\/v2\/posts\/148151\/revisions"}],"wp:featuredmedia":[{"embeddable":true,"href":"https:\/\/aconteceunovale.com.br\/portal\/index.php?rest_route=\/wp\/v2\/media\/148152"}],"wp:attachment":[{"href":"https:\/\/aconteceunovale.com.br\/portal\/index.php?rest_route=%2Fwp%2Fv2%2Fmedia&parent=148151"}],"wp:term":[{"taxonomy":"category","embeddable":true,"href":"https:\/\/aconteceunovale.com.br\/portal\/index.php?rest_route=%2Fwp%2Fv2%2Fcategories&post=148151"},{"taxonomy":"post_tag","embeddable":true,"href":"https:\/\/aconteceunovale.com.br\/portal\/index.php?rest_route=%2Fwp%2Fv2%2Ftags&post=148151"}],"curies":[{"name":"wp","href":"https:\/\/api.w.org\/{rel}","templated":true}]}}