{"id":148149,"date":"2019-04-30T21:13:43","date_gmt":"2019-04-30T23:13:43","guid":{"rendered":"http:\/\/aconteceunovale.com.br\/portal\/?p=148149"},"modified":"2019-04-30T21:13:43","modified_gmt":"2019-04-30T23:13:43","slug":"homem-morre-em-incendio-em-montes-claros","status":"publish","type":"post","link":"https:\/\/aconteceunovale.com.br\/portal\/?p=148149","title":{"rendered":"Homem morre em inc\u00eandio em Montes Claros"},"content":{"rendered":"<p>Um homem de 42 anos morreu carbonizado em um inc\u00eandio dentro de uma resid\u00eancia no Bairro Cidade Industrial, em Montes Claros (MG), na noite dessa segunda-feira (29\/04\/2019). Segundo informa\u00e7\u00f5es do Corpo de Bombeiros, as chamas iniciaram no quarto da v\u00edtima Mois\u00e9s Fernandes da Silva e se alastraram para a sala.<br \/>\n<center><br \/>\n<!-- Erro, o An\u00fancio n\u00e3o est\u00e1 dispon\u00edvel neste momento devido \u00e0s restri\u00e7\u00f5es de agendamento\/geolocaliza\u00e7\u00e3o! --><br \/>\n<\/br><br \/>\n<\/center><br \/>\nCom o inc\u00eandio, o telhado da casa desabou. Os bombeiros gastaram cerca de 600 litros de \u00e1gua para combater as chamas e fizeram o trabalho de rescaldo. <\/p>\n<p>A esposa da v\u00edtima conseguiu sair da resid\u00eancia, mas foi levada para um hospital da cidade em estado de choque.<\/p>\n<p>A Per\u00edcia T\u00e9cnica da Pol\u00edcia Civil esteve no local e, ap\u00f3s os trabalhos de praxe, o corpo de Mois\u00e9s Fernandes foi encaminhado ao Instituto M\u00e9dico Legal (IML). As causas do inc\u00eandio ser\u00e3o investigadas.<\/p>\n<p><em>Leandro Silva | Aconteceu no Vale<br \/>\nPublicado em: 30\/04\/2019, \u00e0s 20h12<\/em><\/p>\n<p><strong>VER PRIMEIRO<\/strong><\/p>\n<p>Receba as not\u00edcias do Aconteceu no Vale em primeira m\u00e3o. Clique em curtir no endere\u00e7o <a href=\"https:\/\/www.facebook.com\/aconteceunovale\" target=\"_blank\"><font color=\"red\">www.facebook.com\/aconteceunovale<\/font><\/a> ou no box abaixo:<\/p>\n<div class=\"fb-like\" data-href=\"https:\/\/www.facebook.com\/aconteceunovale\" data-width=\"120\" data-layout=\"standard\" data-action=\"like\" data-size=\"small\" data-show-faces=\"true\" data-share=\"true\"><\/div>\n<p><!-- Erro, o An\u00fancio n\u00e3o est\u00e1 dispon\u00edvel neste momento devido \u00e0s restri\u00e7\u00f5es de agendamento\/geolocaliza\u00e7\u00e3o! --><br \/>\n<\/br><\/p>\n","protected":false},"excerpt":{"rendered":"<p>Um homem de 42 anos morreu carbonizado em um inc\u00eandio dentro de uma resid\u00eancia no Bairro Cidade Industrial, em Montes Claros (MG), na noite dessa segunda-feira (29\/04\/2019). Segundo informa\u00e7\u00f5es do Corpo de Bombeiros, as chamas iniciaram no quarto da v\u00edtima Mois\u00e9s Fernandes da Silva e se alastraram para a sala. Com o inc\u00eandio, o telhado [&hellip;]<\/p>\n","protected":false},"author":1,"featured_media":71442,"comment_status":"open","ping_status":"closed","sticky":false,"template":"","format":"standard","meta":{"amp_status":"","footnotes":""},"categories":[1236],"tags":[201307,143567,60747,201308,210],"class_list":["post-148149","post","type-post","status-publish","format-standard","has-post-thumbnail","hentry","category-norte_de_minas","tag-homem-morre-em-incendio-em-montes-claros","tag-incendio-em-casa-em-montes-claros","tag-incendio-em-montes-claros","tag-moises-fernandes-da-silva","tag-montes-claros"],"_links":{"self":[{"href":"https:\/\/aconteceunovale.com.br\/portal\/index.php?rest_route=\/wp\/v2\/posts\/148149","targetHints":{"allow":["GET"]}}],"collection":[{"href":"https:\/\/aconteceunovale.com.br\/portal\/index.php?rest_route=\/wp\/v2\/posts"}],"about":[{"href":"https:\/\/aconteceunovale.com.br\/portal\/index.php?rest_route=\/wp\/v2\/types\/post"}],"author":[{"embeddable":true,"href":"https:\/\/aconteceunovale.com.br\/portal\/index.php?rest_route=\/wp\/v2\/users\/1"}],"replies":[{"embeddable":true,"href":"https:\/\/aconteceunovale.com.br\/portal\/index.php?rest_route=%2Fwp%2Fv2%2Fcomments&post=148149"}],"version-history":[{"count":0,"href":"https:\/\/aconteceunovale.com.br\/portal\/index.php?rest_route=\/wp\/v2\/posts\/148149\/revisions"}],"wp:featuredmedia":[{"embeddable":true,"href":"https:\/\/aconteceunovale.com.br\/portal\/index.php?rest_route=\/wp\/v2\/media\/71442"}],"wp:attachment":[{"href":"https:\/\/aconteceunovale.com.br\/portal\/index.php?rest_route=%2Fwp%2Fv2%2Fmedia&parent=148149"}],"wp:term":[{"taxonomy":"category","embeddable":true,"href":"https:\/\/aconteceunovale.com.br\/portal\/index.php?rest_route=%2Fwp%2Fv2%2Fcategories&post=148149"},{"taxonomy":"post_tag","embeddable":true,"href":"https:\/\/aconteceunovale.com.br\/portal\/index.php?rest_route=%2Fwp%2Fv2%2Ftags&post=148149"}],"curies":[{"name":"wp","href":"https:\/\/api.w.org\/{rel}","templated":true}]}}