{"id":148146,"date":"2019-04-30T20:51:06","date_gmt":"2019-04-30T22:51:06","guid":{"rendered":"http:\/\/aconteceunovale.com.br\/portal\/?p=148146"},"modified":"2019-04-30T20:51:06","modified_gmt":"2019-04-30T22:51:06","slug":"dupla-e-detida-por-assalto-aos-correios-em-francisco-sa-no-norte-de-minas","status":"publish","type":"post","link":"https:\/\/aconteceunovale.com.br\/portal\/?p=148146","title":{"rendered":"Dupla \u00e9 detida por assalto aos Correios em Francisco S\u00e1, no Norte de Minas"},"content":{"rendered":"<p>Um adolescente de 15 anos foi detido suspeito de assaltar uma ag\u00eancia dos Correios em Francisco S\u00e1, no Norte de Minas, nessa segunda-feira (29\/04\/2019). O outro criminoso, de 21 anos, j\u00e1 tinha sido preso logo ap\u00f3s o crime durante um cerco bloqueio na BR-251. A pol\u00edcia recuperou cerca de R$ 6 mil.<br \/>\n<center><br \/>\n<!-- Erro, o An\u00fancio n\u00e3o est\u00e1 dispon\u00edvel neste momento devido \u00e0s restri\u00e7\u00f5es de agendamento\/geolocaliza\u00e7\u00e3o! --><br \/>\n<\/br><br \/>\n<\/center><br \/>\nSegundo a Pol\u00edcia Militar, eles invadiram a ag\u00eancia por volta de 8h, renderam os funcion\u00e1rios e fugiram levando dinheiro. Um dos infratores estava armado.<\/p>\n<p>O adolescente conseguiu fugir por um matagal durante o cerco bloqueio na rodovia e foi localizado nas proximidades da casa dele, no Bairro Vila Tiradentes, em Montes Claros, na noite dessa segunda-feira. A pol\u00edcia apreendeu a arma usada no assalto e a motocicleta, que era furtada.<\/p>\n<p>Segundo a PM, os dois j\u00e1 tem v\u00e1rias passagens pela pol\u00edcia e o adolescente j\u00e1 tinha sido detido h\u00e1 duas semanas por assalto \u00e0 m\u00e3o armada. Eles foram encaminhados \u00e0 Delegacia e o menor ser\u00e1 apresentado no Minist\u00e9rio P\u00fablico.<\/p>\n<p><img decoding=\"async\" src=\"http:\/\/aconteceunovale.com.br\/portal\/wp-content\/uploads\/2019\/04\/assalto_fs.jpg\" alt=\"\" \/><em>Foto: Pol\u00edcia Militar\/Divulga\u00e7\u00e3o<\/em><br \/>\n<\/br><\/p>\n<p><strong>VER PRIMEIRO<\/strong><\/p>\n<p>Receba as not\u00edcias do Aconteceu no Vale em primeira m\u00e3o. Clique em curtir no endere\u00e7o <a href=\"https:\/\/www.facebook.com\/aconteceunovale\" target=\"_blank\"><font color=\"red\">www.facebook.com\/aconteceunovale<\/font><\/a> ou no box abaixo:<\/p>\n<div class=\"fb-like\" data-href=\"https:\/\/www.facebook.com\/aconteceunovale\" data-width=\"120\" data-layout=\"standard\" data-action=\"like\" data-size=\"small\" data-show-faces=\"true\" data-share=\"true\"><\/div>\n<p><!-- Erro, o An\u00fancio n\u00e3o est\u00e1 dispon\u00edvel neste momento devido \u00e0s restri\u00e7\u00f5es de agendamento\/geolocaliza\u00e7\u00e3o! --><br \/>\n<\/br><\/p>\n<p><em>(Fonte: G1 Grande Minas)<\/em><\/p>\n","protected":false},"excerpt":{"rendered":"<p>Um adolescente de 15 anos foi detido suspeito de assaltar uma ag\u00eancia dos Correios em Francisco S\u00e1, no Norte de Minas, nessa segunda-feira (29\/04\/2019). O outro criminoso, de 21 anos, j\u00e1 tinha sido preso logo ap\u00f3s o crime durante um cerco bloqueio na BR-251. A pol\u00edcia recuperou cerca de R$ 6 mil. Segundo a Pol\u00edcia [&hellip;]<\/p>\n","protected":false},"author":1,"featured_media":148147,"comment_status":"open","ping_status":"closed","sticky":false,"template":"","format":"standard","meta":{"amp_status":"","footnotes":""},"categories":[1236],"tags":[201306,141518,201304,201302,201303,1395,210,33228,201305,141519],"class_list":["post-148146","post","type-post","status-publish","format-standard","has-post-thumbnail","hentry","category-norte_de_minas","tag-assalto-correios-de-francisco-sa","tag-assalto-em-francisco-sa","tag-correios-de-francisco-sa","tag-dupla-e-detida-por-assalto-aos-correios-em-francisco-sa","tag-dupla-e-detida-por-assalto-aos-correios-em-francisco-sa-no-norte-de-minas","tag-francisco-sa","tag-montes-claros","tag-no-norte-de-minas","tag-roubo-correios-de-francisco-sa","tag-roubo-em-francisco-sa"],"_links":{"self":[{"href":"https:\/\/aconteceunovale.com.br\/portal\/index.php?rest_route=\/wp\/v2\/posts\/148146","targetHints":{"allow":["GET"]}}],"collection":[{"href":"https:\/\/aconteceunovale.com.br\/portal\/index.php?rest_route=\/wp\/v2\/posts"}],"about":[{"href":"https:\/\/aconteceunovale.com.br\/portal\/index.php?rest_route=\/wp\/v2\/types\/post"}],"author":[{"embeddable":true,"href":"https:\/\/aconteceunovale.com.br\/portal\/index.php?rest_route=\/wp\/v2\/users\/1"}],"replies":[{"embeddable":true,"href":"https:\/\/aconteceunovale.com.br\/portal\/index.php?rest_route=%2Fwp%2Fv2%2Fcomments&post=148146"}],"version-history":[{"count":0,"href":"https:\/\/aconteceunovale.com.br\/portal\/index.php?rest_route=\/wp\/v2\/posts\/148146\/revisions"}],"wp:featuredmedia":[{"embeddable":true,"href":"https:\/\/aconteceunovale.com.br\/portal\/index.php?rest_route=\/wp\/v2\/media\/148147"}],"wp:attachment":[{"href":"https:\/\/aconteceunovale.com.br\/portal\/index.php?rest_route=%2Fwp%2Fv2%2Fmedia&parent=148146"}],"wp:term":[{"taxonomy":"category","embeddable":true,"href":"https:\/\/aconteceunovale.com.br\/portal\/index.php?rest_route=%2Fwp%2Fv2%2Fcategories&post=148146"},{"taxonomy":"post_tag","embeddable":true,"href":"https:\/\/aconteceunovale.com.br\/portal\/index.php?rest_route=%2Fwp%2Fv2%2Ftags&post=148146"}],"curies":[{"name":"wp","href":"https:\/\/api.w.org\/{rel}","templated":true}]}}