{"id":148141,"date":"2019-04-30T20:36:35","date_gmt":"2019-04-30T22:36:35","guid":{"rendered":"http:\/\/aconteceunovale.com.br\/portal\/?p=148141"},"modified":"2019-04-30T20:36:35","modified_gmt":"2019-04-30T22:36:35","slug":"acidentes-deixam-duas-pessoas-mortas-em-buritizeiro-e-pirapora-no-norte-de-minas","status":"publish","type":"post","link":"https:\/\/aconteceunovale.com.br\/portal\/?p=148141","title":{"rendered":"Acidentes deixam duas pessoas mortas em Buritizeiro e Pirapora, no Norte de Minas"},"content":{"rendered":"<p>Um caminhoneiro de 33 anos morreu carbonizado e duas pessoas ficaram feridas em um engavetamento envolvendo quatro caminh\u00f5es na BR-365, em Buritizeiro, no Norte de Minas, na noite dessa segunda-feira (29\/04\/2019). Segundo informa\u00e7\u00f5es do Corpo de Bombeiros, antes do engavetamento um caminh\u00e3o carregado de sacolas pl\u00e1sticas pegou fogo e interditou a rodovia nos dois sentidos. O motorista desse ve\u00edculo n\u00e3o se feriu.<br \/>\n<center><br \/>\n<!-- Erro, o An\u00fancio n\u00e3o est\u00e1 dispon\u00edvel neste momento devido \u00e0s restri\u00e7\u00f5es de agendamento\/geolocaliza\u00e7\u00e3o! --><br \/>\n<\/br><br \/>\n<\/center><br \/>\n\u201cO tr\u00e2nsito parou porque as chamas tomaram conta da pista. Antes da extin\u00e7\u00e3o do fogo desse ve\u00edculo, um outro caminh\u00e3o carregado de gr\u00e3os de milho bateu na traseira de um caminh\u00e3o que transportava ma\u00e7\u00e3s\u201d, explicou o tenente Carlito Pereira filho. Em seguida, outros dois caminh\u00f5es foram atingidos na traseira.<\/p>\n<p>Segundo os bombeiros, os dois primeiros ve\u00edculos pegaram fogo e o motorista do caminh\u00e3o de gr\u00e3os, de 33 anos, morreu carbonizado. Duas pessoas que estavam no outro caminh\u00e3o ficaram feridas e foram retiradas pelos militares com o ve\u00edculo ainda em chamas. Os tr\u00eas caminh\u00f5es que pegaram fogo ficaram completamente destru\u00eddos.<\/p>\n<p>A rodovia foi interditada nos dois sentidos para remo\u00e7\u00e3o dos ve\u00edculos e limpeza da pista de rolamento. Autoridades locais v\u00e3o investigar as ocorr\u00eancias.<\/p>\n<p><img decoding=\"async\" src=\"http:\/\/aconteceunovale.com.br\/portal\/wp-content\/uploads\/2019\/04\/acidente_buritizeiro_3.jpg\" alt=\"\" \/><em>Foto: Corpo de Bombeiros\/Divulga\u00e7\u00e3o<\/em><br \/>\n<\/br><\/p>\n<p><img decoding=\"async\" src=\"http:\/\/aconteceunovale.com.br\/portal\/wp-content\/uploads\/2019\/04\/acidente_buritizeiro_1.jpg\" alt=\"\" \/><em>Foto: Corpo de Bombeiros\/Divulga\u00e7\u00e3o<\/em><br \/>\n<\/br><\/p>\n<p><img decoding=\"async\" src=\"http:\/\/aconteceunovale.com.br\/portal\/wp-content\/uploads\/2019\/04\/acidente_buritizeiro_2.jpg\" alt=\"\" \/><em>Foto: Corpo de Bombeiros\/Divulga\u00e7\u00e3o<\/em><br \/>\n<\/br><\/p>\n<p><strong><\/p>\n<h4>Colis\u00e3o contra \u00e1rvore em Pirapora<\/h4>\n<p><\/strong><\/p>\n<p>Um jovem de 19 anos morreu e um homem, de 33, ficou ferido em um acidente na BR-365, em Pirapora, na noite dessa segunda-feira (29). De acordo com o Corpo de Bombeiros, as v\u00edtimas estavam em um carro que bateu em uma \u00e1rvore depois que o motorista, de 33, perdeu o controle da dire\u00e7\u00e3o e saiu da pista.<\/p>\n<p>O rapaz de 19 anos ficou preso \u00e0s ferragens e foi retirado pelos bombeiros. Matheus Araujo Mota n\u00e3o resistiu aos graves ferimentos e morreu no local do acidente. O motorista sofreu ferimentos graves e foi encaminhado \u00e0 funda\u00e7\u00e3o Hospitalar Doutor Moises Magalh\u00e3es Freire, em Pirapora.<\/p>\n<p>Segundo os bombeiros, eles seguiam sentido Montes Claros para Pirapora quando ocorreu o acidente. O motorista n\u00e3o soube explicar como perdeu o controle da dire\u00e7\u00e3o.<\/p>\n<p>O corpo de Matheus foi encaminhado ao Instituto M\u00e9dico Legal (IML). As causas do acidente ser\u00e3o apuradas pela Pol\u00edcia.<\/p>\n<p><strong>VER PRIMEIRO<\/strong><\/p>\n<p>Receba as not\u00edcias do Aconteceu no Vale em primeira m\u00e3o. Clique em curtir no endere\u00e7o <a href=\"https:\/\/www.facebook.com\/aconteceunovale\" target=\"_blank\"><font color=\"red\">www.facebook.com\/aconteceunovale<\/font><\/a> ou no box abaixo:<\/p>\n<div class=\"fb-like\" data-href=\"https:\/\/www.facebook.com\/aconteceunovale\" data-width=\"120\" data-layout=\"standard\" data-action=\"like\" data-size=\"small\" data-show-faces=\"true\" data-share=\"true\"><\/div>\n<p><!-- Erro, o An\u00fancio n\u00e3o est\u00e1 dispon\u00edvel neste momento devido \u00e0s restri\u00e7\u00f5es de agendamento\/geolocaliza\u00e7\u00e3o! --><br \/>\n<\/br><\/p>\n<p><em>(Fonte: G1 Grande Minas)<\/em><\/p>\n","protected":false},"excerpt":{"rendered":"<p>Um caminhoneiro de 33 anos morreu carbonizado e duas pessoas ficaram feridas em um engavetamento envolvendo quatro caminh\u00f5es na BR-365, em Buritizeiro, no Norte de Minas, na noite dessa segunda-feira (29\/04\/2019). Segundo informa\u00e7\u00f5es do Corpo de Bombeiros, antes do engavetamento um caminh\u00e3o carregado de sacolas pl\u00e1sticas pegou fogo e interditou a rodovia nos dois sentidos. [&hellip;]<\/p>\n","protected":false},"author":1,"featured_media":148142,"comment_status":"open","ping_status":"closed","sticky":false,"template":"","format":"standard","meta":{"amp_status":"","footnotes":""},"categories":[1236],"tags":[201291,201289,48127,71009,201290,31601,85889,73467,201297,201298,201300,201299,201301,2981,146762,1535,201295,201294,1018,168917,201293,201296,210,33228,254,101415,201292],"class_list":["post-148141","post","type-post","status-publish","format-standard","has-post-thumbnail","hentry","category-norte_de_minas","tag-acidente-com-caminhao-em-pirapora","tag-acidente-com-caminhoes-em-buritizeiro","tag-acidente-em-buritizeiro","tag-acidente-em-pirapora","tag-acidente-entre-caminhoes-em-buritizeiro","tag-acidente-na-br-365","tag-acidente-na-br-365-em-pirapora","tag-acidente-na-br-365-em-buritizeiro","tag-acidentes-deixam-duas-pessoas-mortas-em-buritizeiro-e-pirapora","tag-acidentes-deixam-duas-pessoas-mortas-em-buritizeiro-e-pirapora-no-norte-de-minas","tag-acidentes-deixam-duas-pessoas-mortas-na-br-365","tag-acidentes-deixam-duas-pessoas-mortas-na-br-365-no-norte-de-minas","tag-acidentes-deixam-duas-pessoas-mortas-no-norte-de-minas","tag-br-365","tag-br-365-em-pirapora","tag-buritizeiro","tag-colisao-contra-arvore-em-pirapora","tag-colisao-contra-arvore-na-br-365-em-pirapora","tag-destaque","tag-incendio-br-365","tag-incendio-br-365-em-buritizeiro","tag-matheus-araujo-mota","tag-montes-claros","tag-no-norte-de-minas","tag-pirapora","tag-tragedia-em-buritizeiro","tag-tragedia-em-pirapora"],"_links":{"self":[{"href":"https:\/\/aconteceunovale.com.br\/portal\/index.php?rest_route=\/wp\/v2\/posts\/148141","targetHints":{"allow":["GET"]}}],"collection":[{"href":"https:\/\/aconteceunovale.com.br\/portal\/index.php?rest_route=\/wp\/v2\/posts"}],"about":[{"href":"https:\/\/aconteceunovale.com.br\/portal\/index.php?rest_route=\/wp\/v2\/types\/post"}],"author":[{"embeddable":true,"href":"https:\/\/aconteceunovale.com.br\/portal\/index.php?rest_route=\/wp\/v2\/users\/1"}],"replies":[{"embeddable":true,"href":"https:\/\/aconteceunovale.com.br\/portal\/index.php?rest_route=%2Fwp%2Fv2%2Fcomments&post=148141"}],"version-history":[{"count":0,"href":"https:\/\/aconteceunovale.com.br\/portal\/index.php?rest_route=\/wp\/v2\/posts\/148141\/revisions"}],"wp:featuredmedia":[{"embeddable":true,"href":"https:\/\/aconteceunovale.com.br\/portal\/index.php?rest_route=\/wp\/v2\/media\/148142"}],"wp:attachment":[{"href":"https:\/\/aconteceunovale.com.br\/portal\/index.php?rest_route=%2Fwp%2Fv2%2Fmedia&parent=148141"}],"wp:term":[{"taxonomy":"category","embeddable":true,"href":"https:\/\/aconteceunovale.com.br\/portal\/index.php?rest_route=%2Fwp%2Fv2%2Fcategories&post=148141"},{"taxonomy":"post_tag","embeddable":true,"href":"https:\/\/aconteceunovale.com.br\/portal\/index.php?rest_route=%2Fwp%2Fv2%2Ftags&post=148141"}],"curies":[{"name":"wp","href":"https:\/\/api.w.org\/{rel}","templated":true}]}}