{"id":148138,"date":"2019-04-30T19:58:49","date_gmt":"2019-04-30T21:58:49","guid":{"rendered":"http:\/\/aconteceunovale.com.br\/portal\/?p=148138"},"modified":"2019-04-30T19:58:49","modified_gmt":"2019-04-30T21:58:49","slug":"mineiro-condenado-por-estupro-e-foragido-da-justica-e-preso-apos-viver-11-anos-nos-estados-unidos","status":"publish","type":"post","link":"https:\/\/aconteceunovale.com.br\/portal\/?p=148138","title":{"rendered":"Mineiro condenado por estupro e foragido da Justi\u00e7a \u00e9 preso ap\u00f3s viver 11 anos nos Estados Unidos"},"content":{"rendered":"<p>Um mineiro condenado por estupro e foragido da Justi\u00e7a brasileira h\u00e1 11 anos foi localizado na \u00faltima quinta-feira (25) nos Estados Unidos, onde levava uma vida de empres\u00e1rio ao lado da mulher e de dois filhos norte-americanos. Paulo Andrade do Prado J\u00fanior, 40, vivia clandestinamente no pa\u00eds, onde entrou em 2008 depois de escapar de uma condena\u00e7\u00e3o de 7 anos e seis meses de pris\u00e3o por abusar sexualmente de uma jovem de 21 anos em Po\u00e7o Fundo, no Sul de Minas.<br \/>\n<center><br \/>\n<!-- Erro, o An\u00fancio n\u00e3o est\u00e1 dispon\u00edvel neste momento devido \u00e0s restri\u00e7\u00f5es de agendamento\/geolocaliza\u00e7\u00e3o! --><br \/>\n<\/br><br \/>\n<\/center><br \/>\nEle chegou a cumprir parte da pena, mas escapou depois de ser beneficiado pelo regime semiaberto em 2008. Prado J\u00fanior figurava na lista de procurados da Organiza\u00e7\u00e3o Internacional de Pol\u00edcia Criminal (Interpol) e foi preso depois de uma investiga\u00e7\u00e3o conjunta entre autoridades brasileiras e norte-americanas.<\/p>\n<p><strong>O crime<\/strong><\/p>\n<p>Prado J\u00fanior foi condenado e preso em 2006, dois anos depois de cometer o crime. Segundo Fl\u00e1vio Destro, delegado da Pol\u00edcia Civil que comandou as investiga\u00e7\u00f5es, na noite de 18 de dezembro de 2004, o mineiro deu carona para duas mo\u00e7as em seu carro. Depois de deixar uma delas em casa, ele dirigiu com a outra jovem at\u00e9 uma estrada de terra em local isolado no munic\u00edpio de Po\u00e7o Fundo, onde parou o ve\u00edculo e a obrigou a fazer sexo com ele.<\/p>\n<p>O delegado afirma que, ap\u00f3s exames, \u201cfoi poss\u00edvel constatar les\u00f5es que eram indicativas da pr\u00e1tica de crime sexual\u201d. Durante as investiga\u00e7\u00f5es, o acusado chegou a fugir para S\u00e3o Paulo, mas foi localizado e preso.<\/p>\n<p><img decoding=\"async\" src=\"http:\/\/aconteceunovale.com.br\/portal\/wp-content\/uploads\/2019\/04\/preso_eua.jpeg\" alt=\"\" \/><em>Foto: Reprodu\u00e7\u00e3o\/Facebook<\/em><br \/>\n<\/br><\/p>\n<p><strong>Fuga<\/strong><\/p>\n<p>Pouco antes de completar dois anos de pris\u00e3o, Prado J\u00fanior foi beneficiado com a progress\u00e3o do regime, que foi alterado para semiaberto. Foi durante uma sa\u00edda tempor\u00e1ria que o detento escapou e n\u00e3o foi mais localizado pela Justi\u00e7a brasileira. A principal suspeita \u00e9 de que ele tenha cruzado a fronteira com o M\u00e9xico para entrar ilegalmente nos Estados Unidos.<\/p>\n<p>Reportagem do Fant\u00e1stico que foi ao ar nesse domingo (28) revelou que o mineiro morava em uma casa confort\u00e1vel em Massachussets, era empres\u00e1rio do ramo de reformas de im\u00f3veis. Ele tamb\u00e9m n\u00e3o estaria preocupado em se esconder, j\u00e1 que n\u00e3o mudou de nome e fazia postagens com fotos nas redes sociais, o que acabou colaborando com as investiga\u00e7\u00f5es.<\/p>\n<p><strong>Defesa<\/strong><\/p>\n<p>Recapturado depois de 11 anos, Prado Junior est\u00e1 em uma pris\u00e3o no estado de Massachussets, onde aguarda audi\u00eancia com a Justi\u00e7a Federal dos Estados Unidos. A defesa do mineiro sustenta que ele \u00e9 inocente. \u201cEle nega o fato, apesar da condena\u00e7\u00e3o. Naquele per\u00edodo de pris\u00e3o, ele se recuperou, \u00e9 um novo homem, bom esposo e pai de fam\u00edlia\u201d, afirma o advogado Zanone Manoel de Oliveira J\u00fanior. Ele disse que vai tentar conseguir cidadania norte-americana para o cliente para que ele n\u00e3o seja deportado.<\/p>\n<p>O promotor de Justi\u00e7a Paulo Barbosa, que participou das investiga\u00e7\u00f5es que culminaram na pris\u00e3o do mineiro em solo estrangeiro, diz que o pr\u00f3ximo passo depois de trazer o estuprador de volta ao Brasil \u00e9 conseguir a regress\u00e3o da pena. \u201cA grande batalha era localiz\u00e1-lo e prend\u00ea-lo. Obviamente, n\u00f3s vamos pedir a regress\u00e3o de regime, porque \u00e9 previsto na nossa lei de execu\u00e7\u00e3o penal que a fuga \u00e9 falta grave\u201d, explica o representante do Minist\u00e9rio P\u00fablico de Minas Gerais.<\/p>\n<p><strong>VER PRIMEIRO<\/strong><\/p>\n<p>Receba as not\u00edcias do Aconteceu no Vale em primeira m\u00e3o. Clique em curtir no endere\u00e7o <a href=\"https:\/\/www.facebook.com\/aconteceunovale\" target=\"_blank\"><font color=\"red\">www.facebook.com\/aconteceunovale<\/font><\/a> ou no box abaixo:<\/p>\n<div class=\"fb-like\" data-href=\"https:\/\/www.facebook.com\/aconteceunovale\" data-width=\"120\" data-layout=\"standard\" data-action=\"like\" data-size=\"small\" data-show-faces=\"true\" data-share=\"true\"><\/div>\n<p><!-- Erro, o An\u00fancio n\u00e3o est\u00e1 dispon\u00edvel neste momento devido \u00e0s restri\u00e7\u00f5es de agendamento\/geolocaliza\u00e7\u00e3o! --><br \/>\n<\/br><\/p>\n<p><em>(Fonte: O Tempo)<\/em><\/p>\n","protected":false},"excerpt":{"rendered":"<p>Um mineiro condenado por estupro e foragido da Justi\u00e7a brasileira h\u00e1 11 anos foi localizado na \u00faltima quinta-feira (25) nos Estados Unidos, onde levava uma vida de empres\u00e1rio ao lado da mulher e de dois filhos norte-americanos. Paulo Andrade do Prado J\u00fanior, 40, vivia clandestinamente no pa\u00eds, onde entrou em 2008 depois de escapar de [&hellip;]<\/p>\n","protected":false},"author":1,"featured_media":148139,"comment_status":"open","ping_status":"closed","sticky":false,"template":"","format":"standard","meta":{"amp_status":"","footnotes":""},"categories":[6,123,28848],"tags":[15469,50315,201284,201285,201287,201288,24494,74287,201286],"class_list":["post-148138","post","type-post","status-publish","format-standard","has-post-thumbnail","hentry","category-br","category-gerais","category-mundo","tag-estados-unidos","tag-eua","tag-mineiro-condenado-por-estupro-e-foragido-da-justica-e-preso-apos-viver-11-anos-nos-estados-unidos","tag-mineiro-preso-nos-estados-unidos","tag-mineiro-preso-nos-eua","tag-paulo-andrade-do-prado-junior","tag-poco-fundo","tag-preso-nos-estados-unidos","tag-preso-nos-eua"],"_links":{"self":[{"href":"https:\/\/aconteceunovale.com.br\/portal\/index.php?rest_route=\/wp\/v2\/posts\/148138","targetHints":{"allow":["GET"]}}],"collection":[{"href":"https:\/\/aconteceunovale.com.br\/portal\/index.php?rest_route=\/wp\/v2\/posts"}],"about":[{"href":"https:\/\/aconteceunovale.com.br\/portal\/index.php?rest_route=\/wp\/v2\/types\/post"}],"author":[{"embeddable":true,"href":"https:\/\/aconteceunovale.com.br\/portal\/index.php?rest_route=\/wp\/v2\/users\/1"}],"replies":[{"embeddable":true,"href":"https:\/\/aconteceunovale.com.br\/portal\/index.php?rest_route=%2Fwp%2Fv2%2Fcomments&post=148138"}],"version-history":[{"count":0,"href":"https:\/\/aconteceunovale.com.br\/portal\/index.php?rest_route=\/wp\/v2\/posts\/148138\/revisions"}],"wp:featuredmedia":[{"embeddable":true,"href":"https:\/\/aconteceunovale.com.br\/portal\/index.php?rest_route=\/wp\/v2\/media\/148139"}],"wp:attachment":[{"href":"https:\/\/aconteceunovale.com.br\/portal\/index.php?rest_route=%2Fwp%2Fv2%2Fmedia&parent=148138"}],"wp:term":[{"taxonomy":"category","embeddable":true,"href":"https:\/\/aconteceunovale.com.br\/portal\/index.php?rest_route=%2Fwp%2Fv2%2Fcategories&post=148138"},{"taxonomy":"post_tag","embeddable":true,"href":"https:\/\/aconteceunovale.com.br\/portal\/index.php?rest_route=%2Fwp%2Fv2%2Ftags&post=148138"}],"curies":[{"name":"wp","href":"https:\/\/api.w.org\/{rel}","templated":true}]}}