{"id":148134,"date":"2019-04-30T19:18:30","date_gmt":"2019-04-30T21:18:30","guid":{"rendered":"http:\/\/aconteceunovale.com.br\/portal\/?p=148134"},"modified":"2019-04-30T19:18:30","modified_gmt":"2019-04-30T21:18:30","slug":"lider-da-oposicao-venezuelana-esta-na-embaixada-do-chile","status":"publish","type":"post","link":"https:\/\/aconteceunovale.com.br\/portal\/?p=148134","title":{"rendered":"L\u00edder da oposi\u00e7\u00e3o venezuelana est\u00e1 na embaixada do Chile"},"content":{"rendered":"<p>Poucas horas ap\u00f3s deixar sua casa, onde cumpria pris\u00e3o domiciliar desde fevereiro de 2014, para se juntar \u00e0s manifesta\u00e7\u00f5es contra o governo do presidente venezuelano Nicol\u00e1s Maduro, o l\u00edder oposicionista venezuelano Leopoldo L\u00f3pez se abrigou na embaixada do Chile, em Caracas.<br \/>\n<center><br \/>\n<!-- Erro, o An\u00fancio n\u00e3o est\u00e1 dispon\u00edvel neste momento devido \u00e0s restri\u00e7\u00f5es de agendamento\/geolocaliza\u00e7\u00e3o! --><br \/>\n<\/br><br \/>\n<\/center><br \/>\nSegundo o ministro das Rela\u00e7\u00f5es Exteriores do Chile, Roberto Ampuero, L\u00f3pez, sua esposa, Lilian Tintori, e a filha do casal est\u00e3o na embaixada chilena na condi\u00e7\u00e3o de \u201ch\u00f3spedes\u201d. Em mensagem postada no Twitter, Ampuero n\u00e3o diz se L\u00f3pez pediu asilo ou ref\u00fagio, mas reafirma o que classifica como o compromisso do Chile com \u201cos democratas venezuelanos\u201d.<\/p>\n<p>A informa\u00e7\u00e3o de que L\u00f3pez buscou abrigo na embaixada tinha sido divulgada poucos instantes antes, pelo embaixador da Venezuela na ONU, Samuel Moncada. Em pronunciamento a jornalistas, Moncada revelou que o l\u00edder oposicionista venezuelano se encontrava na embaixada chilena, o que, segundo ele, \u00e9 um ind\u00edcio do fracasso da tentativa da oposi\u00e7\u00e3o de tomar o poder do presidente Nicol\u00e1s Maduro. A embaixada fica a menos de dez quil\u00f4metros de dist\u00e2ncia do Pal\u00e1cio de Miraflores, sede do governo venezuelano.<\/p>\n<p>Mais cedo, milhares de venezuelanos contr\u00e1rios e favor\u00e1veis a Maduro tomaram as ruas da capital, Caracas, e de outras cidades venezuelanas, desde a manh\u00e3 de hoje (30). De um lado, eles responderam \u00e0s convoca\u00e7\u00f5es do presidente eleito Nicol\u00e1s Maduro. De outro, o chamado do presidente da Assembleia Nacional, o deputado venezuelano e autodeclarado presidente interino Juan Guaid\u00f3, que travam, nas redes sociais, uma disputa de narrativas.<\/p>\n<p>Enquanto Guaid\u00f3 afirmou ter obtido o apoio de oficiais das For\u00e7as Armadas para tirar Maduro do poder e conclamou a popula\u00e7\u00e3o a sair \u00e0s ruas para se manifestar contra o governo e livrar o pa\u00eds do que classifica como \u201ca usurpa\u00e7\u00e3o\u201d do poder pelo grupo do l\u00edder chavista, Maduro e seus principais ministros garantem que a maioria dos oficiais das For\u00e7as Armadas continuam fi\u00e9is ao governo, \u201cprotegendo a Constitui\u00e7\u00e3o\u201d do que classificam como uma tentativa de golpe de Estado.<\/p>\n<p>Em seu pronunciamento, Guaid\u00f3 estava ao lado de Leopoldo L\u00f3pez, a quem o autodeclarado presidente concedeu \u201cindulto presidencial\u201d. Acusado pelas autoridades venezuelanas de &#8220;incitamento \u00e0 desordem p\u00fablica, associa\u00e7\u00e3o criminosa, atentados \u00e0 propriedade e inc\u00eandio&#8221;, na sequ\u00eancia das manifesta\u00e7\u00f5es contr\u00e1rias \u00e0 pol\u00edtica do presidente Nicol\u00e1s Maduro, em 2014, L\u00f3pez foi condenado a 13 anos e nove meses de pris\u00e3o domiciliar em setembro de 2015.<\/p>\n<p>Ainda durante seu pronunciamento aos jornalistas, o embaixador venezuelano na ONU, Samuel Moncada, garantiu que a a\u00e7\u00e3o deflagrada por Guaid\u00f3 por volta das 6h de hoje est\u00e1 sendo debelada. Para Moncada, apesar do potencial conflitivo da situa\u00e7\u00e3o, os protestos n\u00e3o alcan\u00e7aram outro efeito al\u00e9m de deixar pessoas feridas. O embaixador disse que n\u00e3o h\u00e1, at\u00e9 o momento, registro de mortes.<\/p>\n<p>\u201cTivemos sorte de [a situa\u00e7\u00e3o] ter terminado com o m\u00ednimo de danos. Tenho orgulho desta situa\u00e7\u00e3o ter terminado sem a perda de nenhuma vida\u201d, declarou Moncada, garantindo que, em Caracas, a situa\u00e7\u00e3o j\u00e1 estaria voltando a normalidade \u2013 enquanto imagens divulgadas pelas redes sociais e por emissoras de TV seguem mostrando a popula\u00e7\u00e3o nas ruas da capital.<\/p>\n<p><img decoding=\"async\" src=\"http:\/\/aconteceunovale.com.br\/portal\/wp-content\/uploads\/2019\/04\/opositor_maduro.jpg\" alt=\"\" \/><em>Foto: Reuters\/Carlos Garcia Rawlins\/Reprodu\u00e7\u00e3o Ag\u00eancia Brasil<\/em><br \/>\n<\/br><\/p>\n<p><strong>VER PRIMEIRO<\/strong><\/p>\n<p>Receba as not\u00edcias do Aconteceu no Vale em primeira m\u00e3o. Clique em curtir no endere\u00e7o <a href=\"https:\/\/www.facebook.com\/aconteceunovale\" target=\"_blank\"><font color=\"red\">www.facebook.com\/aconteceunovale<\/font><\/a> ou no box abaixo:<\/p>\n<div class=\"fb-like\" data-href=\"https:\/\/www.facebook.com\/aconteceunovale\" data-width=\"120\" data-layout=\"standard\" data-action=\"like\" data-size=\"small\" data-show-faces=\"true\" data-share=\"true\"><\/div>\n<p><!-- Erro, o An\u00fancio n\u00e3o est\u00e1 dispon\u00edvel neste momento devido \u00e0s restri\u00e7\u00f5es de agendamento\/geolocaliza\u00e7\u00e3o! --><br \/>\n<\/br><\/p>\n<p><em>(Fonte: Ag\u00eancia Brasil)<\/em><\/p>\n","protected":false},"excerpt":{"rendered":"<p>Poucas horas ap\u00f3s deixar sua casa, onde cumpria pris\u00e3o domiciliar desde fevereiro de 2014, para se juntar \u00e0s manifesta\u00e7\u00f5es contra o governo do presidente venezuelano Nicol\u00e1s Maduro, o l\u00edder oposicionista venezuelano Leopoldo L\u00f3pez se abrigou na embaixada do Chile, em Caracas. Segundo o ministro das Rela\u00e7\u00f5es Exteriores do Chile, Roberto Ampuero, L\u00f3pez, sua esposa, Lilian [&hellip;]<\/p>\n","protected":false},"author":1,"featured_media":148135,"comment_status":"open","ping_status":"closed","sticky":false,"template":"","format":"standard","meta":{"amp_status":"","footnotes":""},"categories":[28848],"tags":[201202,201235,201220,201198,186185,80312,201216,87009,201201,201200,201214,201199,201233,201213,193237,201197,201218,201281,201282,201215,28596,109693,201219,201217,193239,201266,201212,18922],"class_list":["post-148134","post","type-post","status-publish","format-standard","has-post-thumbnail","hentry","category-mundo","tag-apoio-militares","tag-brasil-incentiva-paises-a-apoiarem-juan-guaido","tag-chanceler-brasileiro-espera-evolucao-democratica-na-venezuela","tag-clima-na-venezuela","tag-ernesto-araujo","tag-forcas-armadas","tag-forcas-armadas-da-venezuela","tag-golpe-de-estado","tag-golpe-de-estado-na-venezuela","tag-golpe-na-venezuela","tag-governo-de-nicolas-maduro-busca-desarticular-tentativa-de-golpe-de-estado","tag-guerra-na-venezuela","tag-jair-bolsonaro-se-solidariza-com-povo-venezuelano","tag-jorge-jesus-rodriguez","tag-juan-guaido","tag-juan-guaido-afirma-ter-apoio-de-militares-para-derrubar-nicolas-maduro","tag-juan-guaido-concede-indulto-a-lider-oposicionista-da-venezuela","tag-leopoldo-lopez","tag-lider-da-oposicao-venezuelana-esta-na-embaixada-do-chile","tag-luis-almagro","tag-nicolas-maduro","tag-oea","tag-relacoes-exteriores","tag-secretario-geral-da-oea-diz-que-apoia-adesao-de-militares-contra-nicolas-maduro","tag-tensao-na-venezuela","tag-trump-afirma-que-estados-unidos-estao-com-o-povo-da-venezuela-e-a-liberdade","tag-turismo-e-cultura-da-venezuela","tag-venezuela"],"_links":{"self":[{"href":"https:\/\/aconteceunovale.com.br\/portal\/index.php?rest_route=\/wp\/v2\/posts\/148134","targetHints":{"allow":["GET"]}}],"collection":[{"href":"https:\/\/aconteceunovale.com.br\/portal\/index.php?rest_route=\/wp\/v2\/posts"}],"about":[{"href":"https:\/\/aconteceunovale.com.br\/portal\/index.php?rest_route=\/wp\/v2\/types\/post"}],"author":[{"embeddable":true,"href":"https:\/\/aconteceunovale.com.br\/portal\/index.php?rest_route=\/wp\/v2\/users\/1"}],"replies":[{"embeddable":true,"href":"https:\/\/aconteceunovale.com.br\/portal\/index.php?rest_route=%2Fwp%2Fv2%2Fcomments&post=148134"}],"version-history":[{"count":0,"href":"https:\/\/aconteceunovale.com.br\/portal\/index.php?rest_route=\/wp\/v2\/posts\/148134\/revisions"}],"wp:featuredmedia":[{"embeddable":true,"href":"https:\/\/aconteceunovale.com.br\/portal\/index.php?rest_route=\/wp\/v2\/media\/148135"}],"wp:attachment":[{"href":"https:\/\/aconteceunovale.com.br\/portal\/index.php?rest_route=%2Fwp%2Fv2%2Fmedia&parent=148134"}],"wp:term":[{"taxonomy":"category","embeddable":true,"href":"https:\/\/aconteceunovale.com.br\/portal\/index.php?rest_route=%2Fwp%2Fv2%2Fcategories&post=148134"},{"taxonomy":"post_tag","embeddable":true,"href":"https:\/\/aconteceunovale.com.br\/portal\/index.php?rest_route=%2Fwp%2Fv2%2Ftags&post=148134"}],"curies":[{"name":"wp","href":"https:\/\/api.w.org\/{rel}","templated":true}]}}