{"id":148128,"date":"2019-04-30T19:10:35","date_gmt":"2019-04-30T21:10:35","guid":{"rendered":"http:\/\/aconteceunovale.com.br\/portal\/?p=148128"},"modified":"2019-04-30T19:35:31","modified_gmt":"2019-04-30T21:35:31","slug":"acidente-entre-carro-e-onibus-deixa-tres-pessoas-mortas-na-br-116","status":"publish","type":"post","link":"https:\/\/aconteceunovale.com.br\/portal\/?p=148128","title":{"rendered":"Acidente entre carro e \u00f4nibus deixa tr\u00eas pessoas mortas na BR-116"},"content":{"rendered":"<p>O acidente entre um carro e um \u00f4nibus matou tr\u00eas pessoas na manh\u00e3 de segunda-feira (29\/04\/2019) na BR-116, em Al\u00e9m Para\u00edba, na Regi\u00e3o da Zona da Mata. Os ve\u00edculos colidiram frontalmente pr\u00f3ximo ao km 795 da rodovia. As causas do acidente ainda est\u00e3o sendo investigadas pela Pol\u00edcia Rodovi\u00e1ria Federal (PRF).<br \/>\n<center><br \/>\n<!-- Erro, o An\u00fancio n\u00e3o est\u00e1 dispon\u00edvel neste momento devido \u00e0s restri\u00e7\u00f5es de agendamento\/geolocaliza\u00e7\u00e3o! --><br \/>\n<\/br><br \/>\n<\/center><br \/>\nDe acordo com o Corpo de Bombeiros, o acidente aconteceu por volta das 6h. Um carro, que seguia no sentido Belo Horizonte\/Rio de Janeiro, bateu de frente com um \u00f4nibus, que estava na dire\u00e7\u00e3o contr\u00e1ria. Com o impacto, tr\u00eas pessoas morreram na hora. Dois ocupantes do ve\u00edculo ficaram presos \u00e0s ferragens. No \u00f4nibus, morreu o motorista reserva, que acabou sendo arremessado para fora do coletivo. <\/p>\n<p>De acordo com a PRF, o condutor do carro, ao se aproximar de uma curva para a direita, invadiu a contram\u00e3o de dire\u00e7\u00e3o e atingiu de frente um \u00f4nibus. Morreram no acidente, Adelito Barbosa Santos, V\u00edtor Paulo Damascena Alves Santos, que estavam no carro. O condutor auxiliar do \u00f4nibus n\u00e3o teve o nome divulgado.  <\/p>\n<p>Equipes do Servi\u00e7o de Atendimento M\u00f3vel de Urg\u00eancia (Samu) socorreram um terceiro ocupante do carro e o encaminharam para um hospital de Al\u00e9m Para\u00edba. O estado de sa\u00fade da v\u00edtima n\u00e3o foi divulgado.<\/p>\n<p><img decoding=\"async\" src=\"http:\/\/aconteceunovale.com.br\/portal\/wp-content\/uploads\/2019\/04\/acidente_alem_paraiba_1.jpg\" alt=\"\" \/><em>Foto: Corpo de Bombeiros\/Divulga\u00e7\u00e3o<\/em><br \/>\n<\/br><\/p>\n<p><img decoding=\"async\" src=\"http:\/\/aconteceunovale.com.br\/portal\/wp-content\/uploads\/2019\/04\/acidente_alem_paraiba_2.jpg\" alt=\"\" \/><em>Foto: Corpo de Bombeiros\/Divulga\u00e7\u00e3o<\/em><br \/>\n<\/br><\/p>\n<p><strong><\/p>\n<h4>Colis\u00e3o entre carros na BR-267, em Argirita<\/h4>\n<p><\/strong><\/p>\n<p>Uma colis\u00e3o frontal entre dois carros resultou na morte de uma idosa, de 74 anos, na BR-267, em Argirita, na manh\u00e3 de segunda-feira (29). De acordo com a Pol\u00edcia Rodovi\u00e1ria Federal (PRF), a v\u00edtima Maria Helena Dutra Brand\u00e3o era passageira de um dos carros e morreu no local. <\/p>\n<p>O motorista do ve\u00edculo que ela estava, de 44 anos, teve les\u00f5es leves e foi socorrido pelo Servi\u00e7o de Atendimento M\u00f3vel de Urg\u00eancia (Samu). Ele foi encaminhado ao Hospital e Pronto-Socorro Casa de Caridade, em Leopoldina, onde passou por exames.<\/p>\n<p>O condutor do outro carro, um jovem, de 29 anos, teve fraturas e foi encaminhado por populares para o mesmo hospital. A Casa de Caridade informou que o rapaz passaria por cirurgia devido a fratura da clav\u00edcula.<\/p>\n<p>Segundo a PRF, o carro conduzido pelo jovem seguia de Juiz de Fora para Leopoldina e, ao passar em uma curva, derrapou na pista e colidiu com o outro ve\u00edculo, que estava no sentido contr\u00e1rio.<\/p>\n<p>Os policiais relataram que a pista estava molhada por causa da chuva.<\/p>\n<p><img decoding=\"async\" src=\"http:\/\/aconteceunovale.com.br\/portal\/wp-content\/uploads\/2019\/04\/acidente_argirita.jpeg\" alt=\"\" \/><em>Foto: Pol\u00edcia Rodovi\u00e1ria Federal\/Divulga\u00e7\u00e3o<\/em><br \/>\n<\/br><\/p>\n<p><strong>VER PRIMEIRO<\/strong><\/p>\n<p>Receba as not\u00edcias do Aconteceu no Vale em primeira m\u00e3o. Clique em curtir no endere\u00e7o <a href=\"https:\/\/www.facebook.com\/aconteceunovale\" target=\"_blank\"><font color=\"red\">www.facebook.com\/aconteceunovale<\/font><\/a> ou no box abaixo:<\/p>\n<div class=\"fb-like\" data-href=\"https:\/\/www.facebook.com\/aconteceunovale\" data-width=\"120\" data-layout=\"standard\" data-action=\"like\" data-size=\"small\" data-show-faces=\"true\" data-share=\"true\"><\/div>\n<p><!-- Erro, o An\u00fancio n\u00e3o est\u00e1 dispon\u00edvel neste momento devido \u00e0s restri\u00e7\u00f5es de agendamento\/geolocaliza\u00e7\u00e3o! --><br \/>\n<\/br><\/p>\n<p><em>(Fonte: Estado de Minas e G1 Zona da Mata)<\/em><\/p>\n","protected":false},"excerpt":{"rendered":"<p>O acidente entre um carro e um \u00f4nibus matou tr\u00eas pessoas na manh\u00e3 de segunda-feira (29\/04\/2019) na BR-116, em Al\u00e9m Para\u00edba, na Regi\u00e3o da Zona da Mata. Os ve\u00edculos colidiram frontalmente pr\u00f3ximo ao km 795 da rodovia. As causas do acidente ainda est\u00e3o sendo investigadas pela Pol\u00edcia Rodovi\u00e1ria Federal (PRF). De acordo com o Corpo [&hellip;]<\/p>\n","protected":false},"author":1,"featured_media":148130,"comment_status":"open","ping_status":"closed","sticky":false,"template":"","format":"standard","meta":{"amp_status":"","footnotes":""},"categories":[123],"tags":[201269,201280,201267,201268,201272,3945,152888,201278,201274,201270,3677,72243,182,126520,201279,201275,201277,201276,201283,201273,201271],"class_list":["post-148128","post","type-post","status-publish","format-standard","has-post-thumbnail","hentry","category-gerais","tag-acidente-em-alem-paraiba","tag-acidente-em-argirita","tag-acidente-entre-carro-e-onibus-deixa-tres-pessoas-mortas-na-br-116","tag-acidente-entre-carro-e-onibus-deixa-tres-pessoas-mortas-na-br-116-em-alem-paraiba","tag-acidente-mp-viagens","tag-acidente-na-br-116","tag-acidente-na-br-267","tag-acidente-na-br-267-em-argirita","tag-acidente-onibus-mp-viagens","tag-adelito-barbosa-santos","tag-alem-paraiba","tag-argirita","tag-br-116","tag-br-267","tag-br-267-em-argirita","tag-colisao-entre-carros-na-br-267","tag-colisao-entre-carros-na-br-267-em-argirita","tag-em-argirita","tag-maria-helena-dutra-brandao","tag-mp-viagens","tag-vitor-paulo-damascena-alves-santos"],"_links":{"self":[{"href":"https:\/\/aconteceunovale.com.br\/portal\/index.php?rest_route=\/wp\/v2\/posts\/148128","targetHints":{"allow":["GET"]}}],"collection":[{"href":"https:\/\/aconteceunovale.com.br\/portal\/index.php?rest_route=\/wp\/v2\/posts"}],"about":[{"href":"https:\/\/aconteceunovale.com.br\/portal\/index.php?rest_route=\/wp\/v2\/types\/post"}],"author":[{"embeddable":true,"href":"https:\/\/aconteceunovale.com.br\/portal\/index.php?rest_route=\/wp\/v2\/users\/1"}],"replies":[{"embeddable":true,"href":"https:\/\/aconteceunovale.com.br\/portal\/index.php?rest_route=%2Fwp%2Fv2%2Fcomments&post=148128"}],"version-history":[{"count":0,"href":"https:\/\/aconteceunovale.com.br\/portal\/index.php?rest_route=\/wp\/v2\/posts\/148128\/revisions"}],"wp:featuredmedia":[{"embeddable":true,"href":"https:\/\/aconteceunovale.com.br\/portal\/index.php?rest_route=\/wp\/v2\/media\/148130"}],"wp:attachment":[{"href":"https:\/\/aconteceunovale.com.br\/portal\/index.php?rest_route=%2Fwp%2Fv2%2Fmedia&parent=148128"}],"wp:term":[{"taxonomy":"category","embeddable":true,"href":"https:\/\/aconteceunovale.com.br\/portal\/index.php?rest_route=%2Fwp%2Fv2%2Fcategories&post=148128"},{"taxonomy":"post_tag","embeddable":true,"href":"https:\/\/aconteceunovale.com.br\/portal\/index.php?rest_route=%2Fwp%2Fv2%2Ftags&post=148128"}],"curies":[{"name":"wp","href":"https:\/\/api.w.org\/{rel}","templated":true}]}}