{"id":148126,"date":"2019-04-30T18:58:58","date_gmt":"2019-04-30T20:58:58","guid":{"rendered":"http:\/\/aconteceunovale.com.br\/portal\/?p=148126"},"modified":"2019-04-30T18:58:58","modified_gmt":"2019-04-30T20:58:58","slug":"dengue-ja-matou-21-pessoas-em-minas-gerais","status":"publish","type":"post","link":"https:\/\/aconteceunovale.com.br\/portal\/?p=148126","title":{"rendered":"Dengue j\u00e1 matou 21 pessoas em Minas Gerais"},"content":{"rendered":"<p>A dengue segue fazendo v\u00edtimas em Minas Gerais. O n\u00famero de mortes em decorr\u00eancia da doen\u00e7a j\u00e1 chegou a 21, sete a mais do que o \u00faltimo boletim epidemiol\u00f3gico divulgado pela Secretaria de Estado de Sa\u00fade (SES\/MG) em 22 deste m\u00eas. Vale ressaltar que n\u00e3o significa que os casos aconteceram neste intervalo de tempo. A situa\u00e7\u00e3o pode ser ainda pior. Ainda est\u00e3o sendo investigados outros 66 \u00f3bitos. O n\u00famero de casos prov\u00e1veis \u2013 que engloba os confirmados e os suspeitos \u2013 j\u00e1 ultrapassam 165,8 mil.<br \/>\n<center><br \/>\n<!-- Erro, o An\u00fancio n\u00e3o est\u00e1 dispon\u00edvel neste momento devido \u00e0s restri\u00e7\u00f5es de agendamento\/geolocaliza\u00e7\u00e3o! --><br \/>\n<\/br><br \/>\n<\/center><br \/>\nA epidemia de dengue vem se espalhando rapidamente pelo territ\u00f3rio mineiro. Do total das mortes, oito aconteceram em Uberl\u00e2ndia, na Regi\u00e3o do Tri\u00e2ngulo Mineiro. Betim, na Regi\u00e3o Metropolitana de Belo Horizonte, j\u00e1 registra 7 \u00f3bitos. Una\u00ed, no Noroeste de Minas, tem duas mortes. J\u00e1 Arcos, na Regi\u00e3o Centro-Oeste, Paracatu, Regi\u00e3o Noroeste, Frutal, no Tri\u00e2ngulo, e Ibirit\u00e9, na Grande BH, t\u00eam uma morte cada. <\/p>\n<p>Entre as cidades que vem sofrendo com a doen\u00e7a est\u00e1 Contagem, na Regi\u00e3o Metropolitana de Belo Horizonte. De acordo com a prefeitura, j\u00e1 foram confirmados 1.559 casos e outros 13.425 est\u00e3o sob investiga\u00e7\u00e3o. N\u00e3o h\u00e1 confirma\u00e7\u00e3o de morte no munic\u00edpio, mas tr\u00eas \u00f3bitos est\u00e3o sendo investigados. <\/p>\n<p>A doen\u00e7a vem aumentando a cada m\u00eas, segundo mostra o boletim epidemiol\u00f3gico divulgado pela SES, e j\u00e1 chega a 165.853 registros. Em janeiro, foram 17.368 casos prov\u00e1veis. Fevereiro, mais 34.397, mar\u00e7o, 69.395. J\u00e1 em abril, considerado a pior fase das enfermidades transmitidas pelo Aedes aegypti, j\u00e1 s\u00e3o 44.693. <\/p>\n<p>Nas \u00faltimas quatro semanas, 188 cidades apresentaram incid\u00eancia alta ou muito alta de casos prov\u00e1veis da dengue, o que \u00e9 considerado epidemia. Outros 109 munic\u00edpios est\u00e3o com incid\u00eancia m\u00e9dia no per\u00edodo, al\u00e9m de 280 com baixa incid\u00eancia. <\/p>\n<p><strong>Emerg\u00eancia<\/strong><\/p>\n<p>Na \u00faltima semana, o governador Romeu Zema decretou emerg\u00eancia na sa\u00fade p\u00fablica por causa da dengue. Dos 301 munic\u00edpios contemplados pelo decreto de emerg\u00eancia, 46,8% apresentam incid\u00eancia alta ou muito alta de casos prov\u00e1veis. O decreto \u00e9 justificado pelo aumento consider\u00e1vel de interna\u00e7\u00f5es para tratamento da doen\u00e7a em compara\u00e7\u00e3o com o ano passado, e tamb\u00e9m pela necessidade de preparar e instrumentalizar a rede de servi\u00e7os de sa\u00fade para aumentar a vigil\u00e2ncia e assist\u00eancia aos pacientes.<\/p>\n<p>Com o decreto, ser\u00e1 poss\u00edvel mobilizar recursos de forma mais \u00e1gil para enfrentamento do Aedes aegypti e estrutura\u00e7\u00e3o de servi\u00e7os de atendimento \u00e0s pessoas infectadas pelo v\u00edrus causador da doen\u00e7a. O texto do decreto pontua que a epidemia, no contexto de restri\u00e7\u00e3o financeira do estado, pode gerar um colapso na sa\u00fade p\u00fablica em raz\u00e3o do aumento da demanda sobre as unidades. De acordo com a publica\u00e7\u00e3o assinada pelo governador, a situa\u00e7\u00e3o de emerg\u00eancia vale por 120 dias e autoriza a ado\u00e7\u00e3o de medidas necess\u00e1rias \u00e0 conten\u00e7\u00e3o da epidemia, \u201cem especial a aquisi\u00e7\u00e3o p\u00fablica de insumos e materiais e a contrata\u00e7\u00e3o de servi\u00e7os estritamente necess\u00e1rios ao atendimento da situa\u00e7\u00e3o emergencial\u201d.<\/p>\n<p><strong>Dinheiro<\/strong><\/p>\n<p>O governo do estado anunciou que, por meio de resolu\u00e7\u00e3o, a Secretaria de Estado da Sa\u00fade destinou R$ 4,18 milh\u00f5es para as a\u00e7\u00f5es de combate \u00e0 dengue, contemplando, no primeiro momento, 93 prefeituras. Os recursos s\u00e3o aplicados em a\u00e7\u00f5es como refor\u00e7o de despesas com pessoal (entre elas contrata\u00e7\u00e3o de agentes de controle de endemias e capacita\u00e7\u00f5es para profissionais na assist\u00eancia hospitalar) e custeio e manuten\u00e7\u00e3o de atividades, como confec\u00e7\u00e3o e reprodu\u00e7\u00e3o de material gr\u00e1fico informativo, aquisi\u00e7\u00e3o de material de apoio para a\u00e7\u00f5es de mobiliza\u00e7\u00e3o e mutir\u00f5es de limpeza de \u00e1reas priorit\u00e1rias.<\/p>\n<p>Os munic\u00edpios recebem valores para enfrentar o avan\u00e7o da doen\u00e7a de acordo com a popula\u00e7\u00e3o. At\u00e9 25 mil habitantes, o repasse \u00e9 de R$ 20 mil; de 25.001 a 70 mil habitantes, R$ 40 mil; de 70.001 a 100 mil habitantes, R$ 70 mil; de 100.001 a 400 mil habitantes, R$ 200 mil; e acima de 400 mil habitantes, R$ 400 mil. <\/p>\n<p><strong>VER PRIMEIRO<\/strong><\/p>\n<p>Receba as not\u00edcias do Aconteceu no Vale em primeira m\u00e3o. Clique em curtir no endere\u00e7o <a href=\"https:\/\/www.facebook.com\/aconteceunovale\" target=\"_blank\"><font color=\"red\">www.facebook.com\/aconteceunovale<\/font><\/a> ou no box abaixo:<\/p>\n<div class=\"fb-like\" data-href=\"https:\/\/www.facebook.com\/aconteceunovale\" data-width=\"120\" data-layout=\"standard\" data-action=\"like\" data-size=\"small\" data-show-faces=\"true\" data-share=\"true\"><\/div>\n<p><!-- Erro, o An\u00fancio n\u00e3o est\u00e1 dispon\u00edvel neste momento devido \u00e0s restri\u00e7\u00f5es de agendamento\/geolocaliza\u00e7\u00e3o! --><br \/>\n<\/br><\/p>\n<p><em>(Fonte: Estado de Minas)<\/em><\/p>\n","protected":false},"excerpt":{"rendered":"<p>A dengue segue fazendo v\u00edtimas em Minas Gerais. O n\u00famero de mortes em decorr\u00eancia da doen\u00e7a j\u00e1 chegou a 21, sete a mais do que o \u00faltimo boletim epidemiol\u00f3gico divulgado pela Secretaria de Estado de Sa\u00fade (SES\/MG) em 22 deste m\u00eas. Vale ressaltar que n\u00e3o significa que os casos aconteceram neste intervalo de tempo. A [&hellip;]<\/p>\n","protected":false},"author":1,"featured_media":128426,"comment_status":"open","ping_status":"closed","sticky":false,"template":"","format":"standard","meta":{"amp_status":"","footnotes":""},"categories":[123],"tags":[1514,1495,956,1344,3672,200,1494,84320,212,221,222,76293],"class_list":["post-148126","post","type-post","status-publish","format-standard","has-post-thumbnail","hentry","category-gerais","tag-arcos","tag-betim","tag-contagem","tag-dengue","tag-dengue-em-minas-gerais","tag-frutal","tag-ibirite","tag-mortes-por-dengue-em-minas-gerais","tag-paracatu","tag-uberlandia","tag-unai","tag-vitimas-da-dengue-em-minas-gerais"],"_links":{"self":[{"href":"https:\/\/aconteceunovale.com.br\/portal\/index.php?rest_route=\/wp\/v2\/posts\/148126","targetHints":{"allow":["GET"]}}],"collection":[{"href":"https:\/\/aconteceunovale.com.br\/portal\/index.php?rest_route=\/wp\/v2\/posts"}],"about":[{"href":"https:\/\/aconteceunovale.com.br\/portal\/index.php?rest_route=\/wp\/v2\/types\/post"}],"author":[{"embeddable":true,"href":"https:\/\/aconteceunovale.com.br\/portal\/index.php?rest_route=\/wp\/v2\/users\/1"}],"replies":[{"embeddable":true,"href":"https:\/\/aconteceunovale.com.br\/portal\/index.php?rest_route=%2Fwp%2Fv2%2Fcomments&post=148126"}],"version-history":[{"count":0,"href":"https:\/\/aconteceunovale.com.br\/portal\/index.php?rest_route=\/wp\/v2\/posts\/148126\/revisions"}],"wp:featuredmedia":[{"embeddable":true,"href":"https:\/\/aconteceunovale.com.br\/portal\/index.php?rest_route=\/wp\/v2\/media\/128426"}],"wp:attachment":[{"href":"https:\/\/aconteceunovale.com.br\/portal\/index.php?rest_route=%2Fwp%2Fv2%2Fmedia&parent=148126"}],"wp:term":[{"taxonomy":"category","embeddable":true,"href":"https:\/\/aconteceunovale.com.br\/portal\/index.php?rest_route=%2Fwp%2Fv2%2Fcategories&post=148126"},{"taxonomy":"post_tag","embeddable":true,"href":"https:\/\/aconteceunovale.com.br\/portal\/index.php?rest_route=%2Fwp%2Fv2%2Ftags&post=148126"}],"curies":[{"name":"wp","href":"https:\/\/api.w.org\/{rel}","templated":true}]}}