{"id":148116,"date":"2019-04-30T17:19:03","date_gmt":"2019-04-30T19:19:03","guid":{"rendered":"http:\/\/aconteceunovale.com.br\/portal\/?p=148116"},"modified":"2019-04-30T17:19:03","modified_gmt":"2019-04-30T19:19:03","slug":"policia-civil-conclui-investigacoes-de-homicidio-em-governador-valadares","status":"publish","type":"post","link":"https:\/\/aconteceunovale.com.br\/portal\/?p=148116","title":{"rendered":"Pol\u00edcia Civil conclui investiga\u00e7\u00f5es de homic\u00eddio em Governador Valadares"},"content":{"rendered":"<p>A Pol\u00edcia Civil de Minas Gerais (PCMG), em Governador Valadares, concluiu as investiga\u00e7\u00f5es que apuraram o homic\u00eddio de Rodrigo Ebenezer Moreira de Lima, de 22 anos, morto a tiros, em janeiro, no bairro Vila Parque Ibituruna. Conforme apurado, Jerfeson A.S, 23, e Maicon D.P.S, 25, armaram uma emboscada e mataram Rodrigo com tr\u00eas disparos. De acordo com a equipe de investigadores da Delegacia de Crimes Contra a Vida e Pessoas Desaparecidas (DCCV), o crime foi motivado por uma discuss\u00e3o durante as comemora\u00e7\u00f5es da virada de ano.<br \/>\n<center><br \/>\n<!-- Erro, o An\u00fancio n\u00e3o est\u00e1 dispon\u00edvel neste momento devido \u00e0s restri\u00e7\u00f5es de agendamento\/geolocaliza\u00e7\u00e3o! --><br \/>\n<\/br><br \/>\n<\/center><br \/>\nA PCMG representou pelas pris\u00f5es preventivas dos investigados. Jerfeson foi preso em Caratinga, a 150 quil\u00f4metros de Governador Valadares. Contra ele tamb\u00e9m havia um mandado de pris\u00e3o por tr\u00e1fico de drogas, ocorrido em 2016. Jerfeson encontra-se recolhido no Sistema Prisional.<\/p>\n<p>O outro indiciado, Maicon, permanece foragido. Segundo o Delegado Luciano Cunha de Lima, que presidiu as investiga\u00e7\u00f5es, o jovem &#8220;tem personalidade violenta, possui tr\u00eas passagens pelo Sistema Prisional, e saiu da pris\u00e3o em 2016. Foi indiciado em crimes de tentativa de homic\u00eddio, homic\u00eddio, quatro vezes por tr\u00e1fico de drogas, disparo de arma de fogo e posse\/porte ilegal de arma de fogo&#8221;, afirmou.<\/p>\n<p>Ainda de acordo com o Delegado, os dois suspeitos andavam armados naquele bairro e se diziam donos do territ\u00f3rio. Durante coletiva de imprensa, o Delegado fez um apelo \u00e0 imprensa e \u00e0 popula\u00e7\u00e3o para que a PCMG possa localizar e prender Maicon. &#8220;Este rapaz deve ser retirado de conv\u00edvio social, o mais r\u00e1pido poss\u00edvel, visto sua alta periculosidade&#8221;, concluiu.<\/p>\n<p><img decoding=\"async\" src=\"http:\/\/aconteceunovale.com.br\/portal\/wp-content\/uploads\/2019\/04\/delegado_gcv.jpg\" alt=\"\" \/><em>Foto: Divulga\u00e7\u00e3o\/PCMG<\/em><br \/>\n<\/br><\/p>\n<p><strong>VER PRIMEIRO<\/strong><\/p>\n<p>Receba as not\u00edcias do Aconteceu no Vale em primeira m\u00e3o. Clique em curtir no endere\u00e7o <a href=\"https:\/\/www.facebook.com\/aconteceunovale\" target=\"_blank\"><font color=\"red\">www.facebook.com\/aconteceunovale<\/font><\/a> ou no box abaixo:<\/p>\n<div class=\"fb-like\" data-href=\"https:\/\/www.facebook.com\/aconteceunovale\" data-width=\"120\" data-layout=\"standard\" data-action=\"like\" data-size=\"small\" data-show-faces=\"true\" data-share=\"true\"><\/div>\n<p><!-- Erro, o An\u00fancio n\u00e3o est\u00e1 dispon\u00edvel neste momento devido \u00e0s restri\u00e7\u00f5es de agendamento\/geolocaliza\u00e7\u00e3o! --><br \/>\n<\/br><\/p>\n<p><em>(Fonte: PCMG)<\/em><\/p>\n","protected":false},"excerpt":{"rendered":"<p>A Pol\u00edcia Civil de Minas Gerais (PCMG), em Governador Valadares, concluiu as investiga\u00e7\u00f5es que apuraram o homic\u00eddio de Rodrigo Ebenezer Moreira de Lima, de 22 anos, morto a tiros, em janeiro, no bairro Vila Parque Ibituruna. Conforme apurado, Jerfeson A.S, 23, e Maicon D.P.S, 25, armaram uma emboscada e mataram Rodrigo com tr\u00eas disparos. De [&hellip;]<\/p>\n","protected":false},"author":1,"featured_media":148118,"comment_status":"open","ping_status":"closed","sticky":false,"template":"","format":"standard","meta":{"amp_status":"","footnotes":""},"categories":[121],"tags":[237,175524,247,18800,8180,135498,604,161909,201258,201259,201262,44644,201260,18801,201261],"class_list":["post-148116","post","type-post","status-publish","format-standard","has-post-thumbnail","hentry","category-leste","tag-caratinga","tag-delegado-luciano-cunha-de-lima","tag-governador-valadares","tag-gv","tag-homicidio-em-governador-valadares","tag-luciano-cunha-de-lima","tag-pcmg","tag-pcmg-em-governador-valadares","tag-pcmg-em-gv","tag-pcmg-em-valadares","tag-policia-civil-conclui-investigacoes-de-homicidio-em-governador-valadares","tag-policia-civil-de-minas-gerais","tag-rodrigo-ebenezer-moreira-de-lima","tag-valadares","tag-vila-parque-ibituruna"],"_links":{"self":[{"href":"https:\/\/aconteceunovale.com.br\/portal\/index.php?rest_route=\/wp\/v2\/posts\/148116","targetHints":{"allow":["GET"]}}],"collection":[{"href":"https:\/\/aconteceunovale.com.br\/portal\/index.php?rest_route=\/wp\/v2\/posts"}],"about":[{"href":"https:\/\/aconteceunovale.com.br\/portal\/index.php?rest_route=\/wp\/v2\/types\/post"}],"author":[{"embeddable":true,"href":"https:\/\/aconteceunovale.com.br\/portal\/index.php?rest_route=\/wp\/v2\/users\/1"}],"replies":[{"embeddable":true,"href":"https:\/\/aconteceunovale.com.br\/portal\/index.php?rest_route=%2Fwp%2Fv2%2Fcomments&post=148116"}],"version-history":[{"count":0,"href":"https:\/\/aconteceunovale.com.br\/portal\/index.php?rest_route=\/wp\/v2\/posts\/148116\/revisions"}],"wp:featuredmedia":[{"embeddable":true,"href":"https:\/\/aconteceunovale.com.br\/portal\/index.php?rest_route=\/wp\/v2\/media\/148118"}],"wp:attachment":[{"href":"https:\/\/aconteceunovale.com.br\/portal\/index.php?rest_route=%2Fwp%2Fv2%2Fmedia&parent=148116"}],"wp:term":[{"taxonomy":"category","embeddable":true,"href":"https:\/\/aconteceunovale.com.br\/portal\/index.php?rest_route=%2Fwp%2Fv2%2Fcategories&post=148116"},{"taxonomy":"post_tag","embeddable":true,"href":"https:\/\/aconteceunovale.com.br\/portal\/index.php?rest_route=%2Fwp%2Fv2%2Ftags&post=148116"}],"curies":[{"name":"wp","href":"https:\/\/api.w.org\/{rel}","templated":true}]}}