{"id":148113,"date":"2019-04-30T17:09:10","date_gmt":"2019-04-30T19:09:10","guid":{"rendered":"http:\/\/aconteceunovale.com.br\/portal\/?p=148113"},"modified":"2019-04-30T17:09:10","modified_gmt":"2019-04-30T19:09:10","slug":"acao-conjunta-das-policias-civil-e-militar-e-deflagrada-em-governador-valadares","status":"publish","type":"post","link":"https:\/\/aconteceunovale.com.br\/portal\/?p=148113","title":{"rendered":"A\u00e7\u00e3o conjunta das Pol\u00edcias Civil e Militar \u00e9 deflagrada em Governador Valadares"},"content":{"rendered":"<p>Desarticular associa\u00e7\u00f5es criminosas com atua\u00e7\u00e3o, principalmente, em tr\u00e1fico de drogas e homic\u00eddios. Esse foi o objetivo da Opera\u00e7\u00e3o &#8220;Fica Vivo&#8221;, deflagrada sexta-feira (26), em Governador Valadares, que culminou no cumprimento de nove mandados de busca e apreens\u00e3o e outros seis de pris\u00f5es preventivas. Dois alvos, que j\u00e1 se encontravam recolhidos no Sistema Prisional, tamb\u00e9m tiveram mandados de pris\u00f5es cumpridos. Outros dois indiv\u00edduos encontram-se foragidos.<br \/>\n<center><br \/>\n<!-- Erro, o An\u00fancio n\u00e3o est\u00e1 dispon\u00edvel neste momento devido \u00e0s restri\u00e7\u00f5es de agendamento\/geolocaliza\u00e7\u00e3o! --><br \/>\n<\/br><br \/>\n<\/center><br \/>\n&#8220;Fica Vivo&#8221;, uma opera\u00e7\u00e3o conjunta da Pol\u00edcia Civil de Minas Gerais (PCMG) e da Pol\u00edcia Militar, faz refer\u00eancia \u00e0 proposta de a\u00e7\u00e3o integrada do estado de combate a a\u00e7\u00f5es criminosas em regi\u00f5es de alta incid\u00eancia. O trabalho teve in\u00edcio com uma s\u00e9rie de crimes ocorridos no final de 2018, entre ocorr\u00eancias de homic\u00eddios envolvendo disputa de grupos criminosos, no bairro Santa Helena. Na \u00e9poca, foram realizadas a\u00e7\u00f5es preventivas na regi\u00e3o. No Carnaval de 2019, o conflito se intensificou, quando aconteceram quatro homic\u00eddios em sequ\u00eancia, envolvendo gangues. A partir de ent\u00e3o, as Pol\u00edcias Civil e Militar somaram for\u00e7as, unidas ao Poder Judici\u00e1rio e Minist\u00e9rio P\u00fablico, para identificar e punir os envolvidos.<\/p>\n<p>Em coletiva com a imprensa, a Delegada Verenna Veloso, que coordena a equipe da Delegacia Especializada em Armas, Muni\u00e7\u00f5es e Explosivos (DEAME), mencionou a alta incid\u00eancia de ocorr\u00eancias de porte e posse ilegal de arma de fogo e disparos de arma de fogo. Segundo a Delegada, &#8220;a opera\u00e7\u00e3o deflagrada tem o objetivo de restaurar a paz daquela comunidade, onde ocorre alto \u00edndice de crimes como homic\u00eddios, disparos de arma de fogo e tr\u00e1fico de drogas&#8221;.<\/p>\n<p>O Delegado Regional de Governador Valadares, F\u00e1bio Sfalcin, registrou que a maioria dos homic\u00eddios possui liga\u00e7\u00e3o direta com o tr\u00e1fico de drogas. Para o Delegado, &#8220;retirando esses indiv\u00edduos de circula\u00e7\u00e3o diminuir\u00e1 n\u00e3o somente a incid\u00eancia de crimes e mortes violentas como tamb\u00e9m acarretar\u00e1 uma desestrutura\u00e7\u00e3o das organiza\u00e7\u00f5es ligadas ao tr\u00e1fico de entorpecentes&#8221;. F\u00e1bio aproveitou a oportunidade para enaltecer a parceria entre os \u00d3rg\u00e3os, que possibilitou o \u00eaxito da opera\u00e7\u00e3o.<\/p>\n<p>A a\u00e7\u00e3o contou com a participa\u00e7\u00e3o de aproximadamente 50 policiais, entre civis e militares, e o apoio a\u00e9reo da Base Regional de Avia\u00e7\u00e3o do Estado (5\u00aa BRAVE).<\/p>\n<p><img decoding=\"async\" src=\"http:\/\/aconteceunovale.com.br\/portal\/wp-content\/uploads\/2019\/04\/operacao_gv.jpg\" alt=\"\" \/><em>Foto: Divulga\u00e7\u00e3o\/PCMG<\/em><br \/>\n<\/br><\/p>\n<p><strong>VER PRIMEIRO<\/strong><\/p>\n<p>Receba as not\u00edcias do Aconteceu no Vale em primeira m\u00e3o. Clique em curtir no endere\u00e7o <a href=\"https:\/\/www.facebook.com\/aconteceunovale\" target=\"_blank\"><font color=\"red\">www.facebook.com\/aconteceunovale<\/font><\/a> ou no box abaixo:<\/p>\n<div class=\"fb-like\" data-href=\"https:\/\/www.facebook.com\/aconteceunovale\" data-width=\"120\" data-layout=\"standard\" data-action=\"like\" data-size=\"small\" data-show-faces=\"true\" data-share=\"true\"><\/div>\n<p><!-- Erro, o An\u00fancio n\u00e3o est\u00e1 dispon\u00edvel neste momento devido \u00e0s restri\u00e7\u00f5es de agendamento\/geolocaliza\u00e7\u00e3o! --><br \/>\n<\/br><\/p>\n<p><em>(Fonte: PCMG)<\/em><\/p>\n","protected":false},"excerpt":{"rendered":"<p>Desarticular associa\u00e7\u00f5es criminosas com atua\u00e7\u00e3o, principalmente, em tr\u00e1fico de drogas e homic\u00eddios. Esse foi o objetivo da Opera\u00e7\u00e3o &#8220;Fica Vivo&#8221;, deflagrada sexta-feira (26), em Governador Valadares, que culminou no cumprimento de nove mandados de busca e apreens\u00e3o e outros seis de pris\u00f5es preventivas. Dois alvos, que j\u00e1 se encontravam recolhidos no Sistema Prisional, tamb\u00e9m tiveram [&hellip;]<\/p>\n","protected":false},"author":1,"featured_media":148114,"comment_status":"open","ping_status":"closed","sticky":false,"template":"","format":"standard","meta":{"amp_status":"","footnotes":""},"categories":[121],"tags":[201257,173596,201256,157125,247,18800,201252,201255,201254,201253,604,38187,44644,18801,173597],"class_list":["post-148113","post","type-post","status-publish","format-standard","has-post-thumbnail","hentry","category-leste","tag-acao-conjunta-das-policias-civil-e-militar-e-deflagrada-em-governador-valadares","tag-delegada-verenna-veloso","tag-delegado-regional-de-governador-valadares","tag-fabio-sfalcin","tag-governador-valadares","tag-gv","tag-operacao-fica-vivo","tag-operacao-fica-vivo-em-governador-valadares","tag-operacao-fica-vivo-em-gv","tag-operacao-fica-vivo-em-valadares","tag-pcmg","tag-pmmg","tag-policia-civil-de-minas-gerais","tag-valadares","tag-verenna-veloso"],"_links":{"self":[{"href":"https:\/\/aconteceunovale.com.br\/portal\/index.php?rest_route=\/wp\/v2\/posts\/148113","targetHints":{"allow":["GET"]}}],"collection":[{"href":"https:\/\/aconteceunovale.com.br\/portal\/index.php?rest_route=\/wp\/v2\/posts"}],"about":[{"href":"https:\/\/aconteceunovale.com.br\/portal\/index.php?rest_route=\/wp\/v2\/types\/post"}],"author":[{"embeddable":true,"href":"https:\/\/aconteceunovale.com.br\/portal\/index.php?rest_route=\/wp\/v2\/users\/1"}],"replies":[{"embeddable":true,"href":"https:\/\/aconteceunovale.com.br\/portal\/index.php?rest_route=%2Fwp%2Fv2%2Fcomments&post=148113"}],"version-history":[{"count":0,"href":"https:\/\/aconteceunovale.com.br\/portal\/index.php?rest_route=\/wp\/v2\/posts\/148113\/revisions"}],"wp:featuredmedia":[{"embeddable":true,"href":"https:\/\/aconteceunovale.com.br\/portal\/index.php?rest_route=\/wp\/v2\/media\/148114"}],"wp:attachment":[{"href":"https:\/\/aconteceunovale.com.br\/portal\/index.php?rest_route=%2Fwp%2Fv2%2Fmedia&parent=148113"}],"wp:term":[{"taxonomy":"category","embeddable":true,"href":"https:\/\/aconteceunovale.com.br\/portal\/index.php?rest_route=%2Fwp%2Fv2%2Fcategories&post=148113"},{"taxonomy":"post_tag","embeddable":true,"href":"https:\/\/aconteceunovale.com.br\/portal\/index.php?rest_route=%2Fwp%2Fv2%2Ftags&post=148113"}],"curies":[{"name":"wp","href":"https:\/\/api.w.org\/{rel}","templated":true}]}}