{"id":148104,"date":"2019-04-30T16:41:31","date_gmt":"2019-04-30T18:41:31","guid":{"rendered":"http:\/\/aconteceunovale.com.br\/portal\/?p=148104"},"modified":"2019-04-30T16:44:59","modified_gmt":"2019-04-30T18:44:59","slug":"justica-determina-interrupcao-da-venda-de-duas-marcas-de-cafe-produzidas-em-medina-no-vale-do-jequitinhonha","status":"publish","type":"post","link":"https:\/\/aconteceunovale.com.br\/portal\/?p=148104","title":{"rendered":"Justi\u00e7a determina interrup\u00e7\u00e3o da venda de duas marcas de caf\u00e9 produzidas em Medina, no Vale do Jequitinhonha"},"content":{"rendered":"<p>Atendendo ao pedido integral do Minist\u00e9rio P\u00fablico de Minas Gerais (MPMG) em A\u00e7\u00e3o Civil P\u00fablica (ACP), a Justi\u00e7a determinou, liminarmente, que a empresa Recalde Guimar\u00e3es Issa, de Medina, interrompa a comercializa\u00e7\u00e3o do Caf\u00e9 da Ro\u00e7a Caseiro e do Caf\u00e9 da Ro\u00e7a Extra Forte. A Justi\u00e7a determinou ainda que a empresa recolha, do mercado de consumo, o Caf\u00e9 da Ro\u00e7a Caseiro fornecido ap\u00f3s 21 de agosto de 2018 e o Caf\u00e9 da Ro\u00e7a Extra forte fornecido ap\u00f3s 07 de fevereiro de 2019.<br \/>\n<center><br \/>\n<!-- Erro, o An\u00fancio n\u00e3o est\u00e1 dispon\u00edvel neste momento devido \u00e0s restri\u00e7\u00f5es de agendamento\/geolocaliza\u00e7\u00e3o! --><br \/>\n<\/br><br \/>\n<\/center><br \/>\nA ACP foi ajuizada pela Promotoria de Justi\u00e7a de Medina, ap\u00f3s apura\u00e7\u00e3o em Processo Administrativo que constatou irregularidades na produ\u00e7\u00e3o das duas marcas. De acordo com o promotor de Justi\u00e7a Uilian Carlos Barbosa, a Recalde estava produzindo, de forma sistem\u00e1tica, sucessiva e de longa data, caf\u00e9s impr\u00f3prios ao consumo, com excesso de cascas, de paus, de milho, de areia, de pedras e de torr\u00f5es.<\/p>\n<p>A toler\u00e2ncia m\u00e1xima permitida quanto a impurezas no caf\u00e9 \u00e9 de 1%. Contudo, segundo a Justi\u00e7a, foi constatado, em per\u00edcia realizada pelo Centro T\u00e9cnico de Avalia\u00e7\u00e3o do Caf\u00e9 (Cetac), que o caf\u00e9 da marca \u201cDa Ro\u00e7a\u201d continha 3,34% de cascas e paus e 0,36% de areia, pedras e torr\u00f5es. J\u00e1 o caf\u00e9 da marca \u201cDa Ro\u00e7a Extra Forte\u201d obteve, tamb\u00e9m em per\u00edcia do Cetac, presen\u00e7a de 3,37% de cascas e paus.<\/p>\n<p>Al\u00e9m da interrup\u00e7\u00e3o das vendas, foi pedido na ACP a condena\u00e7\u00e3o da empresa ao pagamento de R$ R$ 100 mil por dano moral coletivo, como indeniza\u00e7\u00e3o aos consumidores. Na avalia\u00e7\u00e3o do promotor de Justi\u00e7a de Medina Uilian Carvalho, esses produtos foram consumidos diretamente por milhares de pessoas de Medina e de outras cidades do Vale do Jequitinhonha e do interior da Bahia, conforme apurado na investiga\u00e7\u00e3o. \u201cOs consumidores foram expostos indevidamente a riscos e efeitos danosos \u00e0 sa\u00fade e \u00e0 vida, sem saber da impropriedade dos produtos que consumiam\u201d, afirmou.<\/p>\n<p>No \u00e2mbito criminal, a Promotoria de Justi\u00e7a de Medina ajuizou A\u00e7\u00e3o Penal contra o respons\u00e1vel pela empresa, visto que constitui crime contra as rela\u00e7\u00f5es de consumo \u201cvender, ter em dep\u00f3sito para vender ou expor \u00e0 venda ou, de qualquer forma, entregar mat\u00e9ria-prima ou mercadoria, em condi\u00e7\u00f5es impr\u00f3prias ao consumo\u201d, conforme previsto no art. 7\u00b0, inciso IX, da Lei 8.137\/90.<\/p>\n<p>O promotor de Justi\u00e7a afirmou que o MPMG, por interm\u00e9dio da Promotoria de Justi\u00e7a de Medina, \u201ccontinua atento e combate preventiva e ostensivamente qualquer atentado aos direitos b\u00e1sicos dos consumidores. O intuito \u00e9 livrar os consumidores de atividades nocivas, abusivas e ilegais e responsabilizar os fornecedores\u201d.<\/p>\n<p>O Aconteceu no Vale ainda n\u00e3o conseguiu contato com representantes da empresa.<\/p>\n<p><strong>VER PRIMEIRO<\/strong><\/p>\n<p>Receba as not\u00edcias do Aconteceu no Vale em primeira m\u00e3o. Clique em curtir no endere\u00e7o <a href=\"https:\/\/www.facebook.com\/aconteceunovale\" target=\"_blank\"><font color=\"red\">www.facebook.com\/aconteceunovale<\/font><\/a> ou no box abaixo:<\/p>\n<div class=\"fb-like\" data-href=\"https:\/\/www.facebook.com\/aconteceunovale\" data-width=\"120\" data-layout=\"standard\" data-action=\"like\" data-size=\"small\" data-show-faces=\"true\" data-share=\"true\"><\/div>\n<p><!-- Erro, o An\u00fancio n\u00e3o est\u00e1 dispon\u00edvel neste momento devido \u00e0s restri\u00e7\u00f5es de agendamento\/geolocaliza\u00e7\u00e3o! --><br \/>\n<\/br><\/p>\n<p><em>(Fonte: Promotoria de Justi\u00e7a \u00danica de Medina\/MPMG)<\/em><\/p>\n","protected":false},"excerpt":{"rendered":"<p>Atendendo ao pedido integral do Minist\u00e9rio P\u00fablico de Minas Gerais (MPMG) em A\u00e7\u00e3o Civil P\u00fablica (ACP), a Justi\u00e7a determinou, liminarmente, que a empresa Recalde Guimar\u00e3es Issa, de Medina, interrompa a comercializa\u00e7\u00e3o do Caf\u00e9 da Ro\u00e7a Caseiro e do Caf\u00e9 da Ro\u00e7a Extra Forte. A Justi\u00e7a determinou ainda que a empresa recolha, do mercado de consumo, [&hellip;]<\/p>\n","protected":false},"author":1,"featured_media":148105,"comment_status":"open","ping_status":"closed","sticky":false,"template":"","format":"standard","meta":{"amp_status":"","footnotes":""},"categories":[120],"tags":[201242,201243,201241,201247,201248,201245,201246,389,19674,19675,541,179981,201240,201244],"class_list":["post-148104","post","type-post","status-publish","format-standard","has-post-thumbnail","hentry","category-jequi","tag-cafe-da-roca-caseiro","tag-cafe-da-roca-extra-forte","tag-cafe-de-medina","tag-justica-determina-interrupcao-da-venda-de-cafe-produzido-em-medina","tag-justica-determina-interrupcao-da-venda-de-cafe-produzido-em-medina-no-vale-do-jequitinhonha","tag-justica-determina-interrupcao-da-venda-de-duas-marcas-de-cafe-produzidas-em-medina","tag-justica-determina-interrupcao-da-venda-de-duas-marcas-de-cafe-produzidas-em-medina-no-vale-do-jequitinhonha","tag-medina","tag-ministerio-publico-de-minas-gerais","tag-mpmg","tag-no-vale-do-jequitinhonha","tag-promotoria-de-justica-de-medina","tag-recalde-guimaraes-issa","tag-uilian-carlos-barbosa"],"_links":{"self":[{"href":"https:\/\/aconteceunovale.com.br\/portal\/index.php?rest_route=\/wp\/v2\/posts\/148104","targetHints":{"allow":["GET"]}}],"collection":[{"href":"https:\/\/aconteceunovale.com.br\/portal\/index.php?rest_route=\/wp\/v2\/posts"}],"about":[{"href":"https:\/\/aconteceunovale.com.br\/portal\/index.php?rest_route=\/wp\/v2\/types\/post"}],"author":[{"embeddable":true,"href":"https:\/\/aconteceunovale.com.br\/portal\/index.php?rest_route=\/wp\/v2\/users\/1"}],"replies":[{"embeddable":true,"href":"https:\/\/aconteceunovale.com.br\/portal\/index.php?rest_route=%2Fwp%2Fv2%2Fcomments&post=148104"}],"version-history":[{"count":0,"href":"https:\/\/aconteceunovale.com.br\/portal\/index.php?rest_route=\/wp\/v2\/posts\/148104\/revisions"}],"wp:featuredmedia":[{"embeddable":true,"href":"https:\/\/aconteceunovale.com.br\/portal\/index.php?rest_route=\/wp\/v2\/media\/148105"}],"wp:attachment":[{"href":"https:\/\/aconteceunovale.com.br\/portal\/index.php?rest_route=%2Fwp%2Fv2%2Fmedia&parent=148104"}],"wp:term":[{"taxonomy":"category","embeddable":true,"href":"https:\/\/aconteceunovale.com.br\/portal\/index.php?rest_route=%2Fwp%2Fv2%2Fcategories&post=148104"},{"taxonomy":"post_tag","embeddable":true,"href":"https:\/\/aconteceunovale.com.br\/portal\/index.php?rest_route=%2Fwp%2Fv2%2Ftags&post=148104"}],"curies":[{"name":"wp","href":"https:\/\/api.w.org\/{rel}","templated":true}]}}