{"id":148100,"date":"2019-04-30T16:26:25","date_gmt":"2019-04-30T18:26:25","guid":{"rendered":"http:\/\/aconteceunovale.com.br\/portal\/?p=148100"},"modified":"2019-04-30T16:26:35","modified_gmt":"2019-04-30T18:26:35","slug":"comunidade-quilombola-no-serro-teme-impacto-da-mineracao","status":"publish","type":"post","link":"https:\/\/aconteceunovale.com.br\/portal\/?p=148100","title":{"rendered":"Comunidade quilombola no Serro teme impacto da minera\u00e7\u00e3o"},"content":{"rendered":"<p>A Organiza\u00e7\u00e3o Internacional do Trabalho (OIT) prev\u00ea, no artigo 6\u00ba da Conven\u00e7\u00e3o 169, sobre povos ind\u00edgenas e tribais, que medidas legislativas ou administrativas suscet\u00edveis de afetar diretamente essas popula\u00e7\u00f5es tradicionais dever\u00e3o ser precedidas de consulta pr\u00e9via aos \u00f3rg\u00e3os representativos das comunidades. Para debater esse direito previsto na conven\u00e7\u00e3o da qual o Brasil \u00e9 signat\u00e1rio, especificamente o caso da comunidade de Queimadas, no munic\u00edpio do Serro (Regi\u00e3o Central), a Comiss\u00e3o de Direitos Humanos da Assembleia Legislativa de Minas Gerais (ALMG) pautou audi\u00eancia p\u00fablica para a pr\u00f3xima quinta-feira (2\/5\/19).<br \/>\n<center><br \/>\n<!-- Erro, o An\u00fancio n\u00e3o est\u00e1 dispon\u00edvel neste momento devido \u00e0s restri\u00e7\u00f5es de agendamento\/geolocaliza\u00e7\u00e3o! --><br \/>\n<\/br><br \/>\n<\/center><br \/>\nA reuni\u00e3o ser\u00e1 realizada \u00e0s 15 horas, no Audit\u00f3rio SE, a requerimento da vice-presidenta da comiss\u00e3o, deputada Andr\u00e9ia de Jesus (Psol). Em sua justificativa, a parlamentar argumenta que h\u00e1 registros de concess\u00e3o de explora\u00e7\u00e3o miner\u00e1ria na regi\u00e3o e que a \u00e1rea do empreendimento se sobrep\u00f5e ao territ\u00f3rio da comunidade quilombola de Queimadas, \u201ccujos recursos naturais s\u00e3o utilizados para a reprodu\u00e7\u00e3o cultural, social, religiosa, ancestral e econ\u00f4mica, por meio dos conhecimentos, inova\u00e7\u00f5es e pr\u00e1ticas gerados e transmitidos pela tradi\u00e7\u00e3o\u201d.<\/p>\n<p>Os quilombolas de Queimadas habitam a regi\u00e3o do Vale do Jequitinhonha, perto da divisa dos munic\u00edpios do Serro e de Santo Ant\u00f4nio do Itamb\u00e9. Vivem na comunidade cerca de 250 pessoas distribu\u00eddas em aproximadamente 50 fam\u00edlias, que trabalham em lavouras de caf\u00e9, mandioca e hortali\u00e7as.<\/p>\n<p><strong>Convidados <\/strong>\u2013 J\u00e1 confirmaram presen\u00e7a na audi\u00eancia p\u00fablica a defensora p\u00fablica Ana Cl\u00e1udia da Silva Alexandre Storch, da Defensoria Especializada em Direitos Humanos, Coletivos e Socioambientais da Defensoria P\u00fablica de Minas Gerais; o advogado Matheus de Mendon\u00e7a Gon\u00e7alves Leite, da Federa\u00e7\u00e3o das Comunidades Quilombolas de Minas Gerais; e Valderes Afonso Ferreira, representando a comunidade quilombola de Queimadas.<\/p>\n<p><strong>VER PRIMEIRO<\/strong><\/p>\n<p>Receba as not\u00edcias do Aconteceu no Vale em primeira m\u00e3o. Clique em curtir no endere\u00e7o <a href=\"https:\/\/www.facebook.com\/aconteceunovale\" target=\"_blank\"><font color=\"red\">www.facebook.com\/aconteceunovale<\/font><\/a> ou no box abaixo:<\/p>\n<div class=\"fb-like\" data-href=\"https:\/\/www.facebook.com\/aconteceunovale\" data-width=\"120\" data-layout=\"standard\" data-action=\"like\" data-size=\"small\" data-show-faces=\"true\" data-share=\"true\"><\/div>\n<p><!-- Erro, o An\u00fancio n\u00e3o est\u00e1 dispon\u00edvel neste momento devido \u00e0s restri\u00e7\u00f5es de agendamento\/geolocaliza\u00e7\u00e3o! --><br \/>\n<\/br><\/p>\n<p><em>(Fonte: ALMG)<\/em><\/p>\n","protected":false},"excerpt":{"rendered":"<p>A Organiza\u00e7\u00e3o Internacional do Trabalho (OIT) prev\u00ea, no artigo 6\u00ba da Conven\u00e7\u00e3o 169, sobre povos ind\u00edgenas e tribais, que medidas legislativas ou administrativas suscet\u00edveis de afetar diretamente essas popula\u00e7\u00f5es tradicionais dever\u00e3o ser precedidas de consulta pr\u00e9via aos \u00f3rg\u00e3os representativos das comunidades. Para debater esse direito previsto na conven\u00e7\u00e3o da qual o Brasil \u00e9 signat\u00e1rio, especificamente [&hellip;]<\/p>\n","protected":false},"author":1,"featured_media":148101,"comment_status":"open","ping_status":"closed","sticky":false,"template":"","format":"standard","meta":{"amp_status":"","footnotes":""},"categories":[123,40240],"tags":[752,201237,201236,201239,15775,201238,21745,21744,102832,315,154],"class_list":["post-148100","post","type-post","status-publish","format-standard","has-post-thumbnail","hentry","category-gerais","category-politica-2","tag-almg","tag-andreia-de-jesus","tag-comunidade-de-queimadas","tag-comunidade-quilombola-no-serro-teme-impacto-da-mineracao","tag-herculano-mineracao","tag-mineracao-no-serro","tag-oit","tag-organizacao-internacional-do-trabalho","tag-queimadas","tag-santo-antonio-do-itambe","tag-serro"],"_links":{"self":[{"href":"https:\/\/aconteceunovale.com.br\/portal\/index.php?rest_route=\/wp\/v2\/posts\/148100","targetHints":{"allow":["GET"]}}],"collection":[{"href":"https:\/\/aconteceunovale.com.br\/portal\/index.php?rest_route=\/wp\/v2\/posts"}],"about":[{"href":"https:\/\/aconteceunovale.com.br\/portal\/index.php?rest_route=\/wp\/v2\/types\/post"}],"author":[{"embeddable":true,"href":"https:\/\/aconteceunovale.com.br\/portal\/index.php?rest_route=\/wp\/v2\/users\/1"}],"replies":[{"embeddable":true,"href":"https:\/\/aconteceunovale.com.br\/portal\/index.php?rest_route=%2Fwp%2Fv2%2Fcomments&post=148100"}],"version-history":[{"count":0,"href":"https:\/\/aconteceunovale.com.br\/portal\/index.php?rest_route=\/wp\/v2\/posts\/148100\/revisions"}],"wp:featuredmedia":[{"embeddable":true,"href":"https:\/\/aconteceunovale.com.br\/portal\/index.php?rest_route=\/wp\/v2\/media\/148101"}],"wp:attachment":[{"href":"https:\/\/aconteceunovale.com.br\/portal\/index.php?rest_route=%2Fwp%2Fv2%2Fmedia&parent=148100"}],"wp:term":[{"taxonomy":"category","embeddable":true,"href":"https:\/\/aconteceunovale.com.br\/portal\/index.php?rest_route=%2Fwp%2Fv2%2Fcategories&post=148100"},{"taxonomy":"post_tag","embeddable":true,"href":"https:\/\/aconteceunovale.com.br\/portal\/index.php?rest_route=%2Fwp%2Fv2%2Ftags&post=148100"}],"curies":[{"name":"wp","href":"https:\/\/api.w.org\/{rel}","templated":true}]}}