{"id":148097,"date":"2019-04-30T16:09:03","date_gmt":"2019-04-30T18:09:03","guid":{"rendered":"http:\/\/aconteceunovale.com.br\/portal\/?p=148097"},"modified":"2019-04-30T16:09:03","modified_gmt":"2019-04-30T18:09:03","slug":"brasil-incentiva-paises-a-apoiarem-juan-guaido","status":"publish","type":"post","link":"https:\/\/aconteceunovale.com.br\/portal\/?p=148097","title":{"rendered":"Brasil incentiva pa\u00edses a apoiarem Juan Guaid\u00f3"},"content":{"rendered":"<p>O governo brasileiro est\u00e1 incentivando todos os pa\u00edses a se colocarem ao lado do autoproclamado presidente interino da Venezuela, Juan Guaid\u00f3, e pela sa\u00edda do presidente Nicol\u00e1s Maduro do poder. Em nota divulgada hoje (30), o porta-voz da Presid\u00eancia da Rep\u00fablica, Ot\u00e1vio do R\u00eago Barros, disse que \u201co Brasil acompanha com grande aten\u00e7\u00e3o a situa\u00e7\u00e3o na Venezuela e reafirma o irrestrito apoio ao seu povo que luta bravamente por democracia\u201d.<br \/>\n<center><br \/>\n<!-- Erro, o An\u00fancio n\u00e3o est\u00e1 dispon\u00edvel neste momento devido \u00e0s restri\u00e7\u00f5es de agendamento\/geolocaliza\u00e7\u00e3o! --><br \/>\n<\/br><br \/>\n<\/center><br \/>\n\u201cExortamos todos os pa\u00edses, identificados com os ideais de liberdade, para que se coloquem ao lado do Presidente Encarregado Juan Guaid\u00f3 na busca de uma solu\u00e7\u00e3o que ponha fim na ditadura de Maduro, bem como restabele\u00e7a a normalidade institucional na Venezuela\u201d, diz a nota da Presid\u00eancia.<\/p>\n<p>H\u00e1 relatos de confrontos entre manifestantes e for\u00e7as de seguran\u00e7a nas ruas da capital do pa\u00eds, Caracas, ap\u00f3s Guaid\u00f3 afirmar que tem o apoio dos militares para, segundo ele, conseguir &#8220;o fim definitivo da usurpa\u00e7\u00e3o&#8221; do governo de Nicol\u00e1s Maduro. A partir da divulga\u00e7\u00e3o do an\u00fancio de Guaid\u00f3 pelas redes sociais, venezuelanos contr\u00e1rios e favor\u00e1veis a Maduro tomaram as ruas da capital venezuelana.<\/p>\n<p>O presidente Jair Bolsonaro se re\u00fane, no in\u00edcio desta tarde, com ministros de Estado e o vice-presidente Hamilton Mour\u00e3o, no Pal\u00e1cio do Planalto, para tratar da situa\u00e7\u00e3o da Venezuela.<\/p>\n<p><img decoding=\"async\" src=\"http:\/\/aconteceunovale.com.br\/portal\/wp-content\/uploads\/2019\/04\/porta_voz_br.jpg\" alt=\"\" \/><em>Porta-voz da Presid\u00eancia da Rep\u00fablica, Ot\u00e1vio do R\u00eago Barros &#8211; Foto: Valter Campanato\/Ag\u00eancia Brasil<\/em><br \/>\n<\/br><\/p>\n<p><strong>VER PRIMEIRO<\/strong><\/p>\n<p>Receba as not\u00edcias do Aconteceu no Vale em primeira m\u00e3o. Clique em curtir no endere\u00e7o <a href=\"https:\/\/www.facebook.com\/aconteceunovale\" target=\"_blank\"><font color=\"red\">www.facebook.com\/aconteceunovale<\/font><\/a> ou no box abaixo:<\/p>\n<div class=\"fb-like\" data-href=\"https:\/\/www.facebook.com\/aconteceunovale\" data-width=\"120\" data-layout=\"standard\" data-action=\"like\" data-size=\"small\" data-show-faces=\"true\" data-share=\"true\"><\/div>\n<p><!-- Erro, o An\u00fancio n\u00e3o est\u00e1 dispon\u00edvel neste momento devido \u00e0s restri\u00e7\u00f5es de agendamento\/geolocaliza\u00e7\u00e3o! --><br \/>\n<\/br><\/p>\n<p><em>(Fonte: Ag\u00eancia Brasil)<\/em><\/p>\n","protected":false},"excerpt":{"rendered":"<p>O governo brasileiro est\u00e1 incentivando todos os pa\u00edses a se colocarem ao lado do autoproclamado presidente interino da Venezuela, Juan Guaid\u00f3, e pela sa\u00edda do presidente Nicol\u00e1s Maduro do poder. Em nota divulgada hoje (30), o porta-voz da Presid\u00eancia da Rep\u00fablica, Ot\u00e1vio do R\u00eago Barros, disse que \u201co Brasil acompanha com grande aten\u00e7\u00e3o a situa\u00e7\u00e3o [&hellip;]<\/p>\n","protected":false},"author":1,"featured_media":148098,"comment_status":"open","ping_status":"closed","sticky":false,"template":"","format":"standard","meta":{"amp_status":"","footnotes":""},"categories":[6],"tags":[201202,201235,201220,201198,186185,80312,201216,87009,201201,201200,201214,201199,201233,201213,193237,201197,201218,201215,28596,109693,201219,201217,193239,201212,18922],"class_list":["post-148097","post","type-post","status-publish","format-standard","has-post-thumbnail","hentry","category-br","tag-apoio-militares","tag-brasil-incentiva-paises-a-apoiarem-juan-guaido","tag-chanceler-brasileiro-espera-evolucao-democratica-na-venezuela","tag-clima-na-venezuela","tag-ernesto-araujo","tag-forcas-armadas","tag-forcas-armadas-da-venezuela","tag-golpe-de-estado","tag-golpe-de-estado-na-venezuela","tag-golpe-na-venezuela","tag-governo-de-nicolas-maduro-busca-desarticular-tentativa-de-golpe-de-estado","tag-guerra-na-venezuela","tag-jair-bolsonaro-se-solidariza-com-povo-venezuelano","tag-jorge-jesus-rodriguez","tag-juan-guaido","tag-juan-guaido-afirma-ter-apoio-de-militares-para-derrubar-nicolas-maduro","tag-juan-guaido-concede-indulto-a-lider-oposicionista-da-venezuela","tag-luis-almagro","tag-nicolas-maduro","tag-oea","tag-relacoes-exteriores","tag-secretario-geral-da-oea-diz-que-apoia-adesao-de-militares-contra-nicolas-maduro","tag-tensao-na-venezuela","tag-turismo-e-cultura-da-venezuela","tag-venezuela"],"_links":{"self":[{"href":"https:\/\/aconteceunovale.com.br\/portal\/index.php?rest_route=\/wp\/v2\/posts\/148097","targetHints":{"allow":["GET"]}}],"collection":[{"href":"https:\/\/aconteceunovale.com.br\/portal\/index.php?rest_route=\/wp\/v2\/posts"}],"about":[{"href":"https:\/\/aconteceunovale.com.br\/portal\/index.php?rest_route=\/wp\/v2\/types\/post"}],"author":[{"embeddable":true,"href":"https:\/\/aconteceunovale.com.br\/portal\/index.php?rest_route=\/wp\/v2\/users\/1"}],"replies":[{"embeddable":true,"href":"https:\/\/aconteceunovale.com.br\/portal\/index.php?rest_route=%2Fwp%2Fv2%2Fcomments&post=148097"}],"version-history":[{"count":0,"href":"https:\/\/aconteceunovale.com.br\/portal\/index.php?rest_route=\/wp\/v2\/posts\/148097\/revisions"}],"wp:featuredmedia":[{"embeddable":true,"href":"https:\/\/aconteceunovale.com.br\/portal\/index.php?rest_route=\/wp\/v2\/media\/148098"}],"wp:attachment":[{"href":"https:\/\/aconteceunovale.com.br\/portal\/index.php?rest_route=%2Fwp%2Fv2%2Fmedia&parent=148097"}],"wp:term":[{"taxonomy":"category","embeddable":true,"href":"https:\/\/aconteceunovale.com.br\/portal\/index.php?rest_route=%2Fwp%2Fv2%2Fcategories&post=148097"},{"taxonomy":"post_tag","embeddable":true,"href":"https:\/\/aconteceunovale.com.br\/portal\/index.php?rest_route=%2Fwp%2Fv2%2Ftags&post=148097"}],"curies":[{"name":"wp","href":"https:\/\/api.w.org\/{rel}","templated":true}]}}