{"id":148094,"date":"2019-04-30T16:05:11","date_gmt":"2019-04-30T18:05:11","guid":{"rendered":"http:\/\/aconteceunovale.com.br\/portal\/?p=148094"},"modified":"2019-04-30T16:05:11","modified_gmt":"2019-04-30T18:05:11","slug":"comunidade-internacional-repercute-dia-de-violencia-na-venezuela","status":"publish","type":"post","link":"https:\/\/aconteceunovale.com.br\/portal\/?p=148094","title":{"rendered":"Comunidade internacional repercute dia de viol\u00eancia na Venezuela"},"content":{"rendered":"<p>Representantes de governos de v\u00e1rios pa\u00edses acompanham, nesta ter\u00e7a-feira (30), a evolu\u00e7\u00e3o dos protestos nas ruas de Caracas e outras cidades Venezuelana. Na Am\u00e9rica Latina, o governo do Uruguai, em nota emitida pelo Minist\u00e9rio das Rela\u00e7\u00f5es Exteriores do pa\u00eds, afirmou que acompanha com preocupa\u00e7\u00e3o a situa\u00e7\u00e3o na Venezuela e &#8220;faz um chamado a todas as partes para que evitem a\u00e7\u00f5es que possam conduzir a uma escalada da viol\u00eancia com graves consequ\u00eancias, especialmente para a popula\u00e7\u00e3o civil&#8221;.<br \/>\n<center><br \/>\n<!-- Erro, o An\u00fancio n\u00e3o est\u00e1 dispon\u00edvel neste momento devido \u00e0s restri\u00e7\u00f5es de agendamento\/geolocaliza\u00e7\u00e3o! --><br \/>\n<\/br><br \/>\n<\/center><br \/>\nA nota diz ainda que o pa\u00eds reitera seu &#8220;rep\u00fadio \u00e0 viol\u00eancia e ao uso da for\u00e7a como instrumentos para dirimir conflitos e continuar\u00e1 empregando todos seus esfor\u00e7os, inclusive atrav\u00e9s dos diferentes \u00e2mbitos de di\u00e1logo regionais e internacionais, para contribuir a encontrar uma solu\u00e7\u00e3o pac\u00edfica, mediante a negocia\u00e7\u00e3o entre as partes&#8221;.<\/p>\n<p>A Col\u00f4mbia pediu a realiza\u00e7\u00e3o de uma reuni\u00e3o de emerg\u00eancia do Grupo de Lima. &#8220;Fa\u00e7o um chamado a todos os pa\u00edses-membros do Grupo de Lima para que continuemos com nossa tarefa de apoio ao retorno da democracia e da liberdade \u00e0 Venezuela e para definirmos de comum acordo uma reuni\u00e3o de emerg\u00eancia&#8221;, manifestou o ministro do Exterior da Col\u00f4mbia, Carlos Holmes Trujillo.<\/p>\n<p>O conselheiro de Seguran\u00e7a Nacional dos Estados Unidos, John Bolton, aparentemente apoiou a convoca\u00e7\u00e3o de Guaid\u00f3, depois que o l\u00edder da oposi\u00e7\u00e3o e presidente da Assembleia Nacional instou venezuelanos e militares a ajudar nos esfor\u00e7os para derrubar Maduro.<\/p>\n<p>&#8220;A For\u00e7a Armada Nacional Bolivariana (FANB) deve proteger a Constitui\u00e7\u00e3o e o povo venezuelano. Deve ficar ao lado da Assembleia Nacional e das institui\u00e7\u00f5es leg\u00edtimas e contra a usurpa\u00e7\u00e3o da democracia. Os Estados Unidos est\u00e3o com o povo da Venezuela&#8221;, escreveu Bolton.<\/p>\n<p>J\u00e1 o secret\u00e1rio-geral da Organiza\u00e7\u00e3o dos Estados Americanos (OEA), Luis Almagro, disse que aprova o apoio de militares da Venezuela ao autoproclamado presidente interino Guaid\u00f3. &#8220;Parabenizamos o apoio dos militares \u00e0 Constitui\u00e7\u00e3o e ao presidente interino da Venezuela. \u00c9 necess\u00e1rio o mais pleno apoio ao processo de transi\u00e7\u00e3o democr\u00e1tica de forma pac\u00edfica&#8221;, afirmou Almagro. Outros pa\u00edses sul-americanos, como Argentina, Chile e Peru, emitiram declara\u00e7\u00f5es semelhantes.<\/p>\n<p><img decoding=\"async\" src=\"http:\/\/aconteceunovale.com.br\/portal\/wp-content\/uploads\/2019\/04\/violencia_venezuela.jpg\" alt=\"\" \/><em>Foto: Carlos Garcia Rawlins\/Reuters\/Reprodu\u00e7\u00e3o Ag\u00eancia Brasil<\/em><br \/>\n<\/br><\/p>\n<p><strong>Europa<\/strong><\/p>\n<p>Na Europa, a ministra da Educa\u00e7\u00e3o e porta-voz do governo espanhol, Isabel Cela\u00e1, afirmou que a Espanha n\u00e3o respalda nenhum \u201cgolpe militar\u201d na Venezuela. De acordo com Cela\u00e1, Guaid\u00f3 \u201crepresenta uma alternativa\u201d e \u00e9 visto, pelo Poder Executivo espanhol, como \u201co representante legitimado para levar a cabo uma transforma\u00e7\u00e3o na Venezuela\u201d.<\/p>\n<p>Ela disse ainda que o presidente espanhol Pedro S\u00e1nchez est\u00e1 acompanhando a situa\u00e7\u00e3o no pa\u00eds e acredita na \u201cnecessidade de elei\u00e7\u00f5es democr\u00e1ticas\u201d para que o pa\u00eds sul-americano supere o impasse pol\u00edtico entre os que se op\u00f5em e os que apoiam a perman\u00eancia do presidente Nicol\u00e1s Maduro \u00e0 frente do governo. \u201cH\u00e1 movimentos militares cuja organiza\u00e7\u00e3o e desenlace o governo espanhol desconhece. Sabemos apenas que o [autodeclarado] presidente Juan Guaid\u00f3 e o l\u00edder opositor Leopoldo L\u00f3pez se encontram juntos, a salvo, na base a\u00e9rea La Carlota, no centro de Caracas\u201d, comentou Cela\u00e1, referindo-se ao l\u00edder oposicionista Leopoldo L\u00f3pez.<\/p>\n<p>Condenado a 13 anos e nove meses de pris\u00e3o domiciliar em setembro de 2015, L\u00f3pez foi liberado hoje por militares, gra\u00e7as a um indulto presidencial concedido pelo presidente da Assembleia Nacional e autodeclarado presidente interino, o deputado venezuelano Juan Guaid\u00f3.<\/p>\n<p>\u201cQueremos reiterar o que sempre dissemos sobre a situa\u00e7\u00e3o. Desejamos com todas as nossas for\u00e7as que n\u00e3o se produza um derramamento de sangue. Apoiamos um processo democr\u00e1tico pac\u00edfico. Apostamos na celebra\u00e7\u00e3o imediata de [um acordo para a realiza\u00e7\u00e3o de] elei\u00e7\u00f5es para a escolha de um novo presidente\u201d, acrescentou a ministra e porta-voz do governo, garantindo que as representa\u00e7\u00f5es diplom\u00e1ticas est\u00e3o mobilizadas para prestar todo o aux\u00edlio aos cidad\u00e3os espanh\u00f3is que residem na Venezuela. Em janeiro de 2018, 167.255 espanh\u00f3is residiam oficialmente na Venezuela.<\/p>\n<p><strong>Dia de confrontos<\/strong><\/p>\n<p>Na manh\u00e3 desta ter\u00e7a-feira, o presidente da Assembleia Nacional, o deputado venezuelano e autodeclarado presidente interino Juan Guaid\u00f3 divulgou uma mensagem afirmando ter obtido apoio de oficiais das For\u00e7as Armadas para tirar o presidente Nicol\u00e1s Maduro do poder. No mesmo v\u00eddeo, Guaid\u00f3 conclama a popula\u00e7\u00e3o a sair \u00e0s ruas para se manifestar contra o governo. Guaid\u00f3 batizou a a\u00e7\u00e3o de Opera\u00e7\u00e3o Liberdade, para livrar o pa\u00eds do que classificou como \u201ca usurpa\u00e7\u00e3o\u201d do poder pelo grupo de Maduro.<\/p>\n<p>Por sua vez, o governo de Maduro tamb\u00e9m convocou a popula\u00e7\u00e3o, pelas redes sociais, para ir \u00e0s ruas. A partir da\u00ed, milhares de venezuelanos contr\u00e1rios e favor\u00e1veis ao governo tomaram as ruas da capital, Caracas, e de outras cidades venezuelanas. Segundo sites de not\u00edcias do pa\u00eds, h\u00e1 relatos de confrontos entre manifestantes e for\u00e7as de seguran\u00e7a. Imagens de TV exibem ve\u00edculos militares tentando conter populares que tentam invadir uma base a\u00e9rea, chegando mesmo a atropelar um grupo de pessoas.<\/p>\n<p><strong>VER PRIMEIRO<\/strong><\/p>\n<p>Receba as not\u00edcias do Aconteceu no Vale em primeira m\u00e3o. Clique em curtir no endere\u00e7o <a href=\"https:\/\/www.facebook.com\/aconteceunovale\" target=\"_blank\"><font color=\"red\">www.facebook.com\/aconteceunovale<\/font><\/a> ou no box abaixo:<\/p>\n<div class=\"fb-like\" data-href=\"https:\/\/www.facebook.com\/aconteceunovale\" data-width=\"120\" data-layout=\"standard\" data-action=\"like\" data-size=\"small\" data-show-faces=\"true\" data-share=\"true\"><\/div>\n<p><!-- Erro, o An\u00fancio n\u00e3o est\u00e1 dispon\u00edvel neste momento devido \u00e0s restri\u00e7\u00f5es de agendamento\/geolocaliza\u00e7\u00e3o! --><br \/>\n<\/br><\/p>\n<p><em>(Fonte: Ag\u00eancia Brasil)<\/em><\/p>\n","protected":false},"excerpt":{"rendered":"<p>Representantes de governos de v\u00e1rios pa\u00edses acompanham, nesta ter\u00e7a-feira (30), a evolu\u00e7\u00e3o dos protestos nas ruas de Caracas e outras cidades Venezuelana. Na Am\u00e9rica Latina, o governo do Uruguai, em nota emitida pelo Minist\u00e9rio das Rela\u00e7\u00f5es Exteriores do pa\u00eds, afirmou que acompanha com preocupa\u00e7\u00e3o a situa\u00e7\u00e3o na Venezuela e &#8220;faz um chamado a todas as [&hellip;]<\/p>\n","protected":false},"author":1,"featured_media":148095,"comment_status":"open","ping_status":"closed","sticky":false,"template":"","format":"standard","meta":{"amp_status":"","footnotes":""},"categories":[28848],"tags":[201202,201220,201198,201234,186185,80312,201216,87009,201201,201200,201214,201199,201233,201213,193237,201197,201218,201215,28596,109693,201219,201217,193239,201212,18922],"class_list":["post-148094","post","type-post","status-publish","format-standard","has-post-thumbnail","hentry","category-mundo","tag-apoio-militares","tag-chanceler-brasileiro-espera-evolucao-democratica-na-venezuela","tag-clima-na-venezuela","tag-comunidade-internacional-repercute-dia-de-violencia-na-venezuela","tag-ernesto-araujo","tag-forcas-armadas","tag-forcas-armadas-da-venezuela","tag-golpe-de-estado","tag-golpe-de-estado-na-venezuela","tag-golpe-na-venezuela","tag-governo-de-nicolas-maduro-busca-desarticular-tentativa-de-golpe-de-estado","tag-guerra-na-venezuela","tag-jair-bolsonaro-se-solidariza-com-povo-venezuelano","tag-jorge-jesus-rodriguez","tag-juan-guaido","tag-juan-guaido-afirma-ter-apoio-de-militares-para-derrubar-nicolas-maduro","tag-juan-guaido-concede-indulto-a-lider-oposicionista-da-venezuela","tag-luis-almagro","tag-nicolas-maduro","tag-oea","tag-relacoes-exteriores","tag-secretario-geral-da-oea-diz-que-apoia-adesao-de-militares-contra-nicolas-maduro","tag-tensao-na-venezuela","tag-turismo-e-cultura-da-venezuela","tag-venezuela"],"_links":{"self":[{"href":"https:\/\/aconteceunovale.com.br\/portal\/index.php?rest_route=\/wp\/v2\/posts\/148094","targetHints":{"allow":["GET"]}}],"collection":[{"href":"https:\/\/aconteceunovale.com.br\/portal\/index.php?rest_route=\/wp\/v2\/posts"}],"about":[{"href":"https:\/\/aconteceunovale.com.br\/portal\/index.php?rest_route=\/wp\/v2\/types\/post"}],"author":[{"embeddable":true,"href":"https:\/\/aconteceunovale.com.br\/portal\/index.php?rest_route=\/wp\/v2\/users\/1"}],"replies":[{"embeddable":true,"href":"https:\/\/aconteceunovale.com.br\/portal\/index.php?rest_route=%2Fwp%2Fv2%2Fcomments&post=148094"}],"version-history":[{"count":0,"href":"https:\/\/aconteceunovale.com.br\/portal\/index.php?rest_route=\/wp\/v2\/posts\/148094\/revisions"}],"wp:featuredmedia":[{"embeddable":true,"href":"https:\/\/aconteceunovale.com.br\/portal\/index.php?rest_route=\/wp\/v2\/media\/148095"}],"wp:attachment":[{"href":"https:\/\/aconteceunovale.com.br\/portal\/index.php?rest_route=%2Fwp%2Fv2%2Fmedia&parent=148094"}],"wp:term":[{"taxonomy":"category","embeddable":true,"href":"https:\/\/aconteceunovale.com.br\/portal\/index.php?rest_route=%2Fwp%2Fv2%2Fcategories&post=148094"},{"taxonomy":"post_tag","embeddable":true,"href":"https:\/\/aconteceunovale.com.br\/portal\/index.php?rest_route=%2Fwp%2Fv2%2Ftags&post=148094"}],"curies":[{"name":"wp","href":"https:\/\/api.w.org\/{rel}","templated":true}]}}