{"id":148080,"date":"2019-04-30T13:22:31","date_gmt":"2019-04-30T15:22:31","guid":{"rendered":"http:\/\/aconteceunovale.com.br\/portal\/?p=148080"},"modified":"2019-04-30T13:22:31","modified_gmt":"2019-04-30T15:22:31","slug":"garantia-safra-libera-recursos-para-produtores-do-norte-de-minas-e-vale-do-jequitinhonha","status":"publish","type":"post","link":"https:\/\/aconteceunovale.com.br\/portal\/?p=148080","title":{"rendered":"Garantia-Safra libera recursos para produtores do Norte de Minas e Vale do Jequitinhonha"},"content":{"rendered":"<p>J\u00e1 est\u00e3o dispon\u00edveis nos bancos, desde meados de abril, os recursos do Garantia-Safra para produtores do Norte de Minas Gerais e Vale do Jequitinhonha, que tiveram preju\u00edzos em suas lavouras na safra 2017\/2018.  O valor do benef\u00edcio \u00e9 de R$ 850, divido em cinco parcelas de R$ 170. Ser\u00e3o 17 munic\u00edpios mineiros beneficiados nessa etapa.<\/p>\n<p>Os recursos do programa foram liberados a partir da segunda quinzena de abril para os munic\u00edpios: Ara\u00e7ua\u00ed, Capit\u00e3o En\u00e9as, Coronel Murta, Curral de Dentro, Guaraciama, Ibia\u00ed, Indaiabira, Lontra, Mato Verde, Montezuma, Ninheira, Padre Carvalho, Pai Pedro, Santa Cruz de Salinas, S\u00e3o Jo\u00e3o do Para\u00edso, Vargem Grande do Rio Pardo e Virgem da Lapa. Anteriormente, outros munic\u00edpios que tiveram as suas perdas comprovadas foram contemplados.<\/p>\n<p>\u201cO programa \u00e9 importante para os agricultores usarem os recursos na entressafra para suas necessidades b\u00e1sicas\u201d, diz a coordenadora do Garantia-Safra em Minas Gerais, Eunice Ferreira Santos.<\/p>\n<p>T\u00eam direito ao benef\u00edcio os produtores inscritos no programa, que podem retir\u00e1-lo nas ag\u00eancias da Caixa Econ\u00f4mica Federal e casas lot\u00e9ricas com o cart\u00e3o Cidad\u00e3o. O dinheiro estar\u00e1 dispon\u00edvel sempre a partir da segunda quinzena de cada m\u00eas. De acordo com a coordenadora Eunice Santos, para avaliar quais munic\u00edpios tiveram perdas s\u00e3o utilizados quatro indicadores.<\/p>\n<p>\u201cS\u00e3o verificados laudos feitos pelos t\u00e9cnicos locais da Emater-MG, dados do Centro Nacional de Monitoramento e Alertas de Desastre Naturais, informa\u00e7\u00f5es do Instituto Nacional de Meteorologia e do IBGE. Enquanto esses dados n\u00e3o estiverem dispon\u00edveis, n\u00e3o \u00e9 poss\u00edvel avaliar as perdas nos munic\u00edpios\u201d, afirma.<\/p>\n<p><strong>Garantia-Safra<\/strong><\/p>\n<p>O programa \u00e9 uma a\u00e7\u00e3o voltada para agricultores familiares que se encontram em munic\u00edpios sujeitos a perdas de safra devido \u00e0 seca ou ao excesso de chuvas, localizados no Nordeste, Norte e nos Vales do Jequitinhonha e Mucuri de Minas Gerais, e regi\u00e3o Norte do Esp\u00edrito Santo. T\u00eam direito a receber o pagamento os agricultores que fizerem a ades\u00e3o ao programa e que tiverem comprovada perda de produ\u00e7\u00e3o igual ou superior a 50%.<\/p>\n<p>Em Minas Gerais, o Garantia-Safra \u00e9 operacionalizado pela Emater-MG, por meio de v\u00e1rias a\u00e7\u00f5es. Entre elas est\u00e3o o recebimento de inscri\u00e7\u00f5es, a emiss\u00e3o da Declara\u00e7\u00e3o de Aptid\u00e3o ao Pronaf (DAP) e a emiss\u00e3o dos laudos t\u00e9cnicos de verifica\u00e7\u00e3o do plantio. Al\u00e9m disso, a empresa mineira de extens\u00e3o rural apoia a divulga\u00e7\u00e3o do programa.<\/p>\n<p>Um exemplo \u00e9 a atua\u00e7\u00e3o da unidade regional da empresa em Salinas. Somente na \u00e1rea de atua\u00e7\u00e3o da unidade s\u00e3o 10.350 agricultores de 20 munic\u00edpios inscritos no programa, sendo que apenas 12 receberam o benef\u00edcio. De acordo com o gerente regional, Tiago Herbet, isso representa um total de 7.539 agricultores que n\u00e3o receberam, no primeiro momento, os recursos, com a justificativa de que nesses munic\u00edpios n\u00e3o ocorreram perdas nas lavouras acima de 50%.<\/p>\n<p>A Emater-MG mobilizou lideran\u00e7as pol\u00edticas, representantes dos agricultores familiares e t\u00e9cnicos do IBGE para uma reuni\u00e3o, com objetivo de coletar e analisar dados do relat\u00f3rio safra agr\u00edcola da empresa, relat\u00f3rios agroclimatol\u00f3gicos da regi\u00e3o e informa\u00e7\u00f5es do IBGE. Um documento t\u00e9cnico foi elaborado em conjunto, demonstrando que houve perdas acima de 50% nas lavouras da regi\u00e3o na safra 2017\/2018 em raz\u00e3o da estiagem. As informa\u00e7\u00f5es foram enviadas pelo IBGE para a coordena\u00e7\u00e3o estadual do Programa Garantia-Safra e a Comiss\u00e3o de Avalia\u00e7\u00e3o de Perdas do Garantia-Safra (CEAP-GS).<\/p>\n<p>\u201cComo resultado desse trabalho, a Comiss\u00e3o de Avalia\u00e7\u00e3o de Perdas do Garantia-Safra revisou os dados de dez munic\u00edpios e autorizou o pagamento do benef\u00edcio a 5.283 agricultores, disponibilizando recursos no valor R$ 4.490.550,00, o que representa muito para os benefici\u00e1rios do programa e para a economia local\u201d, diz o gerente.<\/p>\n<p><strong>VER PRIMEIRO<\/strong><\/p>\n<p>Receba as not\u00edcias do Aconteceu no Vale em primeira m\u00e3o. Clique em curtir no endere\u00e7o <a href=\"https:\/\/www.facebook.com\/aconteceunovale\" target=\"_blank\"><font color=\"red\">www.facebook.com\/aconteceunovale<\/font><\/a> ou no box abaixo:<\/p>\n<div class=\"fb-like\" data-href=\"https:\/\/www.facebook.com\/aconteceunovale\" data-width=\"120\" data-layout=\"standard\" data-action=\"like\" data-size=\"small\" data-show-faces=\"true\" data-share=\"true\"><\/div>\n<p><!-- Erro, o An\u00fancio n\u00e3o est\u00e1 dispon\u00edvel neste momento devido \u00e0s restri\u00e7\u00f5es de agendamento\/geolocaliza\u00e7\u00e3o! --><br \/>\n<\/br><\/p>\n<p><em>(Fonte: Ag\u00eancia Minas)<\/em><\/p>\n","protected":false},"excerpt":{"rendered":"<p>J\u00e1 est\u00e3o dispon\u00edveis nos bancos, desde meados de abril, os recursos do Garantia-Safra para produtores do Norte de Minas Gerais e Vale do Jequitinhonha, que tiveram preju\u00edzos em suas lavouras na safra 2017\/2018. O valor do benef\u00edcio \u00e9 de R$ 850, divido em cinco parcelas de R$ 170. Ser\u00e3o 17 munic\u00edpios mineiros beneficiados nessa etapa. [&hellip;]<\/p>\n","protected":false},"author":1,"featured_media":148081,"comment_status":"open","ping_status":"closed","sticky":false,"template":"","format":"standard","meta":{"amp_status":"","footnotes":""},"categories":[1236,120],"tags":[186,1429,483,1702,1018,25775,5294,120209,201225,201224,201223,201221,201222,1694,1695,3557,1796,1195,1009,1804,877,3059,927,1403,3046,482],"class_list":["post-148080","post","type-post","status-publish","format-standard","has-post-thumbnail","hentry","category-norte_de_minas","category-jequi","tag-aracuai","tag-capitao-eneas","tag-coronel-murta","tag-curral-de-dentro","tag-destaque","tag-emater-mg","tag-garantia-safra","tag-garantia-safra-em-minas-gerais","tag-garantia-safra-libera-recursos-para-produtores-do-norte-de-minas-e-vale-do-jequitinhonha","tag-garantia-safra-libera-recursos-para-produtores-do-norte-de-minas-gerais-e-vale-do-jequitinhonha","tag-garantia-safra-norte-de-minas","tag-garantia-safra-para-produtores-da-regiao-norte-de-minas-gerais","tag-garantia-safra-para-produtores-do-norte-de-minas-gerais","tag-guaraciama","tag-ibiai","tag-indaiabira","tag-lontra","tag-mato-verde","tag-montezuma","tag-ninheira","tag-padre-carvalho","tag-pai-pedro","tag-santa-cruz-de-salinas","tag-sao-joao-do-paraiso","tag-vargem-grande-do-rio-pardo","tag-virgem-da-lapa"],"_links":{"self":[{"href":"https:\/\/aconteceunovale.com.br\/portal\/index.php?rest_route=\/wp\/v2\/posts\/148080","targetHints":{"allow":["GET"]}}],"collection":[{"href":"https:\/\/aconteceunovale.com.br\/portal\/index.php?rest_route=\/wp\/v2\/posts"}],"about":[{"href":"https:\/\/aconteceunovale.com.br\/portal\/index.php?rest_route=\/wp\/v2\/types\/post"}],"author":[{"embeddable":true,"href":"https:\/\/aconteceunovale.com.br\/portal\/index.php?rest_route=\/wp\/v2\/users\/1"}],"replies":[{"embeddable":true,"href":"https:\/\/aconteceunovale.com.br\/portal\/index.php?rest_route=%2Fwp%2Fv2%2Fcomments&post=148080"}],"version-history":[{"count":0,"href":"https:\/\/aconteceunovale.com.br\/portal\/index.php?rest_route=\/wp\/v2\/posts\/148080\/revisions"}],"wp:featuredmedia":[{"embeddable":true,"href":"https:\/\/aconteceunovale.com.br\/portal\/index.php?rest_route=\/wp\/v2\/media\/148081"}],"wp:attachment":[{"href":"https:\/\/aconteceunovale.com.br\/portal\/index.php?rest_route=%2Fwp%2Fv2%2Fmedia&parent=148080"}],"wp:term":[{"taxonomy":"category","embeddable":true,"href":"https:\/\/aconteceunovale.com.br\/portal\/index.php?rest_route=%2Fwp%2Fv2%2Fcategories&post=148080"},{"taxonomy":"post_tag","embeddable":true,"href":"https:\/\/aconteceunovale.com.br\/portal\/index.php?rest_route=%2Fwp%2Fv2%2Ftags&post=148080"}],"curies":[{"name":"wp","href":"https:\/\/api.w.org\/{rel}","templated":true}]}}