{"id":148078,"date":"2019-04-30T13:18:28","date_gmt":"2019-04-30T15:18:28","guid":{"rendered":"http:\/\/aconteceunovale.com.br\/portal\/?p=148078"},"modified":"2019-04-30T13:18:28","modified_gmt":"2019-04-30T15:18:28","slug":"chanceler-brasileiro-espera-evolucao-democratica-na-venezuela","status":"publish","type":"post","link":"https:\/\/aconteceunovale.com.br\/portal\/?p=148078","title":{"rendered":"Chanceler brasileiro espera evolu\u00e7\u00e3o democr\u00e1tica na Venezuela"},"content":{"rendered":"<p>O ministro brasileiro das Rela\u00e7\u00f5es Exteriores, Ernesto Ara\u00fajo, disse hoje (30) que o Brasil continua tendo uma perspectiva concreta de que haja uma \u201cevolu\u00e7\u00e3o democr\u00e1tica na Venezuela\u201d a partir de press\u00f5es diplom\u00e1ticas e pol\u00edticas e tamb\u00e9m com \u201csan\u00e7\u00f5es econ\u00f4micas\u201d da comunidade internacional.<br \/>\n<center><br \/>\n<!-- Erro, o An\u00fancio n\u00e3o est\u00e1 dispon\u00edvel neste momento devido \u00e0s restri\u00e7\u00f5es de agendamento\/geolocaliza\u00e7\u00e3o! --><br \/>\n<\/br><br \/>\n<\/center><br \/>\nA manifesta\u00e7\u00e3o de Ernesto Ara\u00fajo foi durante entrevista \u00e0 imprensa ao lado do ministro das Rela\u00e7\u00f5es Exteriores da Alemanha, Heiko Mass, no Pal\u00e1cio do Itamaraty. \u201cNossa posi\u00e7\u00e3o \u00e9 de apoio ao processo de transi\u00e7\u00e3o e esperamos que todas as for\u00e7as venezuelanas atendam a esse chamado pela democracia\u201d, disse Ernesto Ara\u00fajo.<\/p>\n<p>O ministro disse que o governo brasileiro est\u00e1 reunindo informa\u00e7\u00f5es sobre a movimenta\u00e7\u00e3o de hoje (30) na Venezuela para tomar uma posi\u00e7\u00e3o mais clara sobre a quest\u00e3o. \u201cAs informa\u00e7\u00f5es chegam a cada minuto\u201d, ressaltou. Ele disse que conversou nessa segunda-feira (29) contato com autoridades norte-americanas sobre situa\u00e7\u00e3o no pa\u00eds vizinho. O ministro Ara\u00fajo frisou que, pelo menos com rela\u00e7\u00e3o \u00e0 parte brasileira, n\u00e3o havia ainda informa\u00e7\u00f5es sobre o deslocamento na manh\u00e3 de hoje (30) dos l\u00edderes da oposi\u00e7\u00e3o e do preso pol\u00edtico Leopoldo L\u00f3pez para a base a\u00e9rea de La Carlota, em Caracas, onde anunciaram o apoio de militares na luta contra o regime de Nicol\u00e1s Maduro.<\/p>\n<p><strong>Visita do ministro da Alemanha<\/strong><\/p>\n<p>O ministro das Rela\u00e7\u00f5es Exteriores da Alemanha, Heiko Mass, desembarcou no Brasil nessa segunda-feira (29). O primeiro compromisso oficial do ministro foi em Salvador (BA), onde participou no Instituto Goethe do primeiro evento da Rede de Mulheres, entidade que re\u00fane organiza\u00e7\u00f5es e personalidades engajadas em a\u00e7\u00f5es que buscam uma sociedade com mais igualdade de oportunidades entre mulheres e homens.<\/p>\n<p><strong>VER PRIMEIRO<\/strong><\/p>\n<p>Receba as not\u00edcias do Aconteceu no Vale em primeira m\u00e3o. Clique em curtir no endere\u00e7o <a href=\"https:\/\/www.facebook.com\/aconteceunovale\" target=\"_blank\"><font color=\"red\">www.facebook.com\/aconteceunovale<\/font><\/a> ou no box abaixo:<\/p>\n<div class=\"fb-like\" data-href=\"https:\/\/www.facebook.com\/aconteceunovale\" data-width=\"120\" data-layout=\"standard\" data-action=\"like\" data-size=\"small\" data-show-faces=\"true\" data-share=\"true\"><\/div>\n<p><!-- Erro, o An\u00fancio n\u00e3o est\u00e1 dispon\u00edvel neste momento devido \u00e0s restri\u00e7\u00f5es de agendamento\/geolocaliza\u00e7\u00e3o! --><br \/>\n<\/br><\/p>\n<p><em>(Fonte: Ag\u00eancia Brasil)<\/em><\/p>\n","protected":false},"excerpt":{"rendered":"<p>O ministro brasileiro das Rela\u00e7\u00f5es Exteriores, Ernesto Ara\u00fajo, disse hoje (30) que o Brasil continua tendo uma perspectiva concreta de que haja uma \u201cevolu\u00e7\u00e3o democr\u00e1tica na Venezuela\u201d a partir de press\u00f5es diplom\u00e1ticas e pol\u00edticas e tamb\u00e9m com \u201csan\u00e7\u00f5es econ\u00f4micas\u201d da comunidade internacional. A manifesta\u00e7\u00e3o de Ernesto Ara\u00fajo foi durante entrevista \u00e0 imprensa ao lado do [&hellip;]<\/p>\n","protected":false},"author":1,"featured_media":145799,"comment_status":"open","ping_status":"closed","sticky":false,"template":"","format":"standard","meta":{"amp_status":"","footnotes":""},"categories":[6,28848,40240],"tags":[201202,201220,201198,186185,80312,201216,87009,201201,201200,201214,201199,201213,193237,201197,201218,201215,28596,109693,201219,201217,193239,201212,18922],"class_list":["post-148078","post","type-post","status-publish","format-standard","has-post-thumbnail","hentry","category-br","category-mundo","category-politica-2","tag-apoio-militares","tag-chanceler-brasileiro-espera-evolucao-democratica-na-venezuela","tag-clima-na-venezuela","tag-ernesto-araujo","tag-forcas-armadas","tag-forcas-armadas-da-venezuela","tag-golpe-de-estado","tag-golpe-de-estado-na-venezuela","tag-golpe-na-venezuela","tag-governo-de-nicolas-maduro-busca-desarticular-tentativa-de-golpe-de-estado","tag-guerra-na-venezuela","tag-jorge-jesus-rodriguez","tag-juan-guaido","tag-juan-guaido-afirma-ter-apoio-de-militares-para-derrubar-nicolas-maduro","tag-juan-guaido-concede-indulto-a-lider-oposicionista-da-venezuela","tag-luis-almagro","tag-nicolas-maduro","tag-oea","tag-relacoes-exteriores","tag-secretario-geral-da-oea-diz-que-apoia-adesao-de-militares-contra-nicolas-maduro","tag-tensao-na-venezuela","tag-turismo-e-cultura-da-venezuela","tag-venezuela"],"_links":{"self":[{"href":"https:\/\/aconteceunovale.com.br\/portal\/index.php?rest_route=\/wp\/v2\/posts\/148078","targetHints":{"allow":["GET"]}}],"collection":[{"href":"https:\/\/aconteceunovale.com.br\/portal\/index.php?rest_route=\/wp\/v2\/posts"}],"about":[{"href":"https:\/\/aconteceunovale.com.br\/portal\/index.php?rest_route=\/wp\/v2\/types\/post"}],"author":[{"embeddable":true,"href":"https:\/\/aconteceunovale.com.br\/portal\/index.php?rest_route=\/wp\/v2\/users\/1"}],"replies":[{"embeddable":true,"href":"https:\/\/aconteceunovale.com.br\/portal\/index.php?rest_route=%2Fwp%2Fv2%2Fcomments&post=148078"}],"version-history":[{"count":0,"href":"https:\/\/aconteceunovale.com.br\/portal\/index.php?rest_route=\/wp\/v2\/posts\/148078\/revisions"}],"wp:featuredmedia":[{"embeddable":true,"href":"https:\/\/aconteceunovale.com.br\/portal\/index.php?rest_route=\/wp\/v2\/media\/145799"}],"wp:attachment":[{"href":"https:\/\/aconteceunovale.com.br\/portal\/index.php?rest_route=%2Fwp%2Fv2%2Fmedia&parent=148078"}],"wp:term":[{"taxonomy":"category","embeddable":true,"href":"https:\/\/aconteceunovale.com.br\/portal\/index.php?rest_route=%2Fwp%2Fv2%2Fcategories&post=148078"},{"taxonomy":"post_tag","embeddable":true,"href":"https:\/\/aconteceunovale.com.br\/portal\/index.php?rest_route=%2Fwp%2Fv2%2Ftags&post=148078"}],"curies":[{"name":"wp","href":"https:\/\/api.w.org\/{rel}","templated":true}]}}