{"id":148075,"date":"2019-04-30T13:13:15","date_gmt":"2019-04-30T15:13:15","guid":{"rendered":"http:\/\/aconteceunovale.com.br\/portal\/?p=148075"},"modified":"2019-04-30T13:13:15","modified_gmt":"2019-04-30T15:13:15","slug":"juan-guaido-concede-indulto-a-lider-oposicionista-da-venezuela","status":"publish","type":"post","link":"https:\/\/aconteceunovale.com.br\/portal\/?p=148075","title":{"rendered":"Juan Guaid\u00f3 concede indulto a l\u00edder oposicionista da Venezuela"},"content":{"rendered":"<p>O l\u00edder oposicionista venezuelano Leopoldo L\u00f3pez voltou, hoje (30), a participar de uma manifesta\u00e7\u00e3o contra o governo do presidente Nicol\u00e1s Maduro. Condenado a 13 anos e nove meses de pris\u00e3o domiciliar em setembro de 2015, L\u00f3pez foi liberado por militares, gra\u00e7as a um indulto presidencial concedido pelo presidente da Assembleia Nacional e autodeclarado presidente interino, o deputado venezuelano Juan Guaid\u00f3.<br \/>\n<center><br \/>\n<!-- Erro, o An\u00fancio n\u00e3o est\u00e1 dispon\u00edvel neste momento devido \u00e0s restri\u00e7\u00f5es de agendamento\/geolocaliza\u00e7\u00e3o! --><br \/>\n<\/br><br \/>\n<\/center><br \/>\nNo Twitter, L\u00f3pez se referiu ao an\u00fancio feito por Guaid\u00f3 &#8211; que afirma ter obtido o apoio de oficiais das For\u00e7as Armadas para tirar Maduro do poder e conclamou a popula\u00e7\u00e3o a sair \u00e0s ruas \u2013 como o \u201cin\u00edcio da fase definitiva para o fim da usurpa\u00e7\u00e3o\u201d do poder pelo grupo chavista de Maduro. \u201c\u00c9 a hora de conquistar a liberdade. Vamos todos nos mobilizarmos\u201d, disse L\u00f3pez.<\/p>\n<p>Formado em Economia nos Estados Unidos, L\u00f3pez foi condenado pela acusa\u00e7\u00e3o de &#8220;incitamento \u00e0 desordem p\u00fablica, associa\u00e7\u00e3o criminosa, atentados \u00e0 propriedade e inc\u00eandio&#8221;.<\/p>\n<p>As acusa\u00e7\u00f5es est\u00e3o relacionadas a acontecimentos violentos registrados ao fim das manifesta\u00e7\u00f5es contr\u00e1rias ao governo de Nicol\u00e1s Maduro, no dia 12 de fevereiro de 2014. Tr\u00eas pessoas morreram durante estes protestos.<\/p>\n<p>A partir da divulga\u00e7\u00e3o do an\u00fancio de Guaid\u00f3 pelas redes sociais, milhares de venezuelanos contr\u00e1rios e favor\u00e1veis a Maduro tomaram as ruas da capital, Caracas, e de outras cidades venezuelanas.<\/p>\n<p>Guaid\u00f3 batizou a a\u00e7\u00e3o como Opera\u00e7\u00e3o Liberdade. Segundo sites de not\u00edcias venezuelanos, h\u00e1 relatos de confrontos entre manifestantes e for\u00e7as de seguran\u00e7a \u2013 at\u00e9 o momento, sem informa\u00e7\u00e3o de feridos.<\/p>\n<p>Segundo o ministro da Defesa Vladimir Padrino, os quart\u00e9is venezuelanos seguem funcionando normalmente e as For\u00e7as Armadas se mant\u00eam \u201cfirmes na defesa da Constitui\u00e7\u00e3o\u201d.<\/p>\n<p><strong>VER PRIMEIRO<\/strong><\/p>\n<p>Receba as not\u00edcias do Aconteceu no Vale em primeira m\u00e3o. Clique em curtir no endere\u00e7o <a href=\"https:\/\/www.facebook.com\/aconteceunovale\" target=\"_blank\"><font color=\"red\">www.facebook.com\/aconteceunovale<\/font><\/a> ou no box abaixo:<\/p>\n<div class=\"fb-like\" data-href=\"https:\/\/www.facebook.com\/aconteceunovale\" data-width=\"120\" data-layout=\"standard\" data-action=\"like\" data-size=\"small\" data-show-faces=\"true\" data-share=\"true\"><\/div>\n<p><!-- Erro, o An\u00fancio n\u00e3o est\u00e1 dispon\u00edvel neste momento devido \u00e0s restri\u00e7\u00f5es de agendamento\/geolocaliza\u00e7\u00e3o! --><br \/>\n<\/br><\/p>\n<p><em>(Fonte: Ag\u00eancia Brasil)<\/em><\/p>\n","protected":false},"excerpt":{"rendered":"<p>O l\u00edder oposicionista venezuelano Leopoldo L\u00f3pez voltou, hoje (30), a participar de uma manifesta\u00e7\u00e3o contra o governo do presidente Nicol\u00e1s Maduro. Condenado a 13 anos e nove meses de pris\u00e3o domiciliar em setembro de 2015, L\u00f3pez foi liberado por militares, gra\u00e7as a um indulto presidencial concedido pelo presidente da Assembleia Nacional e autodeclarado presidente interino, [&hellip;]<\/p>\n","protected":false},"author":1,"featured_media":148076,"comment_status":"open","ping_status":"closed","sticky":false,"template":"","format":"standard","meta":{"amp_status":"","footnotes":""},"categories":[28848],"tags":[201202,201198,80312,201216,87009,201201,201200,201214,201199,201213,193237,201197,201218,201215,28596,109693,201217,193239,201212,18922],"class_list":["post-148075","post","type-post","status-publish","format-standard","has-post-thumbnail","hentry","category-mundo","tag-apoio-militares","tag-clima-na-venezuela","tag-forcas-armadas","tag-forcas-armadas-da-venezuela","tag-golpe-de-estado","tag-golpe-de-estado-na-venezuela","tag-golpe-na-venezuela","tag-governo-de-nicolas-maduro-busca-desarticular-tentativa-de-golpe-de-estado","tag-guerra-na-venezuela","tag-jorge-jesus-rodriguez","tag-juan-guaido","tag-juan-guaido-afirma-ter-apoio-de-militares-para-derrubar-nicolas-maduro","tag-juan-guaido-concede-indulto-a-lider-oposicionista-da-venezuela","tag-luis-almagro","tag-nicolas-maduro","tag-oea","tag-secretario-geral-da-oea-diz-que-apoia-adesao-de-militares-contra-nicolas-maduro","tag-tensao-na-venezuela","tag-turismo-e-cultura-da-venezuela","tag-venezuela"],"_links":{"self":[{"href":"https:\/\/aconteceunovale.com.br\/portal\/index.php?rest_route=\/wp\/v2\/posts\/148075","targetHints":{"allow":["GET"]}}],"collection":[{"href":"https:\/\/aconteceunovale.com.br\/portal\/index.php?rest_route=\/wp\/v2\/posts"}],"about":[{"href":"https:\/\/aconteceunovale.com.br\/portal\/index.php?rest_route=\/wp\/v2\/types\/post"}],"author":[{"embeddable":true,"href":"https:\/\/aconteceunovale.com.br\/portal\/index.php?rest_route=\/wp\/v2\/users\/1"}],"replies":[{"embeddable":true,"href":"https:\/\/aconteceunovale.com.br\/portal\/index.php?rest_route=%2Fwp%2Fv2%2Fcomments&post=148075"}],"version-history":[{"count":0,"href":"https:\/\/aconteceunovale.com.br\/portal\/index.php?rest_route=\/wp\/v2\/posts\/148075\/revisions"}],"wp:featuredmedia":[{"embeddable":true,"href":"https:\/\/aconteceunovale.com.br\/portal\/index.php?rest_route=\/wp\/v2\/media\/148076"}],"wp:attachment":[{"href":"https:\/\/aconteceunovale.com.br\/portal\/index.php?rest_route=%2Fwp%2Fv2%2Fmedia&parent=148075"}],"wp:term":[{"taxonomy":"category","embeddable":true,"href":"https:\/\/aconteceunovale.com.br\/portal\/index.php?rest_route=%2Fwp%2Fv2%2Fcategories&post=148075"},{"taxonomy":"post_tag","embeddable":true,"href":"https:\/\/aconteceunovale.com.br\/portal\/index.php?rest_route=%2Fwp%2Fv2%2Ftags&post=148075"}],"curies":[{"name":"wp","href":"https:\/\/api.w.org\/{rel}","templated":true}]}}