{"id":148072,"date":"2019-04-30T12:38:05","date_gmt":"2019-04-30T14:38:05","guid":{"rendered":"http:\/\/aconteceunovale.com.br\/portal\/?p=148072"},"modified":"2019-04-30T12:38:05","modified_gmt":"2019-04-30T14:38:05","slug":"secretario-geral-da-oea-diz-que-apoia-adesao-de-militares-contra-nicolas-maduro","status":"publish","type":"post","link":"https:\/\/aconteceunovale.com.br\/portal\/?p=148072","title":{"rendered":"Secret\u00e1rio-geral da OEA diz que apoia ades\u00e3o de militares contra Nicol\u00e1s Maduro"},"content":{"rendered":"<p>O secret\u00e1rio-geral da Organiza\u00e7\u00e3o dos Estados Americanos (OEA), Luis Almagro, manifestou apoio \u00e0 poss\u00edvel ades\u00e3o de oficiais das For\u00e7as Armadas da Venezuela ao movimento que tenta derrubar o presidente venezuelano Nicol\u00e1s Maduro e permitir que o presidente da Assembleia Nacional, o deputado venezuelano Juan Guaid\u00f3, assuma interinamente o poder.<br \/>\n<center><br \/>\n<!-- Erro, o An\u00fancio n\u00e3o est\u00e1 dispon\u00edvel neste momento devido \u00e0s restri\u00e7\u00f5es de agendamento\/geolocaliza\u00e7\u00e3o! --><br \/>\n<\/br><br \/>\n<\/center><br \/>\n\u201cSaudamos a ades\u00e3o de militares \u00e0 Constitui\u00e7\u00e3o e ao [autodeclarado] presidente Juan Guaid\u00f3. \u00c9 necess\u00e1rio o mais pleno respaldo ao processo de transi\u00e7\u00e3o democr\u00e1tica de forma pac\u00edfica\u201d, escreveu Almagro, nas redes sociais.<\/p>\n<p>A mensagem do secret\u00e1rio-geral da OEA foi divulgada poucos instantes ap\u00f3s Guaid\u00f3 divulgar uma mensagem em v\u00eddeo afirmando ter obtido o apoio de oficiais das For\u00e7as Armadas para tirar o presidente Nicol\u00e1s Maduro do poder. No mesmo v\u00eddeo, Guaid\u00f3 conclama a popula\u00e7\u00e3o a sair \u00e0s ruas para se manifestar contra o governo de Maduro. A partir da\u00ed, milhares de venezuelanos contr\u00e1rios e favor\u00e1veis a Maduro tomaram as ruas da capital, Caracas, e de outras cidades venezuelanas.<\/p>\n<p>Segundo sites de not\u00edcias do pa\u00eds, h\u00e1 relatos de confrontos entre manifestantes e for\u00e7as de seguran\u00e7a \u2013 at\u00e9 o momento, sem informa\u00e7\u00e3o de feridos.<\/p>\n<p>O governo brasileiro ainda n\u00e3o se pronunciou oficialmente sobre a situa\u00e7\u00e3o. O presidente Jair Bolsonaro vai reunir no in\u00edcio da tarde de hoje (30) ministros de Estado e o vice-presidente Hamilton Mour\u00e3o, no Pal\u00e1cio do Planalto, para tratar da situa\u00e7\u00e3o na Venezuela. Devem participar os ministros das Rela\u00e7\u00f5es Exteriores, Ernesto Ara\u00fajo, da Defesa, Fernando Azevedo, e do Gabinete de Seguran\u00e7a Institucional (GSI), general Augusto Heleno.<\/p>\n<p>H\u00e1 pouco, o chanceler brasileiro, Ernesto Ara\u00fajo, disse que o governo brasileiro est\u00e1 reunindo informa\u00e7\u00f5es sobre o que est\u00e1 ocorrendo na Venezuela. \u201cPrecisamos ver a dimens\u00e3o disso\u201d, afirmou.<\/p>\n<p><img decoding=\"async\" src=\"http:\/\/aconteceunovale.com.br\/portal\/wp-content\/uploads\/2019\/04\/secretario_oea.jpg\" alt=\"\" \/><em>Foto: Antonio Cruz\/ Ag\u00eancia Brasil<\/em><br \/>\n<\/br><\/p>\n<p><strong>VER PRIMEIRO<\/strong><\/p>\n<p>Receba as not\u00edcias do Aconteceu no Vale em primeira m\u00e3o. Clique em curtir no endere\u00e7o <a href=\"https:\/\/www.facebook.com\/aconteceunovale\" target=\"_blank\"><font color=\"red\">www.facebook.com\/aconteceunovale<\/font><\/a> ou no box abaixo:<\/p>\n<div class=\"fb-like\" data-href=\"https:\/\/www.facebook.com\/aconteceunovale\" data-width=\"120\" data-layout=\"standard\" data-action=\"like\" data-size=\"small\" data-show-faces=\"true\" data-share=\"true\"><\/div>\n<p><!-- Erro, o An\u00fancio n\u00e3o est\u00e1 dispon\u00edvel neste momento devido \u00e0s restri\u00e7\u00f5es de agendamento\/geolocaliza\u00e7\u00e3o! --><br \/>\n<\/br><\/p>\n<p><em>(Fonte: Ag\u00eancia Brasil)<\/em><\/p>\n","protected":false},"excerpt":{"rendered":"<p>O secret\u00e1rio-geral da Organiza\u00e7\u00e3o dos Estados Americanos (OEA), Luis Almagro, manifestou apoio \u00e0 poss\u00edvel ades\u00e3o de oficiais das For\u00e7as Armadas da Venezuela ao movimento que tenta derrubar o presidente venezuelano Nicol\u00e1s Maduro e permitir que o presidente da Assembleia Nacional, o deputado venezuelano Juan Guaid\u00f3, assuma interinamente o poder. \u201cSaudamos a ades\u00e3o de militares \u00e0 [&hellip;]<\/p>\n","protected":false},"author":1,"featured_media":148073,"comment_status":"open","ping_status":"closed","sticky":false,"template":"","format":"standard","meta":{"amp_status":"","footnotes":""},"categories":[28848],"tags":[201202,201198,80312,201216,87009,201201,201200,201214,201199,201213,193237,201197,201215,28596,109693,201217,193239,201212,18922],"class_list":["post-148072","post","type-post","status-publish","format-standard","has-post-thumbnail","hentry","category-mundo","tag-apoio-militares","tag-clima-na-venezuela","tag-forcas-armadas","tag-forcas-armadas-da-venezuela","tag-golpe-de-estado","tag-golpe-de-estado-na-venezuela","tag-golpe-na-venezuela","tag-governo-de-nicolas-maduro-busca-desarticular-tentativa-de-golpe-de-estado","tag-guerra-na-venezuela","tag-jorge-jesus-rodriguez","tag-juan-guaido","tag-juan-guaido-afirma-ter-apoio-de-militares-para-derrubar-nicolas-maduro","tag-luis-almagro","tag-nicolas-maduro","tag-oea","tag-secretario-geral-da-oea-diz-que-apoia-adesao-de-militares-contra-nicolas-maduro","tag-tensao-na-venezuela","tag-turismo-e-cultura-da-venezuela","tag-venezuela"],"_links":{"self":[{"href":"https:\/\/aconteceunovale.com.br\/portal\/index.php?rest_route=\/wp\/v2\/posts\/148072","targetHints":{"allow":["GET"]}}],"collection":[{"href":"https:\/\/aconteceunovale.com.br\/portal\/index.php?rest_route=\/wp\/v2\/posts"}],"about":[{"href":"https:\/\/aconteceunovale.com.br\/portal\/index.php?rest_route=\/wp\/v2\/types\/post"}],"author":[{"embeddable":true,"href":"https:\/\/aconteceunovale.com.br\/portal\/index.php?rest_route=\/wp\/v2\/users\/1"}],"replies":[{"embeddable":true,"href":"https:\/\/aconteceunovale.com.br\/portal\/index.php?rest_route=%2Fwp%2Fv2%2Fcomments&post=148072"}],"version-history":[{"count":0,"href":"https:\/\/aconteceunovale.com.br\/portal\/index.php?rest_route=\/wp\/v2\/posts\/148072\/revisions"}],"wp:featuredmedia":[{"embeddable":true,"href":"https:\/\/aconteceunovale.com.br\/portal\/index.php?rest_route=\/wp\/v2\/media\/148073"}],"wp:attachment":[{"href":"https:\/\/aconteceunovale.com.br\/portal\/index.php?rest_route=%2Fwp%2Fv2%2Fmedia&parent=148072"}],"wp:term":[{"taxonomy":"category","embeddable":true,"href":"https:\/\/aconteceunovale.com.br\/portal\/index.php?rest_route=%2Fwp%2Fv2%2Fcategories&post=148072"},{"taxonomy":"post_tag","embeddable":true,"href":"https:\/\/aconteceunovale.com.br\/portal\/index.php?rest_route=%2Fwp%2Fv2%2Ftags&post=148072"}],"curies":[{"name":"wp","href":"https:\/\/api.w.org\/{rel}","templated":true}]}}