{"id":148063,"date":"2019-04-30T12:23:51","date_gmt":"2019-04-30T14:23:51","guid":{"rendered":"http:\/\/aconteceunovale.com.br\/portal\/?p=148063"},"modified":"2019-04-30T12:23:51","modified_gmt":"2019-04-30T14:23:51","slug":"corpo-da-modelo-caroline-bittencourt-e-velado-em-embu-das-artes","status":"publish","type":"post","link":"https:\/\/aconteceunovale.com.br\/portal\/?p=148063","title":{"rendered":"Corpo da modelo Caroline Bittencourt \u00e9 velado em Embu das Artes"},"content":{"rendered":"<p>O corpo da modelo Caroline Bittencourt, encontrado na tarde de ontem (29), perto da praia das Cigarras, em S\u00e3o Sebasti\u00e3o, no litoral norte paulista, est\u00e1 sendo velado na cidade de Embu das Artes. A modelo foi v\u00edtima de tempestade que atingiu o litoral no \u00faltimo domingo. Ela estava em uma embarca\u00e7\u00e3o com o marido, Jorge Sestini, e caiu no mar.<br \/>\n<center><br \/>\n<!-- Erro, o An\u00fancio n\u00e3o est\u00e1 dispon\u00edvel neste momento devido \u00e0s restri\u00e7\u00f5es de agendamento\/geolocaliza\u00e7\u00e3o! --><br \/>\n<\/br><br \/>\n<\/center><br \/>\nEm S\u00e3o Vicente as chuvas acompanhadas de ventania deixaram uma idosa morta ap\u00f3s ser atingida por uma \u00e1rvore. Um ambulante, de 72 anos, foi atingido e encaminhado para o Hospital Municipal de S\u00e3o Vicente, com ferimentos, hematomas e fratura na costela.<\/p>\n<p>Em Santos, um homem de 35 anos foi atingido por uma \u00e1rvore. Ele foi resgatado pelo SAMU e encaminhado \u00e0 Santa Casa em situa\u00e7\u00e3o est\u00e1vel. De acordo com a Prefeitura, ventos de 82 km\/h com rajadas de at\u00e9 150 km\/h atingiram a cidade, resultando pelo menos 31 quedas de \u00e1rvores e interdi\u00e7\u00f5es no tr\u00e2nsito devido \u00e0 falta de energia el\u00e9trica, com sem\u00e1foros apagados e intermitentes.<\/p>\n<p><img decoding=\"async\" src=\"http:\/\/aconteceunovale.com.br\/portal\/wp-content\/uploads\/2019\/04\/caroline_bittencourt.jpeg\" alt=\"\" \/><em>Caroline Bittencourt &#8211; Foto: Reprodu\u00e7\u00e3o<\/em><br \/>\n<\/br><\/p>\n<p><strong>VER PRIMEIRO<\/strong><\/p>\n<p>Receba as not\u00edcias do Aconteceu no Vale em primeira m\u00e3o. Clique em curtir no endere\u00e7o <a href=\"https:\/\/www.facebook.com\/aconteceunovale\" target=\"_blank\"><font color=\"red\">www.facebook.com\/aconteceunovale<\/font><\/a> ou no box abaixo:<\/p>\n<div class=\"fb-like\" data-href=\"https:\/\/www.facebook.com\/aconteceunovale\" data-width=\"120\" data-layout=\"standard\" data-action=\"like\" data-size=\"small\" data-show-faces=\"true\" data-share=\"true\"><\/div>\n<p><!-- Erro, o An\u00fancio n\u00e3o est\u00e1 dispon\u00edvel neste momento devido \u00e0s restri\u00e7\u00f5es de agendamento\/geolocaliza\u00e7\u00e3o! --><br \/>\n<\/br><\/p>\n<p><em>(Fonte: Ag\u00eancia Brasil)<\/em><\/p>\n","protected":false},"excerpt":{"rendered":"<p>O corpo da modelo Caroline Bittencourt, encontrado na tarde de ontem (29), perto da praia das Cigarras, em S\u00e3o Sebasti\u00e3o, no litoral norte paulista, est\u00e1 sendo velado na cidade de Embu das Artes. A modelo foi v\u00edtima de tempestade que atingiu o litoral no \u00faltimo domingo. Ela estava em uma embarca\u00e7\u00e3o com o marido, Jorge [&hellip;]<\/p>\n","protected":false},"author":1,"featured_media":148064,"comment_status":"open","ping_status":"closed","sticky":false,"template":"","format":"standard","meta":{"amp_status":"","footnotes":""},"categories":[6],"tags":[201203,201210,201209,149143,201205,201206,201204,201208,27457,1190,201207],"class_list":["post-148063","post","type-post","status-publish","format-standard","has-post-thumbnail","hentry","category-br","tag-caroline-bittencourt","tag-corpo-da-modelo","tag-corpo-da-modelo-caroline-bittencourt-e-velado-em-embu-das-artes","tag-embu-das-artes","tag-modelo-caroline-bittencourt","tag-morre-caroline-bittencourt","tag-morte-de-caroline-bittencourt","tag-praia-das-cigarras","tag-sao-sebastiao","tag-temporal","tag-velorio-caroline-bittencourt"],"_links":{"self":[{"href":"https:\/\/aconteceunovale.com.br\/portal\/index.php?rest_route=\/wp\/v2\/posts\/148063","targetHints":{"allow":["GET"]}}],"collection":[{"href":"https:\/\/aconteceunovale.com.br\/portal\/index.php?rest_route=\/wp\/v2\/posts"}],"about":[{"href":"https:\/\/aconteceunovale.com.br\/portal\/index.php?rest_route=\/wp\/v2\/types\/post"}],"author":[{"embeddable":true,"href":"https:\/\/aconteceunovale.com.br\/portal\/index.php?rest_route=\/wp\/v2\/users\/1"}],"replies":[{"embeddable":true,"href":"https:\/\/aconteceunovale.com.br\/portal\/index.php?rest_route=%2Fwp%2Fv2%2Fcomments&post=148063"}],"version-history":[{"count":0,"href":"https:\/\/aconteceunovale.com.br\/portal\/index.php?rest_route=\/wp\/v2\/posts\/148063\/revisions"}],"wp:featuredmedia":[{"embeddable":true,"href":"https:\/\/aconteceunovale.com.br\/portal\/index.php?rest_route=\/wp\/v2\/media\/148064"}],"wp:attachment":[{"href":"https:\/\/aconteceunovale.com.br\/portal\/index.php?rest_route=%2Fwp%2Fv2%2Fmedia&parent=148063"}],"wp:term":[{"taxonomy":"category","embeddable":true,"href":"https:\/\/aconteceunovale.com.br\/portal\/index.php?rest_route=%2Fwp%2Fv2%2Fcategories&post=148063"},{"taxonomy":"post_tag","embeddable":true,"href":"https:\/\/aconteceunovale.com.br\/portal\/index.php?rest_route=%2Fwp%2Fv2%2Ftags&post=148063"}],"curies":[{"name":"wp","href":"https:\/\/api.w.org\/{rel}","templated":true}]}}