{"id":148060,"date":"2019-04-30T12:19:41","date_gmt":"2019-04-30T14:19:41","guid":{"rendered":"http:\/\/aconteceunovale.com.br\/portal\/?p=148060"},"modified":"2019-04-30T12:19:41","modified_gmt":"2019-04-30T14:19:41","slug":"juan-guaido-afirma-ter-apoio-de-militares-para-derrubar-nicolas-maduro","status":"publish","type":"post","link":"https:\/\/aconteceunovale.com.br\/portal\/?p=148060","title":{"rendered":"Juan Guaid\u00f3 afirma ter apoio de militares para derrubar Nicol\u00e1s Maduro"},"content":{"rendered":"<p>Em mensagem de v\u00eddeo acompanhado de v\u00e1rios militares dissidentes, o autoproclamado presidente interino da Venezuela, Juan Guaid\u00f3, afirmou nesta ter\u00e7a-feira (30) que militares deram &#8220;finalmente e de vez o passo&#8221; para acompanh\u00e1-lo e conseguir &#8220;o fim definitivo da usurpa\u00e7\u00e3o&#8221; do governo de Nicol\u00e1s Maduro. Enquanto isso, o governo chavista disse estar &#8220;enfrentando e desativando&#8221; um plano de golpe de &#8220;militares traidores&#8221;.<br \/>\n<center><br \/>\n<!-- Erro, o An\u00fancio n\u00e3o est\u00e1 dispon\u00edvel neste momento devido \u00e0s restri\u00e7\u00f5es de agendamento\/geolocaliza\u00e7\u00e3o! --><br \/>\n<\/br><br \/>\n<\/center><br \/>\n&#8220;Hoje, valentes soldados, valentes patriotas, valentes homens apegados \u00e0 Constitui\u00e7\u00e3o acudiram ao nosso chamado&#8221;, disse Guaid\u00f3 num v\u00eddeo de tr\u00eas minutos divulgado no Twitter, aparentemente gravado pouco antes do amanhecer na base militar La Carlota, no leste Caracas. &#8220;O momento \u00e9 agora. A cessa\u00e7\u00e3o definitiva da usurpa\u00e7\u00e3o come\u00e7ou hoje.&#8221;<\/p>\n<p>&#8220;S\u00e3o muitos os militares. A fam\u00edlia militar de uma vez [por todas] deu o passo. A todos aqueles que est\u00e3o nos ouvindo: \u00e9 o momento, o momento \u00e9 agora, n\u00e3o s\u00f3 de calma, mas de coragem e sanidade para que chegue a sanidade \u00e0 Venezuela. Deus os aben\u00e7oe, seguimos adiante. Vamos recuperar a democracia e a liberdade na Venezuela&#8221;, disse o l\u00edder da oposi\u00e7\u00e3o.<\/p>\n<p>&#8220;As For\u00e7as Armadas tomaram a decis\u00e3o correta e podem contar com o apoio do povo da Venezuela, o apoio da nossa Constitui\u00e7\u00e3o, a garantia de que est\u00e3o do lado certo da hist\u00f3ria. Hoje, como presidente da Venezuela, como leg\u00edtimo comandante em chefe das For\u00e7as Armadas, convoco todos os soldados, toda fam\u00edlia militar, a nos acompanhar nesta fa\u00e7anha como sempre fizemos, no marco da Constitui\u00e7\u00e3o, no marco da luta n\u00e3o violenta&#8221;, afirmou Guaid\u00f3.<\/p>\n<p>Na mensagem, Guaid\u00f3 convocou \u00e0s ruas todos os venezuelanos que se comprometeram nas \u00faltimas semanas a se manifestar para exigir a sa\u00edda de Maduro.<\/p>\n<p>&#8220;Povo da Venezuela, \u00e9 necess\u00e1rio que todos saiamos \u00e0s ruas, apoiemos a democracia e recuperemos nossa liberdade. Organizados e unidos, devemos nos deslocar \u00e0s principais instala\u00e7\u00f5es militares. Povo de Caracas, todo mundo para La Carlota&#8221;, convocou Guaid\u00f3.<\/p>\n<p><strong>VER PRIMEIRO<\/strong><\/p>\n<p>Receba as not\u00edcias do Aconteceu no Vale em primeira m\u00e3o. Clique em curtir no endere\u00e7o <a href=\"https:\/\/www.facebook.com\/aconteceunovale\" target=\"_blank\"><font color=\"red\">www.facebook.com\/aconteceunovale<\/font><\/a> ou no box abaixo:<\/p>\n<div class=\"fb-like\" data-href=\"https:\/\/www.facebook.com\/aconteceunovale\" data-width=\"120\" data-layout=\"standard\" data-action=\"like\" data-size=\"small\" data-show-faces=\"true\" data-share=\"true\"><\/div>\n<p><!-- Erro, o An\u00fancio n\u00e3o est\u00e1 dispon\u00edvel neste momento devido \u00e0s restri\u00e7\u00f5es de agendamento\/geolocaliza\u00e7\u00e3o! --><br \/>\n<\/br><\/p>\n<p><em>(Fonte: Deutsche Welle e Ag\u00eancia Brasil)<\/em><\/p>\n","protected":false},"excerpt":{"rendered":"<p>Em mensagem de v\u00eddeo acompanhado de v\u00e1rios militares dissidentes, o autoproclamado presidente interino da Venezuela, Juan Guaid\u00f3, afirmou nesta ter\u00e7a-feira (30) que militares deram &#8220;finalmente e de vez o passo&#8221; para acompanh\u00e1-lo e conseguir &#8220;o fim definitivo da usurpa\u00e7\u00e3o&#8221; do governo de Nicol\u00e1s Maduro. Enquanto isso, o governo chavista disse estar &#8220;enfrentando e desativando&#8221; um [&hellip;]<\/p>\n","protected":false},"author":1,"featured_media":148061,"comment_status":"open","ping_status":"closed","sticky":false,"template":"","format":"standard","meta":{"amp_status":"","footnotes":""},"categories":[28848],"tags":[201202,201198,201201,201200,201199,193237,201197,28596,193239,18922],"class_list":["post-148060","post","type-post","status-publish","format-standard","has-post-thumbnail","hentry","category-mundo","tag-apoio-militares","tag-clima-na-venezuela","tag-golpe-de-estado-na-venezuela","tag-golpe-na-venezuela","tag-guerra-na-venezuela","tag-juan-guaido","tag-juan-guaido-afirma-ter-apoio-de-militares-para-derrubar-nicolas-maduro","tag-nicolas-maduro","tag-tensao-na-venezuela","tag-venezuela"],"_links":{"self":[{"href":"https:\/\/aconteceunovale.com.br\/portal\/index.php?rest_route=\/wp\/v2\/posts\/148060","targetHints":{"allow":["GET"]}}],"collection":[{"href":"https:\/\/aconteceunovale.com.br\/portal\/index.php?rest_route=\/wp\/v2\/posts"}],"about":[{"href":"https:\/\/aconteceunovale.com.br\/portal\/index.php?rest_route=\/wp\/v2\/types\/post"}],"author":[{"embeddable":true,"href":"https:\/\/aconteceunovale.com.br\/portal\/index.php?rest_route=\/wp\/v2\/users\/1"}],"replies":[{"embeddable":true,"href":"https:\/\/aconteceunovale.com.br\/portal\/index.php?rest_route=%2Fwp%2Fv2%2Fcomments&post=148060"}],"version-history":[{"count":0,"href":"https:\/\/aconteceunovale.com.br\/portal\/index.php?rest_route=\/wp\/v2\/posts\/148060\/revisions"}],"wp:featuredmedia":[{"embeddable":true,"href":"https:\/\/aconteceunovale.com.br\/portal\/index.php?rest_route=\/wp\/v2\/media\/148061"}],"wp:attachment":[{"href":"https:\/\/aconteceunovale.com.br\/portal\/index.php?rest_route=%2Fwp%2Fv2%2Fmedia&parent=148060"}],"wp:term":[{"taxonomy":"category","embeddable":true,"href":"https:\/\/aconteceunovale.com.br\/portal\/index.php?rest_route=%2Fwp%2Fv2%2Fcategories&post=148060"},{"taxonomy":"post_tag","embeddable":true,"href":"https:\/\/aconteceunovale.com.br\/portal\/index.php?rest_route=%2Fwp%2Fv2%2Ftags&post=148060"}],"curies":[{"name":"wp","href":"https:\/\/api.w.org\/{rel}","templated":true}]}}