{"id":148058,"date":"2019-04-30T12:16:00","date_gmt":"2019-04-30T14:16:00","guid":{"rendered":"http:\/\/aconteceunovale.com.br\/portal\/?p=148058"},"modified":"2019-04-30T12:16:00","modified_gmt":"2019-04-30T14:16:00","slug":"taxa-de-desemprego-e-de-127-no-primeiro-trimestre-do-ano","status":"publish","type":"post","link":"https:\/\/aconteceunovale.com.br\/portal\/?p=148058","title":{"rendered":"Taxa de desemprego \u00e9 de 12,7% no primeiro trimestre do ano"},"content":{"rendered":"<p>A taxa de desemprego no pa\u00eds atingiu 12,7% no primeiro trimestre deste ano, o que representa 1,1 ponto percentual a mais na compara\u00e7\u00e3o com o \u00faltimo trimestre de 2018, quando ficou em 11,6%. No entanto, na compara\u00e7\u00e3o com o primeiro trimestre do ano passado, quando a taxa registrou 13,1%, houve queda de 0,4 ponto percentual.<br \/>\n<center><br \/>\n<!-- Erro, o An\u00fancio n\u00e3o est\u00e1 dispon\u00edvel neste momento devido \u00e0s restri\u00e7\u00f5es de agendamento\/geolocaliza\u00e7\u00e3o! --><br \/>\n<\/br><br \/>\n<\/center><br \/>\nOs dados mostram tamb\u00e9m que a popula\u00e7\u00e3o desocupada no pa\u00eds cresceu 10,2% entre o \u00faltimo trimestre do ano passado e o primeiro trimestre deste ano e chegou a 13,4 milh\u00f5es, acr\u00e9scimo que representa 1,2 milh\u00e3o de pessoas. Os n\u00fameros s\u00e3o da Pesquisa Nacional por Amostra de Domic\u00edlios \u2013 Cont\u00ednua (Pnad-C), divulgada hoje (30) pelo Instituto Brasileiro de Geografia e Estat\u00edstica (IBGE). Na compara\u00e7\u00e3o com o primeiro trimestre do ano passado, no entanto, quando a popula\u00e7\u00e3o desocupada era de 13,6 milh\u00f5es, n\u00e3o houve varia\u00e7\u00e3o estatisticamente significativa, segundo o IBGE.<\/p>\n<p>A popula\u00e7\u00e3o ocupada ficou em 91,9 milh\u00f5es de pessoas no primeiro trimestre deste ano, uma queda de 0,9% (menos 873 mil pessoas) em rela\u00e7\u00e3o ao \u00faltimo trimestre de 2018. Na compara\u00e7\u00e3o com o primeiro trimestre do ano passado, no entanto, houve uma alta de 1,8% (mais 1,6 milh\u00e3o de pessoas).<\/p>\n<p>Segundo o pesquisador do IBGE, Cimar Azeredo, a queda da popula\u00e7\u00e3o ocupada era esperada, mas n\u00e3o na propor\u00e7\u00e3o em que ocorreu. &#8220;A expectativa \u00e9 que n\u00e3o fosse uma redu\u00e7\u00e3o t\u00e3o grande quanto foi porque j\u00e1 estamos num processo de melhora do mercado de trabalho a partir de 2018. Era uma queda esperada, mas acabou vindo num n\u00famero mais elevado&#8221;, disse.<\/p>\n<p>O n\u00famero de empregados com carteira assinada foi de 32,9 milh\u00f5es de pessoas, ficando est\u00e1vel em ambas as compara\u00e7\u00f5es. J\u00e1 o n\u00famero de empregados sem carteira assinada (11,1 milh\u00f5es) caiu 3,2% em rela\u00e7\u00e3o ao trimestre anterior (menos 365 mil pessoas), mas subiu 4,4%, (mais 466 mil pessoas) em rela\u00e7\u00e3o ao primeiro trimestre de 2018.<\/p>\n<p><strong>VER PRIMEIRO<\/strong><\/p>\n<p>Receba as not\u00edcias do Aconteceu no Vale em primeira m\u00e3o. Clique em curtir no endere\u00e7o <a href=\"https:\/\/www.facebook.com\/aconteceunovale\" target=\"_blank\"><font color=\"red\">www.facebook.com\/aconteceunovale<\/font><\/a> ou no box abaixo:<\/p>\n<div class=\"fb-like\" data-href=\"https:\/\/www.facebook.com\/aconteceunovale\" data-width=\"120\" data-layout=\"standard\" data-action=\"like\" data-size=\"small\" data-show-faces=\"true\" data-share=\"true\"><\/div>\n<p><!-- Erro, o An\u00fancio n\u00e3o est\u00e1 dispon\u00edvel neste momento devido \u00e0s restri\u00e7\u00f5es de agendamento\/geolocaliza\u00e7\u00e3o! --><br \/>\n<\/br><\/p>\n<p><em>(Fonte: Ag\u00eancia Brasil)<\/em><\/p>\n","protected":false},"excerpt":{"rendered":"<p>A taxa de desemprego no pa\u00eds atingiu 12,7% no primeiro trimestre deste ano, o que representa 1,1 ponto percentual a mais na compara\u00e7\u00e3o com o \u00faltimo trimestre de 2018, quando ficou em 11,6%. No entanto, na compara\u00e7\u00e3o com o primeiro trimestre do ano passado, quando a taxa registrou 13,1%, houve queda de 0,4 ponto percentual. [&hellip;]<\/p>\n","protected":false},"author":1,"featured_media":93160,"comment_status":"open","ping_status":"closed","sticky":false,"template":"","format":"standard","meta":{"amp_status":"","footnotes":""},"categories":[6],"tags":[1062,107723,201196,71997],"class_list":["post-148058","post","type-post","status-publish","format-standard","has-post-thumbnail","hentry","category-br","tag-ibge","tag-taxa-de-desemprego","tag-taxa-de-desemprego-e-de-12-no-primeiro-trimestre-do-ano","tag-taxa-de-desemprego-no-brasil"],"_links":{"self":[{"href":"https:\/\/aconteceunovale.com.br\/portal\/index.php?rest_route=\/wp\/v2\/posts\/148058","targetHints":{"allow":["GET"]}}],"collection":[{"href":"https:\/\/aconteceunovale.com.br\/portal\/index.php?rest_route=\/wp\/v2\/posts"}],"about":[{"href":"https:\/\/aconteceunovale.com.br\/portal\/index.php?rest_route=\/wp\/v2\/types\/post"}],"author":[{"embeddable":true,"href":"https:\/\/aconteceunovale.com.br\/portal\/index.php?rest_route=\/wp\/v2\/users\/1"}],"replies":[{"embeddable":true,"href":"https:\/\/aconteceunovale.com.br\/portal\/index.php?rest_route=%2Fwp%2Fv2%2Fcomments&post=148058"}],"version-history":[{"count":0,"href":"https:\/\/aconteceunovale.com.br\/portal\/index.php?rest_route=\/wp\/v2\/posts\/148058\/revisions"}],"wp:featuredmedia":[{"embeddable":true,"href":"https:\/\/aconteceunovale.com.br\/portal\/index.php?rest_route=\/wp\/v2\/media\/93160"}],"wp:attachment":[{"href":"https:\/\/aconteceunovale.com.br\/portal\/index.php?rest_route=%2Fwp%2Fv2%2Fmedia&parent=148058"}],"wp:term":[{"taxonomy":"category","embeddable":true,"href":"https:\/\/aconteceunovale.com.br\/portal\/index.php?rest_route=%2Fwp%2Fv2%2Fcategories&post=148058"},{"taxonomy":"post_tag","embeddable":true,"href":"https:\/\/aconteceunovale.com.br\/portal\/index.php?rest_route=%2Fwp%2Fv2%2Ftags&post=148058"}],"curies":[{"name":"wp","href":"https:\/\/api.w.org\/{rel}","templated":true}]}}