{"id":148036,"date":"2019-04-30T10:43:59","date_gmt":"2019-04-30T12:43:59","guid":{"rendered":"http:\/\/aconteceunovale.com.br\/portal\/?p=148036"},"modified":"2019-04-30T10:46:18","modified_gmt":"2019-04-30T12:46:18","slug":"homem-morre-em-acidente-com-carreta-na-br-367-em-aracuai","status":"publish","type":"post","link":"https:\/\/aconteceunovale.com.br\/portal\/?p=148036","title":{"rendered":"Homem morre em acidente com carreta na BR-367, em Ara\u00e7ua\u00ed"},"content":{"rendered":"<p>Uma carreta bi-trem carregada com toras de eucaliptos tombou no in\u00edcio da tarde dessa segunda-feira (29\/04\/2019) e deixou uma pessoa morta na altura do km 281 da BR-367, munic\u00edpio de Ara\u00e7ua\u00ed, no Vale do Jequitinhonha. Com o tombamento, a carga ficou espalhada na pista e o tr\u00e2nsito fechado, totalmente ou parcialmente, por aproximadamente 11 horas.<br \/>\n<center><br \/>\n<!-- Erro, o An\u00fancio n\u00e3o est\u00e1 dispon\u00edvel neste momento devido \u00e0s restri\u00e7\u00f5es de agendamento\/geolocaliza\u00e7\u00e3o! --><br \/>\n<\/br><br \/>\n<\/center><br \/>\nUma equipe do Servi\u00e7o de Atendimento M\u00f3vel de Urg\u00eancia (SAMU) esteve no local e socorreu com vida o passageiro do caminh\u00e3o Vilson Ot\u00e1vio Rihs, de 37 anos, natural de Te\u00f3filo Otoni (MG), mas este acabou morrendo no Hospital S\u00e3o Vicente de Paula, em Ara\u00e7ua\u00ed.<\/p>\n<p>O caminhoneiro, de 41 anos, contou \u00e0 Pol\u00edcia que estava trafegando sentido Ara\u00e7ua\u00ed\/Itinga, quando o segundo reboque se soltou do primeiro, deixando o ve\u00edculo desgovernado. A carreta bateu em um barranco e tombou alguns metros \u00e0 frente. <\/p>\n<p>O motorista da carreta nada sofreu. O corpo de Vilson foi encaminhado ao Instituto M\u00e9dico Legal (IML) de Te\u00f3filo Otoni.<\/p>\n<p>No in\u00edcio da madrugada desta ter\u00e7a-feira (30\/04), o tr\u00e2nsito foi totalmente liberado no local. As causas do acidente ser\u00e3o investigadas.<\/p>\n<p><img decoding=\"async\" src=\"http:\/\/aconteceunovale.com.br\/portal\/wp-content\/uploads\/2019\/04\/acidente_carreta_eucalipto_1.jpg\" alt=\"\" \/><em>Foto: Reprodu\u00e7\u00e3o\/WhatsApp<\/em><br \/>\n<\/br><\/p>\n<p><img decoding=\"async\" src=\"http:\/\/aconteceunovale.com.br\/portal\/wp-content\/uploads\/2019\/04\/acidente_carreta_eucalipto_2.jpg\" alt=\"\" \/><em>Foto: Reprodu\u00e7\u00e3o\/WhatsApp<\/em><br \/>\n<\/br><\/p>\n<p><img decoding=\"async\" src=\"http:\/\/aconteceunovale.com.br\/portal\/wp-content\/uploads\/2019\/04\/acidente_carreta_eucalipto_4.jpg\" alt=\"\" \/><em>Foto: Reprodu\u00e7\u00e3o\/WhatsApp<\/em><br \/>\n<\/br><\/p>\n<p><img decoding=\"async\" src=\"http:\/\/aconteceunovale.com.br\/portal\/wp-content\/uploads\/2019\/04\/acidente_carreta_eucalipto_3.jpg\" alt=\"\" \/><em>Foto: Reprodu\u00e7\u00e3o\/WhatsApp<\/em><br \/>\n<\/br><\/p>\n<p><em>Leandro Silva | Aconteceu no Vale<br \/>\nPublicado em: 30\/04\/2019, \u00e0s 09h43<\/em><\/p>\n<p><strong>VER PRIMEIRO<\/strong><\/p>\n<p>Receba as not\u00edcias do Aconteceu no Vale em primeira m\u00e3o. Clique em curtir no endere\u00e7o <a href=\"https:\/\/www.facebook.com\/aconteceunovale\" target=\"_blank\"><font color=\"red\">www.facebook.com\/aconteceunovale<\/font><\/a> ou no box abaixo:<\/p>\n<div class=\"fb-like\" data-href=\"https:\/\/www.facebook.com\/aconteceunovale\" data-width=\"120\" data-layout=\"standard\" data-action=\"like\" data-size=\"small\" data-show-faces=\"true\" data-share=\"true\"><\/div>\n<p><!-- Erro, o An\u00fancio n\u00e3o est\u00e1 dispon\u00edvel neste momento devido \u00e0s restri\u00e7\u00f5es de agendamento\/geolocaliza\u00e7\u00e3o! --><br \/>\n<\/br><\/p>\n","protected":false},"excerpt":{"rendered":"<p>Uma carreta bi-trem carregada com toras de eucaliptos tombou no in\u00edcio da tarde dessa segunda-feira (29\/04\/2019) e deixou uma pessoa morta na altura do km 281 da BR-367, munic\u00edpio de Ara\u00e7ua\u00ed, no Vale do Jequitinhonha. Com o tombamento, a carga ficou espalhada na pista e o tr\u00e2nsito fechado, totalmente ou parcialmente, por aproximadamente 11 horas. [&hellip;]<\/p>\n","protected":false},"author":1,"featured_media":148038,"comment_status":"open","ping_status":"closed","sticky":false,"template":"","format":"standard","meta":{"amp_status":"","footnotes":""},"categories":[122],"tags":[201179,201178,163468,201181,201180,21459,32201,186,2016,145173,145171,201176,201177,164,201182],"class_list":["post-148036","post","type-post","status-publish","format-standard","has-post-thumbnail","hentry","category-mucuri","tag-acidente-com-carga-de-eucalipto-em-aracuai","tag-acidente-com-carreta-de-eucalipto-em-aracuai","tag-acidente-com-carreta-em-aracuai","tag-acidente-com-carreta-na-br-367-em-aracuai","tag-acidente-com-morador-de-teofilo-otoni-em-aracuai","tag-acidente-em-aracuai","tag-acidente-na-br-367-em-aracuai","tag-aracuai","tag-br-367","tag-br-367-em-aracuai","tag-em-aracuai","tag-homem-morre-em-acidente-com-carreta-na-br-367","tag-homem-morre-em-acidente-com-carreta-na-br-367-em-aracuai","tag-teofilo-otoni","tag-vilson-otavio-rihs"],"_links":{"self":[{"href":"https:\/\/aconteceunovale.com.br\/portal\/index.php?rest_route=\/wp\/v2\/posts\/148036","targetHints":{"allow":["GET"]}}],"collection":[{"href":"https:\/\/aconteceunovale.com.br\/portal\/index.php?rest_route=\/wp\/v2\/posts"}],"about":[{"href":"https:\/\/aconteceunovale.com.br\/portal\/index.php?rest_route=\/wp\/v2\/types\/post"}],"author":[{"embeddable":true,"href":"https:\/\/aconteceunovale.com.br\/portal\/index.php?rest_route=\/wp\/v2\/users\/1"}],"replies":[{"embeddable":true,"href":"https:\/\/aconteceunovale.com.br\/portal\/index.php?rest_route=%2Fwp%2Fv2%2Fcomments&post=148036"}],"version-history":[{"count":0,"href":"https:\/\/aconteceunovale.com.br\/portal\/index.php?rest_route=\/wp\/v2\/posts\/148036\/revisions"}],"wp:featuredmedia":[{"embeddable":true,"href":"https:\/\/aconteceunovale.com.br\/portal\/index.php?rest_route=\/wp\/v2\/media\/148038"}],"wp:attachment":[{"href":"https:\/\/aconteceunovale.com.br\/portal\/index.php?rest_route=%2Fwp%2Fv2%2Fmedia&parent=148036"}],"wp:term":[{"taxonomy":"category","embeddable":true,"href":"https:\/\/aconteceunovale.com.br\/portal\/index.php?rest_route=%2Fwp%2Fv2%2Fcategories&post=148036"},{"taxonomy":"post_tag","embeddable":true,"href":"https:\/\/aconteceunovale.com.br\/portal\/index.php?rest_route=%2Fwp%2Fv2%2Ftags&post=148036"}],"curies":[{"name":"wp","href":"https:\/\/api.w.org\/{rel}","templated":true}]}}