{"id":148033,"date":"2019-04-30T10:12:48","date_gmt":"2019-04-30T12:12:48","guid":{"rendered":"http:\/\/aconteceunovale.com.br\/portal\/?p=148033"},"modified":"2019-04-30T10:12:48","modified_gmt":"2019-04-30T12:12:48","slug":"vale-elege-diretor-presidente","status":"publish","type":"post","link":"https:\/\/aconteceunovale.com.br\/portal\/?p=148033","title":{"rendered":"Vale elege diretor-presidente"},"content":{"rendered":"<p>A mineradora Vale elegeu Eduardo Bartolomeo como diretor-presidente da empresa. Bartolomeo foi eleito pelo Conselho de Administra\u00e7\u00e3o, em reuni\u00e3o ontem (29) a partir de uma lista preparada pela empresa internacional de sele\u00e7\u00e3o de executivos, Spencer Stuart, em conformidade com a governan\u00e7a da companhia.<br \/>\n<center><br \/>\n<!-- Erro, o An\u00fancio n\u00e3o est\u00e1 dispon\u00edvel neste momento devido \u00e0s restri\u00e7\u00f5es de agendamento\/geolocaliza\u00e7\u00e3o! --><br \/>\n<\/br><br \/>\n<\/center><br \/>\n\u201cAssumo o compromisso de liderar a Vale no momento mais desafiador da sua hist\u00f3ria. Vamos trabalhar incansavelmente para garantir a seguran\u00e7a das pessoas e das opera\u00e7\u00f5es da empresa. Jamais esqueceremos Brumadinho e n\u00e3o mediremos esfor\u00e7os para atenuar o sofrimento e reparar as perdas das comunidades impactadas\u201d, disse Bartolomeo.<\/p>\n<p>O novo diretor-presidente da mineradora \u00e9 um executivo s\u00eanior com experi\u00eancia de 10 anos na Vale, tendo exercido a posi\u00e7\u00e3o de diretor executivo de Log\u00edstica, Opera\u00e7\u00f5es Integradas de Bulk Commodities e como diretor executivo de Metais B\u00e1sicos no Canad\u00e1. Foi tamb\u00e9m membro do Conselho de Administra\u00e7\u00e3o e do Comit\u00ea Financeiro da Vale entre 2016 e 2017.<\/p>\n<p>Bartolomeu trabalhou na Ambev entre 1994 e 2003, tendo exercido fun\u00e7\u00f5es executivas, sendo a \u00faltima como diretor de Opera\u00e7\u00f5es. Possui tamb\u00e9m experi\u00eancia como diretor-presidente e conselheiro em outras empresas.<\/p>\n<p><img decoding=\"async\" src=\"http:\/\/aconteceunovale.com.br\/portal\/wp-content\/uploads\/2019\/04\/novo_presidente_vale.jpg\" alt=\"\" \/><em>Eduardo Bartolomeo &#8211; Foto: Divulga\u00e7\u00e3o\/Vale<\/em><br \/>\n<\/br><\/p>\n<p><strong>VER PRIMEIRO<\/strong><\/p>\n<p>Receba as not\u00edcias do Aconteceu no Vale em primeira m\u00e3o. Clique em curtir no endere\u00e7o <a href=\"https:\/\/www.facebook.com\/aconteceunovale\" target=\"_blank\"><font color=\"red\">www.facebook.com\/aconteceunovale<\/font><\/a> ou no box abaixo:<\/p>\n<div class=\"fb-like\" data-href=\"https:\/\/www.facebook.com\/aconteceunovale\" data-width=\"120\" data-layout=\"standard\" data-action=\"like\" data-size=\"small\" data-show-faces=\"true\" data-share=\"true\"><\/div>\n<p><!-- Erro, o An\u00fancio n\u00e3o est\u00e1 dispon\u00edvel neste momento devido \u00e0s restri\u00e7\u00f5es de agendamento\/geolocaliza\u00e7\u00e3o! --><br \/>\n<\/br><\/p>\n<p><em>(Fonte: Ag\u00eancia Brasil)<\/em><\/p>\n","protected":false},"excerpt":{"rendered":"<p>A mineradora Vale elegeu Eduardo Bartolomeo como diretor-presidente da empresa. Bartolomeo foi eleito pelo Conselho de Administra\u00e7\u00e3o, em reuni\u00e3o ontem (29) a partir de uma lista preparada pela empresa internacional de sele\u00e7\u00e3o de executivos, Spencer Stuart, em conformidade com a governan\u00e7a da companhia. \u201cAssumo o compromisso de liderar a Vale no momento mais desafiador da [&hellip;]<\/p>\n","protected":false},"author":1,"featured_media":148034,"comment_status":"open","ping_status":"closed","sticky":false,"template":"","format":"standard","meta":{"amp_status":"","footnotes":""},"categories":[6,123],"tags":[131101,196315,201174,201173,196316,201175,2910,201172],"class_list":["post-148033","post","type-post","status-publish","format-standard","has-post-thumbnail","hentry","category-br","category-gerais","tag-diretor-presidente-da-vale","tag-eduardo-bartolomeo","tag-eleicao-de-novo-diretor-presidente","tag-novo-diretor-presidente","tag-novo-presidente-da-vale","tag-spencer-stuart","tag-vale","tag-vale-elege-diretor-presidente"],"_links":{"self":[{"href":"https:\/\/aconteceunovale.com.br\/portal\/index.php?rest_route=\/wp\/v2\/posts\/148033","targetHints":{"allow":["GET"]}}],"collection":[{"href":"https:\/\/aconteceunovale.com.br\/portal\/index.php?rest_route=\/wp\/v2\/posts"}],"about":[{"href":"https:\/\/aconteceunovale.com.br\/portal\/index.php?rest_route=\/wp\/v2\/types\/post"}],"author":[{"embeddable":true,"href":"https:\/\/aconteceunovale.com.br\/portal\/index.php?rest_route=\/wp\/v2\/users\/1"}],"replies":[{"embeddable":true,"href":"https:\/\/aconteceunovale.com.br\/portal\/index.php?rest_route=%2Fwp%2Fv2%2Fcomments&post=148033"}],"version-history":[{"count":0,"href":"https:\/\/aconteceunovale.com.br\/portal\/index.php?rest_route=\/wp\/v2\/posts\/148033\/revisions"}],"wp:featuredmedia":[{"embeddable":true,"href":"https:\/\/aconteceunovale.com.br\/portal\/index.php?rest_route=\/wp\/v2\/media\/148034"}],"wp:attachment":[{"href":"https:\/\/aconteceunovale.com.br\/portal\/index.php?rest_route=%2Fwp%2Fv2%2Fmedia&parent=148033"}],"wp:term":[{"taxonomy":"category","embeddable":true,"href":"https:\/\/aconteceunovale.com.br\/portal\/index.php?rest_route=%2Fwp%2Fv2%2Fcategories&post=148033"},{"taxonomy":"post_tag","embeddable":true,"href":"https:\/\/aconteceunovale.com.br\/portal\/index.php?rest_route=%2Fwp%2Fv2%2Ftags&post=148033"}],"curies":[{"name":"wp","href":"https:\/\/api.w.org\/{rel}","templated":true}]}}