{"id":148026,"date":"2019-04-29T22:34:35","date_gmt":"2019-04-30T00:34:35","guid":{"rendered":"http:\/\/aconteceunovale.com.br\/portal\/?p=148026"},"modified":"2019-04-29T22:34:35","modified_gmt":"2019-04-30T00:34:35","slug":"michel-temer-vira-reu-em-denuncia-sobre-decreto-dos-portos","status":"publish","type":"post","link":"https:\/\/aconteceunovale.com.br\/portal\/?p=148026","title":{"rendered":"Michel Temer vira r\u00e9u em den\u00fancia sobre Decreto dos Portos"},"content":{"rendered":"<p>A Justi\u00e7a Federal em Bras\u00edlia aceitou hoje (29) den\u00fancia apresentada em dezembro do ano passado contra o ent\u00e3o presidente Michel Temer e mais cinco investigados pelos crimes de corrup\u00e7\u00e3o ativa, passiva e lavagem de dinheiro.<br \/>\n<center><br \/>\n<!-- Erro, o An\u00fancio n\u00e3o est\u00e1 dispon\u00edvel neste momento devido \u00e0s restri\u00e7\u00f5es de agendamento\/geolocaliza\u00e7\u00e3o! --><br \/>\n<\/br><br \/>\n<\/center><br \/>\nA den\u00fancia foi feita no inqu\u00e9rito que investiga o suposto favorecimento da empresa Rodrimar S\/A na edi\u00e7\u00e3o do chamado Decreto dos Portos (Decreto 9.048\/2017), assinado em maio de 2017 por Temer.<\/p>\n<p>Tamb\u00e9m foram denunciados e se tornaram r\u00e9us dois empres\u00e1rios ligados a Rodrimar, o ex-deputado federal Rodrigo Rocha Loures o ex-coronel da PM e amigo de Temer, Jo\u00e3o Batista Lima.  <\/p>\n<p>O caso come\u00e7ou no Supremo Tribunal Federal (STF), mas foi enviado \u00e0 primeira inst\u00e2ncia ap\u00f3s Temer deixar o cargo e perder foro privilegiado na Corte.<\/p>\n<p>Ap\u00f3s a apresenta\u00e7\u00e3o da den\u00fancia, a defesa do ex-presidente informou que Temer provar\u00e1 sua inoc\u00eancia.<\/p>\n<p>A Rodrimar informou que os denunciados ligados \u00e0 empresa est\u00e3o afastados e que a companhia pauta sua gest\u00e3o com base nos padr\u00f5es de governan\u00e7a corporativa.<\/p>\n<p><strong>VER PRIMEIRO<\/strong><\/p>\n<p>Receba as not\u00edcias do Aconteceu no Vale em primeira m\u00e3o. Clique em curtir no endere\u00e7o <a href=\"https:\/\/www.facebook.com\/aconteceunovale\" target=\"_blank\"><font color=\"red\">www.facebook.com\/aconteceunovale<\/font><\/a> ou no box abaixo:<\/p>\n<div class=\"fb-like\" data-href=\"https:\/\/www.facebook.com\/aconteceunovale\" data-width=\"120\" data-layout=\"standard\" data-action=\"like\" data-size=\"small\" data-show-faces=\"true\" data-share=\"true\"><\/div>\n<p><!-- Erro, o An\u00fancio n\u00e3o est\u00e1 dispon\u00edvel neste momento devido \u00e0s restri\u00e7\u00f5es de agendamento\/geolocaliza\u00e7\u00e3o! --><br \/>\n<\/br><\/p>\n<p><em>(Fonte: Ag\u00eancia Brasil)<\/em><\/p>\n","protected":false},"excerpt":{"rendered":"<p>A Justi\u00e7a Federal em Bras\u00edlia aceitou hoje (29) den\u00fancia apresentada em dezembro do ano passado contra o ent\u00e3o presidente Michel Temer e mais cinco investigados pelos crimes de corrup\u00e7\u00e3o ativa, passiva e lavagem de dinheiro. A den\u00fancia foi feita no inqu\u00e9rito que investiga o suposto favorecimento da empresa Rodrimar S\/A na edi\u00e7\u00e3o do chamado Decreto [&hellip;]<\/p>\n","protected":false},"author":1,"featured_media":146648,"comment_status":"open","ping_status":"closed","sticky":false,"template":"","format":"standard","meta":{"amp_status":"","footnotes":""},"categories":[6,40240],"tags":[170227,159869,201164,20181,201163],"class_list":["post-148026","post","type-post","status-publish","format-standard","has-post-thumbnail","hentry","category-br","category-politica-2","tag-decreto-dos-portos","tag-denuncia-michel-temer","tag-denuncia-sobre-decreto-dos-portos","tag-michel-temer","tag-michel-temer-vira-reu-em-denuncia-sobre-decreto-dos-portos"],"_links":{"self":[{"href":"https:\/\/aconteceunovale.com.br\/portal\/index.php?rest_route=\/wp\/v2\/posts\/148026","targetHints":{"allow":["GET"]}}],"collection":[{"href":"https:\/\/aconteceunovale.com.br\/portal\/index.php?rest_route=\/wp\/v2\/posts"}],"about":[{"href":"https:\/\/aconteceunovale.com.br\/portal\/index.php?rest_route=\/wp\/v2\/types\/post"}],"author":[{"embeddable":true,"href":"https:\/\/aconteceunovale.com.br\/portal\/index.php?rest_route=\/wp\/v2\/users\/1"}],"replies":[{"embeddable":true,"href":"https:\/\/aconteceunovale.com.br\/portal\/index.php?rest_route=%2Fwp%2Fv2%2Fcomments&post=148026"}],"version-history":[{"count":0,"href":"https:\/\/aconteceunovale.com.br\/portal\/index.php?rest_route=\/wp\/v2\/posts\/148026\/revisions"}],"wp:featuredmedia":[{"embeddable":true,"href":"https:\/\/aconteceunovale.com.br\/portal\/index.php?rest_route=\/wp\/v2\/media\/146648"}],"wp:attachment":[{"href":"https:\/\/aconteceunovale.com.br\/portal\/index.php?rest_route=%2Fwp%2Fv2%2Fmedia&parent=148026"}],"wp:term":[{"taxonomy":"category","embeddable":true,"href":"https:\/\/aconteceunovale.com.br\/portal\/index.php?rest_route=%2Fwp%2Fv2%2Fcategories&post=148026"},{"taxonomy":"post_tag","embeddable":true,"href":"https:\/\/aconteceunovale.com.br\/portal\/index.php?rest_route=%2Fwp%2Fv2%2Ftags&post=148026"}],"curies":[{"name":"wp","href":"https:\/\/api.w.org\/{rel}","templated":true}]}}